{"id":122167,"date":"2025-05-08T08:20:54","date_gmt":"2025-05-08T08:20:54","guid":{"rendered":"https:\/\/alj.com\/news\/jameel-motors-and-geely-auto-to-launch-new-energy-passenger-vehicles-in-poland\/"},"modified":"2025-08-07T04:56:23","modified_gmt":"2025-08-07T04:56:23","slug":"jameel-motors-and-geely-auto-to-launch-new-energy-passenger-vehicles-in-poland","status":"publish","type":"news","link":"https:\/\/alj.com\/es\/news\/jameel-motors-and-geely-auto-to-launch-new-energy-passenger-vehicles-in-poland\/","title":{"rendered":"Jameel Motors y Geely Auto lanzar\u00e1n veh\u00edculos de pasajeros de nueva energ\u00eda en Polonia"},"content":{"rendered":"<p>&nbsp;<\/p>\n<ul>\n<li>Jameel Motors y Geely Auto firman un acuerdo para distribuir veh\u00edculos de pasajeros de nueva energ\u00eda (NEV) en Polonia.<\/li>\n<li>Geely Auto es un fabricante de autom\u00f3viles l\u00edder en China y pionero en la conducci\u00f3n inteligente.<\/li>\n<li>Esto marca una nueva entrada en el mercado para Geely Auto y una expansi\u00f3n de la cartera de Jameel Motors en Europa para satisfacer la creciente demanda local de NEV.<\/li>\n<\/ul>\n<p><a href=\"https:\/\/protect.checkpoint.com\/v2\/___https:\/jameelmotors.com___.YzJ1OndlY29tbXVuaWNhdGlvbnM6YzpvOmNlOTcxNDhjNDRlOGYxNjJkMmYwNmE0ZWQzYzI4ZjJjOjY6NmY5Yjo0Yjc2MzQ4MzMxZjNhZWQ2NzczZDgxMWQ5ODU5MjQ1MmIxNzRkZWVkOGQ5MTBmZDY1NTFkNjMwMTE2M2RiNGJiOnA6RjpG\">Jameel Motors<\/a>, un proveedor l\u00edder de soluciones de movilidad socio de las principales marcas de automoci\u00f3n, y Geely Auto (Geely), un grupo de automoci\u00f3n conocido mundialmente con un compromiso inquebrantable con la innovaci\u00f3n, han firmado un acuerdo para distribuir veh\u00edculos de pasajeros de nueva energ\u00eda (NEV) en Polonia.<\/p>\n<p><iframe loading=\"lazy\" title=\"Jameel Motors Poland - Geely Auto (EN VO Subs)\" width=\"640\" height=\"360\" src=\"https:\/\/www.youtube.com\/embed\/a_l4L6iBGbQ?feature=oembed\" frameborder=\"0\" allow=\"accelerometer; autoplay; clipboard-write; encrypted-media; gyroscope; picture-in-picture; web-share\" referrerpolicy=\"strict-origin-when-cross-origin\" allowfullscreen><\/iframe><\/p>\n<p>Por primera vez, los clientes polacos tendr\u00e1n acceso a la gama avanzada de NEV de Geely. El mercado polaco de veh\u00edculos el\u00e9ctricos ha experimentado un s\u00f3lido crecimiento, con un aumento interanual del 41\u00a0% en veh\u00edculos el\u00e9ctricos con bater\u00eda (BEV) en febrero de 2025<a href=\"#_ftn1\" name=\"_ftnref1\">[1]<\/a>. Esto representa una importante oportunidad a largo plazo para que Jameel Motors satisfaga la demanda de los clientes y apoye la transici\u00f3n hacia una movilidad m\u00e1s sostenible.<\/p>\n<p><img decoding=\"async\" loading=\"lazy\" class=\"aligncenter size-full wp-image-121657\" src=\"https:\/\/media.alj.com\/app\/uploads\/2025\/05\/DSC06884-scaled.jpg\" alt=\"\" width=\"2560\" height=\"1706\" srcset=\"https:\/\/media.alj.com\/app\/uploads\/2025\/05\/DSC06884-scaled.jpg 2560w, https:\/\/media.alj.com\/app\/uploads\/2025\/05\/DSC06884-300x200.jpg 300w, https:\/\/media.alj.com\/app\/uploads\/2025\/05\/DSC06884-1024x683.jpg 1024w, https:\/\/media.alj.com\/app\/uploads\/2025\/05\/DSC06884-150x100.jpg 150w, https:\/\/media.alj.com\/app\/uploads\/2025\/05\/DSC06884-768x512.jpg 768w, https:\/\/media.alj.com\/app\/uploads\/2025\/05\/DSC06884-1536x1024.jpg 1536w, https:\/\/media.alj.com\/app\/uploads\/2025\/05\/DSC06884-2048x1365.jpg 2048w\" sizes=\"(max-width: 2560px) 100vw, 2560px\" \/><\/p>\n<p>&nbsp;<\/p>\n<p>Inicialmente, Jameel Motors se centrar\u00e1 en la distribuci\u00f3n de dos modelos: el Geely <a href=\"https:\/\/www.geely.com\/en\/models\/ex5\">EX5<\/a>, un SUV el\u00e9ctrico de \u00faltima generaci\u00f3n, y un veh\u00edculo h\u00edbrido enchufable (PHEV) del segmento C-SUV. Los veh\u00edculos Geely son famosos por su sofisticada arquitectura modular, por la plataforma GEA (Global Intelligent Electric Architecture) de desarrollo propio de Geely, por su dise\u00f1o de primera clase y por sus valiosas caracter\u00edsticas de seguridad. Los primeros veh\u00edculos se pondr\u00e1n a la venta en el tercer trimestre de 2025.<\/p>\n<p><a href=\"https:\/\/protect.checkpoint.com\/v2\/___https:\/alj.com\/en\/our-people\/jasmmine-wong\/___.YzJ1OndlY29tbXVuaWNhdGlvbnM6YzpvOmNlOTcxNDhjNDRlOGYxNjJkMmYwNmE0ZWQzYzI4ZjJjOjY6NWIwYTo5MTllYzQ2YjVmZjBlZjk5YTliMTI2MzE3Mjg0ZjgyNjVjMTkzMTIxZGYyMDk2OWQwYmM0ZTVjNmRjZDg1MTc0OnA6RjpG\">Jasmmine Wong<\/a>, CEO de Jameel Motors, declar\u00f3:<\/p>\n<blockquote><p>\u201cAl ampliar nuestra cartera de veh\u00edculos de nueva energ\u00eda le damos a los conductores polacos a\u00fan m\u00e1s libertad y flexibilidad en la movilidad personal, a la vez que apoyamos activamente la transici\u00f3n del pa\u00eds hacia una movilidad m\u00e1s ecol\u00f3gica. Estamos orgullosos de colaborar con una empresa tan innovadora como Geely Auto, que es un referente en tecnolog\u00eda y automoci\u00f3n sostenible\u201d.<\/p><\/blockquote>\n<p><img decoding=\"async\" loading=\"lazy\" class=\"aligncenter size-full wp-image-121685\" src=\"https:\/\/media.alj.com\/app\/uploads\/2025\/05\/Geely_EX5_6-scaled.jpg\" alt=\"\" width=\"2560\" height=\"1330\" srcset=\"https:\/\/media.alj.com\/app\/uploads\/2025\/05\/Geely_EX5_6-scaled.jpg 2560w, https:\/\/media.alj.com\/app\/uploads\/2025\/05\/Geely_EX5_6-300x156.jpg 300w, https:\/\/media.alj.com\/app\/uploads\/2025\/05\/Geely_EX5_6-1024x532.jpg 1024w, https:\/\/media.alj.com\/app\/uploads\/2025\/05\/Geely_EX5_6-150x78.jpg 150w, https:\/\/media.alj.com\/app\/uploads\/2025\/05\/Geely_EX5_6-768x399.jpg 768w, https:\/\/media.alj.com\/app\/uploads\/2025\/05\/Geely_EX5_6-1536x798.jpg 1536w, https:\/\/media.alj.com\/app\/uploads\/2025\/05\/Geely_EX5_6-2048x1064.jpg 2048w\" sizes=\"(max-width: 2560px) 100vw, 2560px\" \/><\/p>\n<p>Moe Wong, vicepresidente de Geely Auto International Corporation y director general de Geely Auto Pan-Europe, comparti\u00f3 su visi\u00f3n para el futuro de la colaboraci\u00f3n entre Geely Auto y Jameel Motors:<\/p>\n<blockquote><p>\u201cCreemos firmemente que esta asociaci\u00f3n no solo es una iniciativa empresarial beneficiosa para todos, ya que crea valor para nuestros clientes, equipos y accionistas, sino tambi\u00e9n un avance significativo para la industria de la automoci\u00f3n de Polonia, dado que introduciremos en el mercado veh\u00edculos de alta calidad, inteligentes y sostenibles\u201d.<\/p><\/blockquote>\n<p>Marcin S\u212eomkowski, director general de Jameel Motors Polonia, declar\u00f3:<\/p>\n<blockquote><p>\u201cLos veh\u00edculos de Giely Auto son ideales para los conductores polacos, ya que combinan caracter\u00edsticas avanzadas, pero f\u00e1ciles de usar, con un estilo excepcional y una gran calidad. Son veh\u00edculos dise\u00f1ados para las expectativas de los consumidores polacos modernos, donde la tecnolog\u00eda inteligente, la comodidad y la seguridad no son opcionales, sino fundamentales. El EX5 destaca por su arquitectura el\u00e9ctrica de \u00faltima generaci\u00f3n, sus sistemas de seguridad avanzados y una cabina espaciosa y c\u00f3moda adaptada a diversas condiciones de conducci\u00f3n, desde desplazamientos urbanos hasta viajes familiares m\u00e1s largos. Es un coche dise\u00f1ado teniendo en cuenta las necesidades reales del usuario, que ofrece una movilidad excepcional a un precio accesible\u201d.<\/p><\/blockquote>\n<p>Geely es un fabricante de autom\u00f3viles chino l\u00edder y pionero en la conducci\u00f3n inteligente, con presencia en m\u00e1s de 80\u00a0pa\u00edses y unas ventas de casi 2,17\u00a0millones de veh\u00edculos en 2024. Sus operaciones priorizan la innovaci\u00f3n, impulsada por m\u00e1s de 30\u00a0000\u00a0ingenieros que trabajan en centros de I+D en China, Suecia y Reino Unido. Recientemente lanz\u00f3 el primer sistema tecnol\u00f3gico de \u201cIA inteligente para veh\u00edculos\u201d. Adem\u00e1s, Geely se ha posicionado constantemente como una de las empresas con mejores resultados ESG dentro de su sector, ha alcanzado una calificaci\u00f3n AA en la clasificaci\u00f3n MSCI ESG y forma parte del Hang Seng Corporate Sustainability Index.<\/p>\n<p><img decoding=\"async\" loading=\"lazy\" class=\"aligncenter size-full wp-image-121671\" src=\"https:\/\/media.alj.com\/app\/uploads\/2025\/05\/Geely_EX5_1.png\" alt=\"\" width=\"11000\" height=\"6500\" srcset=\"https:\/\/media.alj.com\/app\/uploads\/2025\/05\/Geely_EX5_1.png 11000w, https:\/\/media.alj.com\/app\/uploads\/2025\/05\/Geely_EX5_1-300x177.png 300w, https:\/\/media.alj.com\/app\/uploads\/2025\/05\/Geely_EX5_1-1024x605.png 1024w, https:\/\/media.alj.com\/app\/uploads\/2025\/05\/Geely_EX5_1-150x89.png 150w, https:\/\/media.alj.com\/app\/uploads\/2025\/05\/Geely_EX5_1-768x454.png 768w, https:\/\/media.alj.com\/app\/uploads\/2025\/05\/Geely_EX5_1-1536x908.png 1536w, https:\/\/media.alj.com\/app\/uploads\/2025\/05\/Geely_EX5_1-2048x1210.png 2048w\" sizes=\"(max-width: 11000px) 100vw, 11000px\" \/><\/p>\n<p>Jameel Motors cuenta con 70\u00a0a\u00f1os de excelencia en automoci\u00f3n. Representa algunas de las marcas de veh\u00edculos comerciales y de pasajeros m\u00e1s reconocidas del mundo y opera en m\u00e1s de 10\u00a0pa\u00edses de Oriente Medio, \u00c1frica, Europa, Asia y Australia.<\/p>\n<p><a href=\"#_ftnref1\" name=\"_ftn1\">[1]<\/a> E-Mobility Index PZPM, February 2025: <a href=\"https:\/\/www.pzpm.org.pl\/en\/Electromobility\/E-Mobility-Index\/Year-2025\/E-Mobility-Index-February-2025\">https:\/\/www.pzpm.org.pl\/en\/Electromobility\/E-Mobility-Index\/Year-2025\/E-Mobility-Index-February-2025<\/a><\/p>\n","protected":false},"featured_media":121669,"template":"","tags":[],"newscategory":[149],"acf":[],"yoast_head":"<!-- This site is optimized with the Yoast SEO plugin v21.5 - https:\/\/yoast.com\/wordpress\/plugins\/seo\/ -->\n<title>Lanzamiento de NEV en Polonia por parte de Jameel Motors y Geely Auto | Abdul Latif Jameel\u00ae<\/title>\n<meta name=\"description\" content=\"Jameel Motors y Geely Auto se asocian para lanzar veh\u00edculos de NE en Polonia, ampliando el acceso a los VE en su transici\u00f3n hacia la movilidad verde.\" \/>\n<meta name=\"robots\" content=\"index, follow, max-snippet:-1, max-image-preview:large, max-video-preview:-1\" \/>\n<link rel=\"canonical\" href=\"https:\/\/alj.com\/es\/news\/jameel-motors-and-geely-auto-to-launch-new-energy-passenger-vehicles-in-poland\/\" \/>\n<meta property=\"og:locale\" content=\"es_ES\" \/>\n<meta property=\"og:type\" content=\"article\" \/>\n<meta property=\"og:title\" content=\"Lanzamiento de NEV en Polonia por parte de Jameel Motors y Geely Auto | Abdul Latif Jameel\u00ae\" \/>\n<meta property=\"og:description\" content=\"Jameel Motors y Geely Auto se asocian para lanzar veh\u00edculos de NE en Polonia, ampliando el acceso a los VE en su transici\u00f3n hacia la movilidad verde.\" \/>\n<meta property=\"og:url\" content=\"https:\/\/alj.com\/es\/news\/jameel-motors-and-geely-auto-to-launch-new-energy-passenger-vehicles-in-poland\/\" \/>\n<meta property=\"og:site_name\" content=\"Abdul Latif Jameel\" \/>\n<meta property=\"article:publisher\" content=\"https:\/\/www.facebook.com\/Abdul.Latif.Jameel.Official\" \/>\n<meta property=\"article:modified_time\" content=\"2025-08-07T04:56:23+00:00\" \/>\n<meta property=\"og:image\" content=\"https:\/\/media.alj.com\/app\/uploads\/2025\/05\/DSC06909-scaled.jpg\" \/>\n\t<meta property=\"og:image:width\" content=\"2560\" \/>\n\t<meta property=\"og:image:height\" content=\"1706\" \/>\n\t<meta property=\"og:image:type\" content=\"image\/jpeg\" \/>\n<meta name=\"twitter:card\" content=\"summary_large_image\" \/>\n<meta name=\"twitter:label1\" content=\"Est. reading time\" \/>\n\t<meta name=\"twitter:data1\" content=\"4 minutes\" \/>\n<script type=\"application\/ld+json\" class=\"yoast-schema-graph\">{\"@context\":\"https:\/\/schema.org\",\"@graph\":[{\"@type\":\"WebPage\",\"@id\":\"https:\/\/alj.com\/es\/news\/jameel-motors-and-geely-auto-to-launch-new-energy-passenger-vehicles-in-poland\/\",\"url\":\"https:\/\/alj.com\/es\/news\/jameel-motors-and-geely-auto-to-launch-new-energy-passenger-vehicles-in-poland\/\",\"name\":\"Lanzamiento de NEV en Polonia por parte de Jameel Motors y Geely Auto | Abdul Latif Jameel\u00ae\",\"isPartOf\":{\"@id\":\"https:\/\/alj.com\/en\/#website\"},\"datePublished\":\"2025-05-08T08:20:54+00:00\",\"dateModified\":\"2025-08-07T04:56:23+00:00\",\"description\":\"Jameel Motors y Geely Auto se asocian para lanzar veh\u00edculos de NE en Polonia, ampliando el acceso a los VE en su transici\u00f3n hacia la movilidad verde.\",\"breadcrumb\":{\"@id\":\"https:\/\/alj.com\/es\/news\/jameel-motors-and-geely-auto-to-launch-new-energy-passenger-vehicles-in-poland\/#breadcrumb\"},\"inLanguage\":\"es-ES\",\"potentialAction\":[{\"@type\":\"ReadAction\",\"target\":[\"https:\/\/alj.com\/es\/news\/jameel-motors-and-geely-auto-to-launch-new-energy-passenger-vehicles-in-poland\/\"]}]},{\"@type\":\"BreadcrumbList\",\"@id\":\"https:\/\/alj.com\/es\/news\/jameel-motors-and-geely-auto-to-launch-new-energy-passenger-vehicles-in-poland\/#breadcrumb\",\"itemListElement\":[{\"@type\":\"ListItem\",\"position\":1,\"name\":\"Home\",\"item\":\"https:\/\/alj.com\/es\/\"},{\"@type\":\"ListItem\",\"position\":2,\"name\":\"News\",\"item\":\"https:\/\/alj.com\/en\/news\/\"},{\"@type\":\"ListItem\",\"position\":3,\"name\":\"Jameel Motors y Geely Auto lanzar\u00e1n veh\u00edculos de pasajeros de nueva energ\u00eda en Polonia\"}]},{\"@type\":\"WebSite\",\"@id\":\"https:\/\/alj.com\/en\/#website\",\"url\":\"https:\/\/alj.com\/en\/\",\"name\":\"Abdul Latif Jameel\",\"description\":\"Abdul Latif Jameel\",\"potentialAction\":[{\"@type\":\"SearchAction\",\"target\":{\"@type\":\"EntryPoint\",\"urlTemplate\":\"https:\/\/alj.com\/en\/?s={search_term_string}\"},\"query-input\":\"required name=search_term_string\"}],\"inLanguage\":\"es-ES\"}]}<\/script>\n<!-- \/ Yoast SEO plugin. -->","yoast_head_json":{"title":"Lanzamiento de NEV en Polonia por parte de Jameel Motors y Geely Auto | Abdul Latif Jameel\u00ae","description":"Jameel Motors y Geely Auto se asocian para lanzar veh\u00edculos de NE en Polonia, ampliando el acceso a los VE en su transici\u00f3n hacia la movilidad verde.","robots":{"index":"index","follow":"follow","max-snippet":"max-snippet:-1","max-image-preview":"max-image-preview:large","max-video-preview":"max-video-preview:-1"},"canonical":"https:\/\/alj.com\/es\/news\/jameel-motors-and-geely-auto-to-launch-new-energy-passenger-vehicles-in-poland\/","og_locale":"es_ES","og_type":"article","og_title":"Lanzamiento de NEV en Polonia por parte de Jameel Motors y Geely Auto | Abdul Latif Jameel\u00ae","og_description":"Jameel Motors y Geely Auto se asocian para lanzar veh\u00edculos de NE en Polonia, ampliando el acceso a los VE en su transici\u00f3n hacia la movilidad verde.","og_url":"https:\/\/alj.com\/es\/news\/jameel-motors-and-geely-auto-to-launch-new-energy-passenger-vehicles-in-poland\/","og_site_name":"Abdul Latif Jameel","article_publisher":"https:\/\/www.facebook.com\/Abdul.Latif.Jameel.Official","article_modified_time":"2025-08-07T04:56:23+00:00","og_image":[{"width":2560,"height":1706,"url":"https:\/\/media.alj.com\/app\/uploads\/2025\/05\/DSC06909-scaled.jpg","type":"image\/jpeg"}],"twitter_card":"summary_large_image","twitter_misc":{"Est. reading time":"4 minutes"},"schema":{"@context":"https:\/\/schema.org","@graph":[{"@type":"WebPage","@id":"https:\/\/alj.com\/es\/news\/jameel-motors-and-geely-auto-to-launch-new-energy-passenger-vehicles-in-poland\/","url":"https:\/\/alj.com\/es\/news\/jameel-motors-and-geely-auto-to-launch-new-energy-passenger-vehicles-in-poland\/","name":"Lanzamiento de NEV en Polonia por parte de Jameel Motors y Geely Auto | Abdul Latif Jameel\u00ae","isPartOf":{"@id":"https:\/\/alj.com\/en\/#website"},"datePublished":"2025-05-08T08:20:54+00:00","dateModified":"2025-08-07T04:56:23+00:00","description":"Jameel Motors y Geely Auto se asocian para lanzar veh\u00edculos de NE en Polonia, ampliando el acceso a los VE en su transici\u00f3n hacia la movilidad verde.","breadcrumb":{"@id":"https:\/\/alj.com\/es\/news\/jameel-motors-and-geely-auto-to-launch-new-energy-passenger-vehicles-in-poland\/#breadcrumb"},"inLanguage":"es-ES","potentialAction":[{"@type":"ReadAction","target":["https:\/\/alj.com\/es\/news\/jameel-motors-and-geely-auto-to-launch-new-energy-passenger-vehicles-in-poland\/"]}]},{"@type":"BreadcrumbList","@id":"https:\/\/alj.com\/es\/news\/jameel-motors-and-geely-auto-to-launch-new-energy-passenger-vehicles-in-poland\/#breadcrumb","itemListElement":[{"@type":"ListItem","position":1,"name":"Home","item":"https:\/\/alj.com\/es\/"},{"@type":"ListItem","position":2,"name":"News","item":"https:\/\/alj.com\/en\/news\/"},{"@type":"ListItem","position":3,"name":"Jameel Motors y Geely Auto lanzar\u00e1n veh\u00edculos de pasajeros de nueva energ\u00eda en Polonia"}]},{"@type":"WebSite","@id":"https:\/\/alj.com\/en\/#website","url":"https:\/\/alj.com\/en\/","name":"Abdul Latif Jameel","description":"Abdul Latif Jameel","potentialAction":[{"@type":"SearchAction","target":{"@type":"EntryPoint","urlTemplate":"https:\/\/alj.com\/en\/?s={search_term_string}"},"query-input":"required name=search_term_string"}],"inLanguage":"es-ES"}]}},"post-meta-fields":{"amazonS3_cache":["a:6:{s:49:\"\/\/alj.com\/app\/uploads\/2025\/05\/DSC06884-scaled.jpg\";a:2:{s:2:\"id\";i:121657;s:11:\"source_type\";s:13:\"media-library\";}s:55:\"\/\/media.alj.com\/app\/uploads\/2025\/05\/DSC06884-scaled.jpg\";a:2:{s:2:\"id\";i:121657;s:11:\"source_type\";s:13:\"media-library\";}s:52:\"\/\/alj.com\/app\/uploads\/2025\/05\/Geely_EX5_6-scaled.jpg\";a:2:{s:2:\"id\";i:121685;s:11:\"source_type\";s:13:\"media-library\";}s:58:\"\/\/media.alj.com\/app\/uploads\/2025\/05\/Geely_EX5_6-scaled.jpg\";a:2:{s:2:\"id\";i:121685;s:11:\"source_type\";s:13:\"media-library\";}s:45:\"\/\/alj.com\/app\/uploads\/2025\/05\/Geely_EX5_1.png\";a:2:{s:2:\"id\";i:121671;s:11:\"source_type\";s:13:\"media-library\";}s:51:\"\/\/media.alj.com\/app\/uploads\/2025\/05\/Geely_EX5_1.png\";a:2:{s:2:\"id\";i:121671;s:11:\"source_type\";s:13:\"media-library\";}}"],"content_series_applied":[""],"featured_on_listing_page":["0"],"mobile_featured_image":["https:\/\/media.alj.com\/app\/uploads\/2025\/05\/DSC06884-scaled.jpg"],"news-location":["Varsovia, Polonia"],"news_slider_short_title":["Jameel Motors y Geely Auto lanzar\u00e1n NEV en Polonia"],"news_summary":["<p>&nbsp;<\/p>\n<p>Jameel Motors y Geely Auto firman un acuerdo para distribuir veh\u00edculos de pasajeros de nueva energ\u00eda (NEV) en Polonia.<\/p>\n"],"publish_mobile":["a:1:{i:0;s:3:\"yes\";}"],"push_notification":["no"],"wpcf-card_article_content":["write your content"],"wpcf-card_article_with_title_content":[""],"wpcf-featured-news":["0"],"wpcf-featured-on-news-page":["0"],"wpcf-layoutvideourl":[""],"wpcf-news-downloadable_file":[""],"wpcf-news-publish_date":["1746662400"],"wpcf-quotes-with-auther-text":[""],"wpcf-quotes-with-auther-text-1":[""],"wpcf-show-at-homepage-first-sec-secondary-slider":["1"],"wpcf-social-image-square":[""],"wpcf-social-svg-square":[""],"wpcf-social-text-image-square":[""],"wpcf-social-text-square":[""],"wpcf-social-text-svg-square":[""],"wpcf-social-text-text-square":[""],"wpcf-social-text-url-square":[""],"wpcf-social-url-square":[""],"wpcf-social1-background-image":[""],"wpcf-social1-svg":[""],"wpcf-social1-text":[""],"wpcf-social1-url":[""],"wpcf-social2-background-image":[""],"wpcf-social2-svg":[""],"wpcf-social2-text":[""],"wpcf-social2-url":[""],"wpcf-social3-background-image":[""],"wpcf-social3-svg":[""],"wpcf-social3-text":[""],"wpcf-social3-url":[""],"wpcf-social4-background-image":[""],"wpcf-social4-svg":[""],"wpcf-social4-text":[""],"wpcf-social4-url":[""],"wpcf-video-description":[""],"wpcf-video-thumb":[""],"_":["field_6746fdff672ad"],"_bsf_item_review_type":["none"],"_bsf_post_type":["0"],"_content_series_applied":["field_60f3d3faf82ac"],"_featured_on_listing_page":["field_62458ea7383c3"],"_mobile_featured_image":["field_5c3b204983dea"],"_oembed_7f1293387ec77bdf22bf014e0472c4f3":["<iframe title=\"Jameel Motors Poland - Geely Auto (EN VO Subs)\" width=\"640\" height=\"360\" src=\"https:\/\/www.youtube.com\/embed\/a_l4L6iBGbQ?feature=oembed\" frameborder=\"0\" allow=\"accelerometer; autoplay; clipboard-write; encrypted-media; gyroscope; picture-in-picture; web-share\" referrerpolicy=\"strict-origin-when-cross-origin\" allowfullscreen><\/iframe>"],"_oembed_848dd3f59a146faba40792a83a9c09f2":["<iframe title=\"Jameel Motors Poland - Geely Auto (EN VO Subs)\" width=\"486\" height=\"273\" src=\"https:\/\/www.youtube.com\/embed\/a_l4L6iBGbQ?feature=oembed\" frameborder=\"0\" allow=\"accelerometer; autoplay; clipboard-write; encrypted-media; gyroscope; picture-in-picture; web-share\" referrerpolicy=\"strict-origin-when-cross-origin\" allowfullscreen><\/iframe>"],"_oembed_time_7f1293387ec77bdf22bf014e0472c4f3":["1754542596"],"_oembed_time_848dd3f59a146faba40792a83a9c09f2":["1746688801"],"_publish_mobile":["field_5bfa8eb2e65cf"],"_push_notification":["field_5c3b1fb67034d"],"_wpml_media_duplicate":["1"],"_wpml_media_featured":["1"],"_wpml_word_count":["{\"total\":715,\"to_translate\":{\"ar\":715,\"zh-hans\":715,\"fr\":715,\"ja\":715,\"es\":715,\"tr\":715}}"],"_yoast_wpseo_content_score":["30"],"_yoast_wpseo_estimated-reading-time-minutes":[""],"_yoast_wpseo_metadesc":["Jameel Motors y Geely Auto se asocian para lanzar veh\u00edculos de NE en Polonia, ampliando el acceso a los VE en su transici\u00f3n hacia la movilidad verde."],"_yoast_wpseo_primary_newscategory":["149"],"_yoast_wpseo_title":["Lanzamiento de NEV en Polonia por parte de Jameel Motors y Geely Auto | Abdul Latif Jameel\u00ae"],"_yoast_wpseo_wordproof_timestamp":[""],"_thumbnail_id":["121669"],"_edit_lock":["1754543083:25"],"_edit_last":["25"],"wpcf-projecttitle":[""],"wpcf-projectdescription":[""],"wpcf-projectimage-video1":["image"],"wpcf-projectimage-1":[""],"wpcf-projectvideo-1":[""],"wpcf-projectdescription-1":[""],"wpcf-projectimage-video2":["image"],"wpcf-projectimage-2":[""],"wpcf-projectvideo-2":[""],"wpcf-projectdescription-2":[""],"wpcf-projectimage-video3":["image"],"wpcf-projectimage-3":[""],"wpcf-projectvideo-3":[""],"wpcf-projectdescription-3":[""],"wpcf-projectimage-video4":["image"],"wpcf-projectimage-4":[""],"wpcf-projectvideo-4":[""],"wpcf-projectdescription-4":[""],"_last_translation_edit_mode":["native-editor"],"news_business_sector":["Transporte"],"wpcf-card-image":[""],"_wpcf-card-image-sort-order":["a:1:{i:0;i:1966538;}"]},"_links":{"self":[{"href":"https:\/\/alj.com\/es\/wp-json\/wp\/v2\/news\/122167"}],"collection":[{"href":"https:\/\/alj.com\/es\/wp-json\/wp\/v2\/news"}],"about":[{"href":"https:\/\/alj.com\/es\/wp-json\/wp\/v2\/types\/news"}],"wp:featuredmedia":[{"embeddable":true,"href":"https:\/\/alj.com\/es\/wp-json\/wp\/v2\/media\/121669"}],"wp:attachment":[{"href":"https:\/\/alj.com\/es\/wp-json\/wp\/v2\/media?parent=122167"}],"wp:term":[{"taxonomy":"post_tag","embeddable":true,"href":"https:\/\/alj.com\/es\/wp-json\/wp\/v2\/tags?post=122167"},{"taxonomy":"newscategory","embeddable":true,"href":"https:\/\/alj.com\/es\/wp-json\/wp\/v2\/newscategory?post=122167"}],"curies":[{"name":"wp","href":"https:\/\/api.w.org\/{rel}","templated":true}]}}