{"id":53071,"date":"2019-10-15T05:56:37","date_gmt":"2019-10-15T05:56:37","guid":{"rendered":"http:\/\/www.alj.com\/news\/congratulations-to-leading-economists-at-mit-for-nobel-prize\/"},"modified":"2019-12-19T03:09:51","modified_gmt":"2019-12-19T03:09:51","slug":"congratulations-to-leading-economists-at-mit-for-nobel-prize","status":"publish","type":"news","link":"https:\/\/alj.com\/es\/news\/congratulations-to-leading-economists-at-mit-for-nobel-prize\/","title":{"rendered":"\u00a1Felicidades a los economistas del ITM por el Premio Nobel!"},"content":{"rendered":"<p>En nombre de Abdul Latif Jameel, damos nuestra enhorabuena a <a href=\"http:\/\/economics.mit.edu\/faculty\/banerjee\">Abhijit Banerjee<\/a> y <a href=\"http:\/\/economics.mit.edu\/faculty\/eduflo\">Esther Duflo<\/a>, economistas del Instituto Tecnol\u00f3gico de Massachusetts (<a href=\"https:\/\/mit.edu\/\">ITM<\/a>), por recibir el Premio Nobel de Econom\u00eda de 2019 por su labor de <em>\u201cplanteamiento experimental sobre el alivio de la pobreza global\u201d.<\/em><\/p>\n<p>Abhijit y Esther son cofundadores del Laboratorio de acci\u00f3n contra la Pobreza de Abdul Latif Jameel (<a href=\"https:\/\/www.povertyactionlab.org\/\">J-PAL<\/a>) en MIT, en el ITM, el cual colabora y recibe el apoyo de <a href=\"https:\/\/communityjameel.org\/\">Jameel Community<\/a> desde 2005 para abordar las causas de la pobreza a trav\u00e9s de una evaluaci\u00f3n basada en la evidencia, incluidas cuestiones relacionadas con la salud, la educaci\u00f3n, el empleo juvenil y la inclusi\u00f3n econ\u00f3mica.<\/p>\n<p>Su trabajo ha &#8220;mejorado notablemente nuestra capacidad para luchar contra la pobreza en la pr\u00e1ctica&#8221;, afirm\u00f3 la <a href=\"https:\/\/www.nobelprize.org\/prizes\/uncategorized\/the-royal-swedish-academy-of-sciences\">Real Academia de las Ciencias de Suecia<\/a>, entidad que entrega el premio.\u00a0<\/p>\n<p>La profesora Duflo es la segunda mujer que recibe el premio, que se entrega desde 1969, y la ganadora m\u00e1s joven a sus 46 a\u00f1os.<\/p>\n<p>\u00a1Felicidades por este logro!<\/p>\n<p>Puede leer la noticia completa <a href=\"http:\/\/news.mit.edu\/2019\/esther-duflo-abhijit-banerjee-win-2019-nobel-prize-economics-1014\">aqu\u00ed.<\/a><\/p>\n","protected":false},"featured_media":52982,"template":"","tags":[],"newscategory":[150],"acf":[],"yoast_head":"<!-- This site is optimized with the Yoast SEO plugin v21.5 - https:\/\/yoast.com\/wordpress\/plugins\/seo\/ -->\n<title>Los economistas l\u00edderes del MIT ganan el Premio Nobel | Abdul Latif Jameel\u00ae<\/title>\n<meta name=\"description\" content=\"Abdul Latif Jameel felicita a Abhijit Banerjee y Esther Duflo, economistas l\u00edderes del MIT, por recibir el Premio Nobel de Econom\u00eda 2019 por su trabajo.\" \/>\n<meta name=\"robots\" content=\"index, follow, max-snippet:-1, max-image-preview:large, max-video-preview:-1\" \/>\n<link rel=\"canonical\" href=\"https:\/\/alj.com\/es\/news\/congratulations-to-leading-economists-at-mit-for-nobel-prize\/\" \/>\n<meta property=\"og:locale\" content=\"es_ES\" \/>\n<meta property=\"og:type\" content=\"article\" \/>\n<meta property=\"og:title\" content=\"Los economistas l\u00edderes del MIT ganan el Premio Nobel | Abdul Latif Jameel\u00ae\" \/>\n<meta property=\"og:description\" content=\"Abdul Latif Jameel felicita a Abhijit Banerjee y Esther Duflo, economistas l\u00edderes del MIT, por recibir el Premio Nobel de Econom\u00eda 2019 por su trabajo.\" \/>\n<meta property=\"og:url\" content=\"https:\/\/alj.com\/es\/news\/congratulations-to-leading-economists-at-mit-for-nobel-prize\/\" \/>\n<meta property=\"og:site_name\" content=\"Abdul Latif Jameel\" \/>\n<meta property=\"article:publisher\" content=\"https:\/\/www.facebook.com\/Abdul.Latif.Jameel.Official\" \/>\n<meta property=\"article:modified_time\" content=\"2019-12-19T03:09:51+00:00\" \/>\n<meta property=\"og:image\" content=\"https:\/\/media.alj.com\/app\/uploads\/2019\/10\/MIT-Duflo-Banerjee-Nobel-Econ-01_1.jpg\" \/>\n\t<meta property=\"og:image:width\" content=\"639\" \/>\n\t<meta property=\"og:image:height\" content=\"426\" \/>\n\t<meta property=\"og:image:type\" content=\"image\/jpeg\" \/>\n<meta name=\"twitter:card\" content=\"summary_large_image\" \/>\n<meta name=\"twitter:label1\" content=\"Est. reading time\" \/>\n\t<meta name=\"twitter:data1\" content=\"1 minute\" \/>\n<script type=\"application\/ld+json\" class=\"yoast-schema-graph\">{\"@context\":\"https:\/\/schema.org\",\"@graph\":[{\"@type\":\"WebPage\",\"@id\":\"https:\/\/alj.com\/es\/news\/congratulations-to-leading-economists-at-mit-for-nobel-prize\/\",\"url\":\"https:\/\/alj.com\/es\/news\/congratulations-to-leading-economists-at-mit-for-nobel-prize\/\",\"name\":\"Los economistas l\u00edderes del MIT ganan el Premio Nobel | Abdul Latif Jameel\u00ae\",\"isPartOf\":{\"@id\":\"https:\/\/alj.com\/en\/#website\"},\"datePublished\":\"2019-10-15T05:56:37+00:00\",\"dateModified\":\"2019-12-19T03:09:51+00:00\",\"description\":\"Abdul Latif Jameel felicita a Abhijit Banerjee y Esther Duflo, economistas l\u00edderes del MIT, por recibir el Premio Nobel de Econom\u00eda 2019 por su trabajo.\",\"breadcrumb\":{\"@id\":\"https:\/\/alj.com\/es\/news\/congratulations-to-leading-economists-at-mit-for-nobel-prize\/#breadcrumb\"},\"inLanguage\":\"es-ES\",\"potentialAction\":[{\"@type\":\"ReadAction\",\"target\":[\"https:\/\/alj.com\/es\/news\/congratulations-to-leading-economists-at-mit-for-nobel-prize\/\"]}]},{\"@type\":\"BreadcrumbList\",\"@id\":\"https:\/\/alj.com\/es\/news\/congratulations-to-leading-economists-at-mit-for-nobel-prize\/#breadcrumb\",\"itemListElement\":[{\"@type\":\"ListItem\",\"position\":1,\"name\":\"Home\",\"item\":\"https:\/\/alj.com\/es\/\"},{\"@type\":\"ListItem\",\"position\":2,\"name\":\"News\",\"item\":\"https:\/\/alj.com\/en\/news\/\"},{\"@type\":\"ListItem\",\"position\":3,\"name\":\"\u00a1Felicidades a los economistas del ITM por el Premio Nobel!\"}]},{\"@type\":\"WebSite\",\"@id\":\"https:\/\/alj.com\/en\/#website\",\"url\":\"https:\/\/alj.com\/en\/\",\"name\":\"Abdul Latif Jameel\",\"description\":\"Abdul Latif Jameel\",\"potentialAction\":[{\"@type\":\"SearchAction\",\"target\":{\"@type\":\"EntryPoint\",\"urlTemplate\":\"https:\/\/alj.com\/en\/?s={search_term_string}\"},\"query-input\":\"required name=search_term_string\"}],\"inLanguage\":\"es-ES\"}]}<\/script>\n<!-- \/ Yoast SEO plugin. -->","yoast_head_json":{"title":"Los economistas l\u00edderes del MIT ganan el Premio Nobel | Abdul Latif Jameel\u00ae","description":"Abdul Latif Jameel felicita a Abhijit Banerjee y Esther Duflo, economistas l\u00edderes del MIT, por recibir el Premio Nobel de Econom\u00eda 2019 por su trabajo.","robots":{"index":"index","follow":"follow","max-snippet":"max-snippet:-1","max-image-preview":"max-image-preview:large","max-video-preview":"max-video-preview:-1"},"canonical":"https:\/\/alj.com\/es\/news\/congratulations-to-leading-economists-at-mit-for-nobel-prize\/","og_locale":"es_ES","og_type":"article","og_title":"Los economistas l\u00edderes del MIT ganan el Premio Nobel | Abdul Latif Jameel\u00ae","og_description":"Abdul Latif Jameel felicita a Abhijit Banerjee y Esther Duflo, economistas l\u00edderes del MIT, por recibir el Premio Nobel de Econom\u00eda 2019 por su trabajo.","og_url":"https:\/\/alj.com\/es\/news\/congratulations-to-leading-economists-at-mit-for-nobel-prize\/","og_site_name":"Abdul Latif Jameel","article_publisher":"https:\/\/www.facebook.com\/Abdul.Latif.Jameel.Official","article_modified_time":"2019-12-19T03:09:51+00:00","og_image":[{"width":639,"height":426,"url":"https:\/\/media.alj.com\/app\/uploads\/2019\/10\/MIT-Duflo-Banerjee-Nobel-Econ-01_1.jpg","type":"image\/jpeg"}],"twitter_card":"summary_large_image","twitter_misc":{"Est. reading time":"1 minute"},"schema":{"@context":"https:\/\/schema.org","@graph":[{"@type":"WebPage","@id":"https:\/\/alj.com\/es\/news\/congratulations-to-leading-economists-at-mit-for-nobel-prize\/","url":"https:\/\/alj.com\/es\/news\/congratulations-to-leading-economists-at-mit-for-nobel-prize\/","name":"Los economistas l\u00edderes del MIT ganan el Premio Nobel | Abdul Latif Jameel\u00ae","isPartOf":{"@id":"https:\/\/alj.com\/en\/#website"},"datePublished":"2019-10-15T05:56:37+00:00","dateModified":"2019-12-19T03:09:51+00:00","description":"Abdul Latif Jameel felicita a Abhijit Banerjee y Esther Duflo, economistas l\u00edderes del MIT, por recibir el Premio Nobel de Econom\u00eda 2019 por su trabajo.","breadcrumb":{"@id":"https:\/\/alj.com\/es\/news\/congratulations-to-leading-economists-at-mit-for-nobel-prize\/#breadcrumb"},"inLanguage":"es-ES","potentialAction":[{"@type":"ReadAction","target":["https:\/\/alj.com\/es\/news\/congratulations-to-leading-economists-at-mit-for-nobel-prize\/"]}]},{"@type":"BreadcrumbList","@id":"https:\/\/alj.com\/es\/news\/congratulations-to-leading-economists-at-mit-for-nobel-prize\/#breadcrumb","itemListElement":[{"@type":"ListItem","position":1,"name":"Home","item":"https:\/\/alj.com\/es\/"},{"@type":"ListItem","position":2,"name":"News","item":"https:\/\/alj.com\/en\/news\/"},{"@type":"ListItem","position":3,"name":"\u00a1Felicidades a los economistas del ITM por el Premio Nobel!"}]},{"@type":"WebSite","@id":"https:\/\/alj.com\/en\/#website","url":"https:\/\/alj.com\/en\/","name":"Abdul Latif Jameel","description":"Abdul Latif Jameel","potentialAction":[{"@type":"SearchAction","target":{"@type":"EntryPoint","urlTemplate":"https:\/\/alj.com\/en\/?s={search_term_string}"},"query-input":"required name=search_term_string"}],"inLanguage":"es-ES"}]}},"post-meta-fields":{"_alp_processed":["1571749441"],"_wpml_word_count":["{\"total\":212,\"to_translate\":{\"ar\":212,\"zh-hans\":212,\"fr\":212,\"ja\":212,\"es\":212,\"tr\":212}}"],"push_notification":["no"],"_push_notification":["field_5c3b1fb67034d"],"_wpml_media_featured":["1"],"_wpml_media_duplicate":["1"],"news_slider_short_title":["\u00a1Felicitaciones a los ganadores del Premio Nobel en J-PAL!"],"wpcf-featured-news":["0"],"publish_mobile":["a:1:{i:0;s:3:\"yes\";}"],"_publish_mobile":["field_5bfa8eb2e65cf"],"mobile_featured_image":["https:\/\/media.alj.com\/app\/uploads\/2019\/10\/MIT-Duflo-Banerjee-Nobel-Econ-01_1.jpg"],"_mobile_featured_image":["field_5c3b204983dea"],"_yoast_wpseo_primary_newscategory":["150"],"_wpcf-card-image-sort-order":["a:1:{i:0;i:625246;}"],"_yoast_wpseo_content_score":["30"],"news_summary":["<p>Queremos dar la enhorabuena a Abhijit Banerjee y Esther Duflo, economistas del ITM, por recibir el Premio Nobel de Econom\u00eda de 2019.<\/p>\n"],"news-location":["Boston, Estados Unidos"],"post_views_count_2019Oct":["45","45"],"_thumbnail_id":["52982"],"_last_translation_edit_mode":["native-editor"],"post_views_count_2019Nov":["16"],"post_views_count_2019Dec":["20"],"news_business_sector":["Community Jameel"],"wpcf-wpcf-at-a-glance-or-perspective":["1"],"wpcf-show-at-homepage-first-sec-secondary-slider":["2"],"wpcf-card-image":[""],"wpcf-news-publish_date":["1571097600"],"_yoast_wpseo_title":["Los economistas l\u00edderes del MIT ganan el Premio Nobel | Abdul Latif Jameel\u00ae"],"_yoast_wpseo_metadesc":["Abdul Latif Jameel felicita a Abhijit Banerjee y Esther Duflo, economistas l\u00edderes del MIT, por recibir el Premio Nobel de Econom\u00eda 2019 por su trabajo."],"post_views_count_2020Jan":["18"],"post_views_count_2020Feb":["17"],"post_views_count_2020Mar":["29"],"post_views_count_2020Apr":["31"],"post_views_count_2020May":["20"],"post_views_count_2020Jun":["23"],"post_views_count_2020Jul":["25"],"post_views_count_2020Aug":["12"],"post_views_count_2020Sep":["18"],"post_views_count_2020Oct":["17"],"post_views_count_2020Nov":["15"],"post_views_count_2020Dec":["11"],"post_views_count_2021Jan":["12"],"post_views_count_2021Feb":["12"],"post_views_count_2021Mar":["18"],"post_views_count_2021Apr":["12"],"post_views_count_2021May":["6"],"post_views_count_2021Jun":["2"],"post_views_count_2021Jul":["7"],"post_views_total_count":["7"]},"_links":{"self":[{"href":"https:\/\/alj.com\/es\/wp-json\/wp\/v2\/news\/53071"}],"collection":[{"href":"https:\/\/alj.com\/es\/wp-json\/wp\/v2\/news"}],"about":[{"href":"https:\/\/alj.com\/es\/wp-json\/wp\/v2\/types\/news"}],"wp:featuredmedia":[{"embeddable":true,"href":"https:\/\/alj.com\/es\/wp-json\/wp\/v2\/media\/52982"}],"wp:attachment":[{"href":"https:\/\/alj.com\/es\/wp-json\/wp\/v2\/media?parent=53071"}],"wp:term":[{"taxonomy":"post_tag","embeddable":true,"href":"https:\/\/alj.com\/es\/wp-json\/wp\/v2\/tags?post=53071"},{"taxonomy":"newscategory","embeddable":true,"href":"https:\/\/alj.com\/es\/wp-json\/wp\/v2\/newscategory?post=53071"}],"curies":[{"name":"wp","href":"https:\/\/api.w.org\/{rel}","templated":true}]}}