{"id":85884,"date":"2020-11-08T03:39:08","date_gmt":"2020-11-08T03:39:08","guid":{"rendered":"https:\/\/www.alj.com\/news\/the-jameel-family-embarks-on-a-new-chapter-of-supporting-the-community\/"},"modified":"2021-03-16T11:58:52","modified_gmt":"2021-03-16T11:58:52","slug":"the-jameel-family-embarks-on-a-new-chapter-of-supporting-the-community","status":"publish","type":"news","link":"https:\/\/alj.com\/es\/news\/the-jameel-family-embarks-on-a-new-chapter-of-supporting-the-community\/","title":{"rendered":"La familia Jameel se embarca en un nuevo cap\u00edtulo de apoyo a la comunidad"},"content":{"rendered":"<p>En este a\u00f1o 2020, la tradici\u00f3n de la familia Jameel de apoyar a la comunidad celebra su 75.<sup>o<\/sup> aniversario. Los \u00faltimos doce meses han sido escenario de algunos logros e historias de \u00e9xito trascendentales para <a href=\"https:\/\/www.communityjameel.org\/\">Community Jameel<\/a>: los cofundadores del <a href=\"https:\/\/www.povertyactionlab.org\/\">J-PAL<\/a> ganaron el Premio Nobel de Econom\u00eda, la <a href=\"https:\/\/www.communityjameel.org\/en\/how-we-work\/education\/jameel-toyota-scholarship-at-mit\">Beca Jameel-Toyota<\/a> celebr\u00f3 su 25.<sup>o<\/sup> aniversario, la <a href=\"https:\/\/www.jclinic.mit.edu\/\">J-Clinic<\/a> del ITM descubri\u00f3 el antibi\u00f3tico halicina y el <a href=\"http:\/\/www.imperial.ac.uk\/jameel-institute\/\">Instituto Jameel<\/a> del Imperial College London realiz\u00f3 un trabajo pionero en la modelizaci\u00f3n de la propagaci\u00f3n de la COVID-19, que sirvi\u00f3 para informar y ayudar a la formulaci\u00f3n de pol\u00edticas en todo el mundo.<\/p>\n<p>En este momento tan importante, Community Jameel se embarca en un nuevo cap\u00edtulo en el que se implementar\u00e1n varios cambios estrat\u00e9gicos para finales de noviembre:<\/p>\n<ol>\n<li><strong>Bab Rizq Jameel y Art Jameel se convertir\u00e1n en unidades independientes<br \/>\n<\/strong>Habiendo formado parte de Community Jameel desde 2003, Bab Rizq Jameel y <a href=\"https:\/\/artjameel.org\/\">Art Jameel<\/a> pasar\u00e1n a ser unidades independientes con una gesti\u00f3n separada. Ambas organizaciones han crecido significativamente hasta convertirse en fuerzas importantes para lograr un cambio positivo en toda la regi\u00f3n.<\/li>\n<li><strong>Un nuevo enfoque para Community Jameel en Arabia Saud\u00ed<br \/>\n<\/strong>A trav\u00e9s de Community Jameel en Arabia Saud\u00ed, una entidad administrada y financiada de manera independiente, la familia Jameel est\u00e1 ampliando d\u00e9cadas de apoyo a la comunidad, especialmente para desempleados, ancianos, enfermos, hu\u00e9rfanos y prisioneros. Esta labor contribuye a los esfuerzos de la naci\u00f3n para hacer realidad los prop\u00f3sitos establecidos en la agenda Vision 2030.<\/li>\n<li><strong>Community Jameel: innovar para lograr un futuro mejor<br \/>\n<\/strong>Community Jameel se centrar\u00e1 ahora en aprovechar la ciencia, la tecnolog\u00eda y el aprendizaje para lograr avances en los campos de la educaci\u00f3n, la salud y el clima, y para ofrecer soluciones innovadoras a aquellos que m\u00e1s las necesitan.<\/li>\n<\/ol>\n<p>Estos nuevos cambios estrat\u00e9gicos har\u00e1n posible que la familia Jameel aproveche el legado del difunto Abdul Latif Jameel y contin\u00fae ofreciendo su visi\u00f3n de apoyo a la comunidad en los a\u00f1os venideros.<\/p>\n<p>Opinando sobre este nuevo cap\u00edtulo, <a href=\"https:\/\/www.alj.com\/en\/our-people\/mohammed-abdul-latif-jameel\/\"><strong>Mohammed Abdul Latif Jameel KBE<\/strong><\/a>, fundador y presidente de Bab Rizq Jameel y Community Jameel, dijo:<\/p>\n<blockquote>\n<p><em>\u00a0\u201cLa importancia del impacto de nuestras iniciativas este a\u00f1o es una magn\u00edfica forma de conmemorar los 75\u00a0a\u00f1os de la tradici\u00f3n de nuestra familia de apoyar a la comunidad, que comenz\u00f3 en 1945 con mi difunto padre. Continuando su legado, nos embarcamos en un nuevo y emocionante cap\u00edtulo de nuestra historia que garantizar\u00e1 que Bab Rizq Jameel, Art Jameel y Community Jameel tengan un impacto a\u00fan mayor en todas nuestras \u00e1reas clave, en un momento en el que el mundo se enfrenta a una cantidad de desaf\u00edos sociales y econ\u00f3micos sin precedentes.\u201d<\/em><\/p>\n<\/blockquote>\n","protected":false},"featured_media":80928,"template":"","tags":[460,461,72,462],"newscategory":[149],"acf":[],"yoast_head":"<!-- This site is optimized with the Yoast SEO plugin v21.5 - https:\/\/yoast.com\/wordpress\/plugins\/seo\/ -->\n<title>Un nuevo cap\u00edtulo de apoyo a la comunidad | Abdul Latif Jameel\u00ae<\/title>\n<meta name=\"description\" content=\"En este momento tan importante, Community Jameel se embarca en un nuevo cap\u00edtulo en el que se implementar\u00e1n varios cambios estrat\u00e9gicos.\" \/>\n<meta name=\"robots\" content=\"index, follow, max-snippet:-1, max-image-preview:large, max-video-preview:-1\" \/>\n<link rel=\"canonical\" href=\"https:\/\/alj.com\/es\/news\/the-jameel-family-embarks-on-a-new-chapter-of-supporting-the-community\/\" \/>\n<meta property=\"og:locale\" content=\"es_ES\" \/>\n<meta property=\"og:type\" content=\"article\" \/>\n<meta property=\"og:title\" content=\"Un nuevo cap\u00edtulo de apoyo a la comunidad | Abdul Latif Jameel\u00ae\" \/>\n<meta property=\"og:description\" content=\"En este momento tan importante, Community Jameel se embarca en un nuevo cap\u00edtulo en el que se implementar\u00e1n varios cambios estrat\u00e9gicos.\" \/>\n<meta property=\"og:url\" content=\"https:\/\/alj.com\/es\/news\/the-jameel-family-embarks-on-a-new-chapter-of-supporting-the-community\/\" \/>\n<meta property=\"og:site_name\" content=\"Abdul Latif Jameel\" \/>\n<meta property=\"article:publisher\" content=\"https:\/\/www.facebook.com\/Abdul.Latif.Jameel.Official\" \/>\n<meta property=\"article:modified_time\" content=\"2021-03-16T11:58:52+00:00\" \/>\n<meta property=\"og:image\" content=\"https:\/\/media.alj.com\/app\/uploads\/2020\/11\/Mohammed-Jameel-KBE-resized.jpg\" \/>\n\t<meta property=\"og:image:width\" content=\"548\" \/>\n\t<meta property=\"og:image:height\" content=\"357\" \/>\n\t<meta property=\"og:image:type\" content=\"image\/jpeg\" \/>\n<meta name=\"twitter:card\" content=\"summary_large_image\" \/>\n<meta name=\"twitter:label1\" content=\"Est. reading time\" \/>\n\t<meta name=\"twitter:data1\" content=\"2 minutes\" \/>\n<script type=\"application\/ld+json\" class=\"yoast-schema-graph\">{\"@context\":\"https:\/\/schema.org\",\"@graph\":[{\"@type\":\"WebPage\",\"@id\":\"https:\/\/alj.com\/es\/news\/the-jameel-family-embarks-on-a-new-chapter-of-supporting-the-community\/\",\"url\":\"https:\/\/alj.com\/es\/news\/the-jameel-family-embarks-on-a-new-chapter-of-supporting-the-community\/\",\"name\":\"Un nuevo cap\u00edtulo de apoyo a la comunidad | Abdul Latif Jameel\u00ae\",\"isPartOf\":{\"@id\":\"https:\/\/alj.com\/en\/#website\"},\"datePublished\":\"2020-11-08T03:39:08+00:00\",\"dateModified\":\"2021-03-16T11:58:52+00:00\",\"description\":\"En este momento tan importante, Community Jameel se embarca en un nuevo cap\u00edtulo en el que se implementar\u00e1n varios cambios estrat\u00e9gicos.\",\"breadcrumb\":{\"@id\":\"https:\/\/alj.com\/es\/news\/the-jameel-family-embarks-on-a-new-chapter-of-supporting-the-community\/#breadcrumb\"},\"inLanguage\":\"es-ES\",\"potentialAction\":[{\"@type\":\"ReadAction\",\"target\":[\"https:\/\/alj.com\/es\/news\/the-jameel-family-embarks-on-a-new-chapter-of-supporting-the-community\/\"]}]},{\"@type\":\"BreadcrumbList\",\"@id\":\"https:\/\/alj.com\/es\/news\/the-jameel-family-embarks-on-a-new-chapter-of-supporting-the-community\/#breadcrumb\",\"itemListElement\":[{\"@type\":\"ListItem\",\"position\":1,\"name\":\"Home\",\"item\":\"https:\/\/alj.com\/es\/\"},{\"@type\":\"ListItem\",\"position\":2,\"name\":\"News\",\"item\":\"https:\/\/alj.com\/en\/news\/\"},{\"@type\":\"ListItem\",\"position\":3,\"name\":\"La familia Jameel se embarca en un nuevo cap\u00edtulo de apoyo a la comunidad\"}]},{\"@type\":\"WebSite\",\"@id\":\"https:\/\/alj.com\/en\/#website\",\"url\":\"https:\/\/alj.com\/en\/\",\"name\":\"Abdul Latif Jameel\",\"description\":\"Abdul Latif Jameel\",\"potentialAction\":[{\"@type\":\"SearchAction\",\"target\":{\"@type\":\"EntryPoint\",\"urlTemplate\":\"https:\/\/alj.com\/en\/?s={search_term_string}\"},\"query-input\":\"required name=search_term_string\"}],\"inLanguage\":\"es-ES\"}]}<\/script>\n<!-- \/ Yoast SEO plugin. -->","yoast_head_json":{"title":"Un nuevo cap\u00edtulo de apoyo a la comunidad | Abdul Latif Jameel\u00ae","description":"En este momento tan importante, Community Jameel se embarca en un nuevo cap\u00edtulo en el que se implementar\u00e1n varios cambios estrat\u00e9gicos.","robots":{"index":"index","follow":"follow","max-snippet":"max-snippet:-1","max-image-preview":"max-image-preview:large","max-video-preview":"max-video-preview:-1"},"canonical":"https:\/\/alj.com\/es\/news\/the-jameel-family-embarks-on-a-new-chapter-of-supporting-the-community\/","og_locale":"es_ES","og_type":"article","og_title":"Un nuevo cap\u00edtulo de apoyo a la comunidad | Abdul Latif Jameel\u00ae","og_description":"En este momento tan importante, Community Jameel se embarca en un nuevo cap\u00edtulo en el que se implementar\u00e1n varios cambios estrat\u00e9gicos.","og_url":"https:\/\/alj.com\/es\/news\/the-jameel-family-embarks-on-a-new-chapter-of-supporting-the-community\/","og_site_name":"Abdul Latif Jameel","article_publisher":"https:\/\/www.facebook.com\/Abdul.Latif.Jameel.Official","article_modified_time":"2021-03-16T11:58:52+00:00","og_image":[{"width":548,"height":357,"url":"https:\/\/media.alj.com\/app\/uploads\/2020\/11\/Mohammed-Jameel-KBE-resized.jpg","type":"image\/jpeg"}],"twitter_card":"summary_large_image","twitter_misc":{"Est. reading time":"2 minutes"},"schema":{"@context":"https:\/\/schema.org","@graph":[{"@type":"WebPage","@id":"https:\/\/alj.com\/es\/news\/the-jameel-family-embarks-on-a-new-chapter-of-supporting-the-community\/","url":"https:\/\/alj.com\/es\/news\/the-jameel-family-embarks-on-a-new-chapter-of-supporting-the-community\/","name":"Un nuevo cap\u00edtulo de apoyo a la comunidad | Abdul Latif Jameel\u00ae","isPartOf":{"@id":"https:\/\/alj.com\/en\/#website"},"datePublished":"2020-11-08T03:39:08+00:00","dateModified":"2021-03-16T11:58:52+00:00","description":"En este momento tan importante, Community Jameel se embarca en un nuevo cap\u00edtulo en el que se implementar\u00e1n varios cambios estrat\u00e9gicos.","breadcrumb":{"@id":"https:\/\/alj.com\/es\/news\/the-jameel-family-embarks-on-a-new-chapter-of-supporting-the-community\/#breadcrumb"},"inLanguage":"es-ES","potentialAction":[{"@type":"ReadAction","target":["https:\/\/alj.com\/es\/news\/the-jameel-family-embarks-on-a-new-chapter-of-supporting-the-community\/"]}]},{"@type":"BreadcrumbList","@id":"https:\/\/alj.com\/es\/news\/the-jameel-family-embarks-on-a-new-chapter-of-supporting-the-community\/#breadcrumb","itemListElement":[{"@type":"ListItem","position":1,"name":"Home","item":"https:\/\/alj.com\/es\/"},{"@type":"ListItem","position":2,"name":"News","item":"https:\/\/alj.com\/en\/news\/"},{"@type":"ListItem","position":3,"name":"La familia Jameel se embarca en un nuevo cap\u00edtulo de apoyo a la comunidad"}]},{"@type":"WebSite","@id":"https:\/\/alj.com\/en\/#website","url":"https:\/\/alj.com\/en\/","name":"Abdul Latif Jameel","description":"Abdul Latif Jameel","potentialAction":[{"@type":"SearchAction","target":{"@type":"EntryPoint","urlTemplate":"https:\/\/alj.com\/en\/?s={search_term_string}"},"query-input":"required name=search_term_string"}],"inLanguage":"es-ES"}]}},"post-meta-fields":{"_alp_processed":["1615895509"],"_wpml_word_count":["{\"total\":508,\"to_translate\":{\"ar\":508,\"zh-hans\":508,\"fr\":508,\"ja\":508,\"es\":508,\"tr\":508}}"],"push_notification":["no"],"_push_notification":["field_5c3b1fb67034d"],"_wpml_media_featured":["1"],"_wpml_media_duplicate":["1"],"news_slider_short_title":["Un nuevo cap\u00edtulo de apoyo a la comunidad"],"news_summary":["<p>En este momento tan importante, Community Jameel se embarca en un nuevo cap\u00edtulo en el que se implementar\u00e1n varios cambios estrat\u00e9gicos.<\/p>\n"],"wpcf-featured-news":["1"],"publish_mobile":[""],"_publish_mobile":["field_5bfa8eb2e65cf"],"mobile_featured_image":["https:\/\/media.alj.com\/app\/uploads\/2020\/11\/Mohammed-Jameel-KBE-mobile.jpg"],"_mobile_featured_image":["field_5c3b204983dea"],"_yoast_wpseo_primary_newscategory":["149"],"_wpcf-card-image-sort-order":["a:1:{i:0;i:942513;}"],"_bsf_post_type":["0"],"_bsf_item_review_type":["none"],"_yoast_wpseo_content_score":["30"],"post_views_count_2020Nov":["69"],"news-location":["Yeda, Arabia Saud\u00ed"],"_yoast_wpseo_title":["Un nuevo cap\u00edtulo de apoyo a la comunidad | Abdul Latif Jameel\u00ae"],"_yoast_wpseo_metadesc":["En este momento tan importante, Community Jameel se embarca en un nuevo cap\u00edtulo en el que se implementar\u00e1n varios cambios estrat\u00e9gicos."],"post_views_count_2020Dec":["38"],"post_views_count_2021Jan":["37"],"post_views_count_2021Feb":["53"],"post_views_count_2021Mar":["53"],"_thumbnail_id":["80928"],"_last_translation_edit_mode":["native-editor"],"news_business_sector":["Community Jameel"],"wpcf-show-at-homepage-first-sec-secondary-slider":["1"],"wpcf-card-image":[""],"wpcf-news-publish_date":["1604793600"],"post_views_count_2021Apr":["21"],"post_views_count_2021May":["19"],"post_views_count_2021Jun":["5"],"post_views_count_2021Jul":["17"],"post_views_total_count":["17"]},"_links":{"self":[{"href":"https:\/\/alj.com\/es\/wp-json\/wp\/v2\/news\/85884"}],"collection":[{"href":"https:\/\/alj.com\/es\/wp-json\/wp\/v2\/news"}],"about":[{"href":"https:\/\/alj.com\/es\/wp-json\/wp\/v2\/types\/news"}],"wp:featuredmedia":[{"embeddable":true,"href":"https:\/\/alj.com\/es\/wp-json\/wp\/v2\/media\/80928"}],"wp:attachment":[{"href":"https:\/\/alj.com\/es\/wp-json\/wp\/v2\/media?parent=85884"}],"wp:term":[{"taxonomy":"post_tag","embeddable":true,"href":"https:\/\/alj.com\/es\/wp-json\/wp\/v2\/tags?post=85884"},{"taxonomy":"newscategory","embeddable":true,"href":"https:\/\/alj.com\/es\/wp-json\/wp\/v2\/newscategory?post=85884"}],"curies":[{"name":"wp","href":"https:\/\/api.w.org\/{rel}","templated":true}]}}