{"id":104328,"date":"2022-11-07T08:10:56","date_gmt":"2022-11-07T08:10:56","guid":{"rendered":"https:\/\/alj.com\/news\/abdul-latif-jameel-partners-with-voluntary-carbon-market-to-help-drive-global-net-zero-ambitions\/"},"modified":"2023-02-09T08:13:53","modified_gmt":"2023-02-09T08:13:53","slug":"abdul-latif-jameel-partners-with-voluntary-carbon-market-to-help-drive-global-net-zero-ambitions","status":"publish","type":"news","link":"https:\/\/alj.com\/fr\/news\/abdul-latif-jameel-partners-with-voluntary-carbon-market-to-help-drive-global-net-zero-ambitions\/","title":{"rendered":"Abdul Latif Jameel s\u2019associe \u00e0 Voluntary Carbon Market pour contribuer \u00e0 la r\u00e9alisation d\u2019objectifs mondiaux de r\u00e9duction des \u00e9missions de CO\u2082."},"content":{"rendered":"<ul>\n<li>Abdul Latif Jameel a particip\u00e9 \u00e0 la vente aux ench\u00e8res de cr\u00e9dits carbone de l\u2019initiative Voluntary Carbon Market, la plus importante de ce type au niveau mondial.<\/li>\n<li>La vente aux ench\u00e8res a offert des cr\u00e9dits carbone de haute qualit\u00e9 conformes \u00e0 la norme CORSIA et enregistr\u00e9s par Verra, afin d\u2019aider les entreprises r\u00e9gionales \u00e0 r\u00e9duire les \u00e9missions mondiales de carbone.<\/li>\n<li>Cette vente aux ench\u00e8res marque une \u00e9tape majeure dans la mission d\u2019Abdul Latif Jameel de lutter contre le changement climatique au niveau r\u00e9gional et international.<\/li>\n<\/ul>\n<p>Abdul Latif Jameel a particip\u00e9 \u00e0 la vente aux ench\u00e8res de cr\u00e9dits carbone dans le cadre de l\u2019initiative r\u00e9gionale Voluntary Carbon Market, qui s\u2019est tenue le premier jour de la 6\u1d49\u00a0\u00e9dition de la <a href=\"https:\/\/fii-institute.org\/\">Future Investment Initiative<\/a> \u00e0 Riyad.<a href=\"#_ftn1\" name=\"_ftnref1\">[1]<\/a> Lors de la vente aux ench\u00e8res, 15\u00a0entit\u00e9s saoudiennes et r\u00e9gionales ont achet\u00e9 1,4\u00a0million de tonnes combin\u00e9es de cr\u00e9dits carbone, faisant de cette vente aux ench\u00e8res la plus importante de ce type au niveau mondial.<\/p>\n<p>En participant \u00e0 cette vente aux ench\u00e8res, la famille Jameel poursuit sa mission \u00e0 long terme, qui consiste \u00e0 contribuer \u00e0 l\u2019agenda vert mondial, et s\u2019appuie sur son travail avec le principal d\u00e9veloppeur de solutions d\u2019\u00e9nergie renouvelable, <a href=\"https:\/\/frv.com\/en\/\">Fotowatio Renewable Ventures<\/a> (FRV), et l\u2019unit\u00e9 d\u00e9di\u00e9e aux solutions hydrauliques d\u2019Abdul Latif Jameel Energy, <a href=\"https:\/\/almarwater.com\/\">Almar Water Solutions<\/a>, pour promouvoir le d\u00e9veloppement durable au niveau r\u00e9gional et international.<\/p>\n<p><a href=\"https:\/\/alj.com\/en\/our-people\/fady-jameel\/\">Fady Jameel<\/a>, vice-pr\u00e9sident d\u2019Abdul Latif Jameel, a d\u00e9clar\u00e9\u00a0:<\/p>\n<blockquote>\n<p><em>\u00ab\u00a0Nous sommes honor\u00e9s d\u2019\u00eatre un partenaire du Voluntary Carbon Market, qui jouera un r\u00f4le majeur pour aider la r\u00e9gion \u00e0 atteindre ses ambitions de z\u00e9ro \u00e9mission de carbone et s\u2019aligne sur la Vision 2030\u00a0de l\u2019Arabie saoudite. Notre participation \u00e0 cette initiative de d\u00e9carbonisation aidera \u00e0 lib\u00e9rer le potentiel de la r\u00e9gion en tant qu\u2019acteur cl\u00e9 pour assurer un avenir plus propre pour tous. Nous esp\u00e9rons \u00e9galement qu\u2019elle encouragera davantage d\u2019entreprises du secteur priv\u00e9 \u00e0 participer \u00e0 l\u2019avenir.\u00a0\u00bb <\/em><\/p>\n<\/blockquote>\n<p><img decoding=\"async\" loading=\"lazy\" class=\"alignleft size-medium wp-image-103765\" src=\"https:\/\/media.alj.com\/app\/uploads\/2022\/11\/Fady-Jameel-VCM-PIF-signing-300x200.jpg\" alt=\"Fady Jameel VCM PIF signing\" width=\"300\" height=\"200\" srcset=\"https:\/\/media.alj.com\/app\/uploads\/2022\/11\/Fady-Jameel-VCM-PIF-signing-300x200.jpg 300w, https:\/\/media.alj.com\/app\/uploads\/2022\/11\/Fady-Jameel-VCM-PIF-signing-1024x683.jpg 1024w, https:\/\/media.alj.com\/app\/uploads\/2022\/11\/Fady-Jameel-VCM-PIF-signing-150x100.jpg 150w, https:\/\/media.alj.com\/app\/uploads\/2022\/11\/Fady-Jameel-VCM-PIF-signing-768x512.jpg 768w, https:\/\/media.alj.com\/app\/uploads\/2022\/11\/Fady-Jameel-VCM-PIF-signing-1536x1024.jpg 1536w, https:\/\/media.alj.com\/app\/uploads\/2022\/11\/Fady-Jameel-VCM-PIF-signing.jpg 1773w\" sizes=\"(max-width: 300px) 100vw, 300px\" \/>La vente aux ench\u00e8res a permis d\u2019offrir des cr\u00e9dits carbone de haute qualit\u00e9 conformes \u00e0 la norme CORSIA et enregistr\u00e9s aupr\u00e8s de Verra pour soutenir les entreprises op\u00e9rant dans un large \u00e9ventail d\u2019industries de la r\u00e9gion, qui jouent leur r\u00f4le dans la transition mondiale vers le z\u00e9ro carbone.<\/p>\n<p>L\u2019initiative Voluntary Carbon Market s\u2019inscrit dans la continuit\u00e9 des efforts du <a href=\"https:\/\/www.pif.gov.sa\/\">Fonds d\u2019investissement public <\/a>(FIP) visant \u00e0 soutenir l\u2019agenda vert de l\u2019Arabie saoudite et fait suite aux annonces pr\u00e9c\u00e9dentes du Fonds, notamment la r\u00e9alisation de son obligation verte inaugurale de 3\u00a0milliards de dollars.<\/p>\n<p>&nbsp;<\/p>\n<p><a href=\"#_ftnref1\" name=\"_ftn1\">[1]<\/a> Abdul Latif Jameel a particip\u00e9 \u00e0 la vente aux ench\u00e8res de cr\u00e9dits carbone par l\u2019interm\u00e9diaire de sa soci\u00e9t\u00e9 Jameel Investment Holding Company Limited.<\/p>\n","protected":false},"featured_media":103758,"template":"","tags":[],"newscategory":[149],"acf":[],"yoast_head":"<!-- This site is optimized with the Yoast SEO plugin v21.5 - https:\/\/yoast.com\/wordpress\/plugins\/seo\/ -->\n<title>Partenariat avec le Voluntary Carbon Market | Abdul Latif Jameel\u00ae<\/title>\n<meta name=\"description\" content=\"Abdul Latif Jameel, investisseur international, s&#039;associe au march\u00e9 volontaire du carbone pour contribuer \u00e0 la r\u00e9duction nette des \u00e9missions. Lire la suite.\" \/>\n<meta name=\"robots\" content=\"index, follow, max-snippet:-1, max-image-preview:large, max-video-preview:-1\" \/>\n<link rel=\"canonical\" href=\"https:\/\/alj.com\/fr\/news\/abdul-latif-jameel-partners-with-voluntary-carbon-market-to-help-drive-global-net-zero-ambitions\/\" \/>\n<meta property=\"og:locale\" content=\"fr_FR\" \/>\n<meta property=\"og:type\" content=\"article\" \/>\n<meta property=\"og:title\" content=\"Partenariat avec le Voluntary Carbon Market | Abdul Latif Jameel\u00ae\" \/>\n<meta property=\"og:description\" content=\"Abdul Latif Jameel, investisseur international, s&#039;associe au march\u00e9 volontaire du carbone pour contribuer \u00e0 la r\u00e9duction nette des \u00e9missions. Lire la suite.\" \/>\n<meta property=\"og:url\" content=\"https:\/\/alj.com\/fr\/news\/abdul-latif-jameel-partners-with-voluntary-carbon-market-to-help-drive-global-net-zero-ambitions\/\" \/>\n<meta property=\"og:site_name\" content=\"Abdul Latif Jameel\" \/>\n<meta property=\"article:publisher\" content=\"https:\/\/www.facebook.com\/Abdul.Latif.Jameel.Official\" \/>\n<meta property=\"article:modified_time\" content=\"2023-02-09T08:13:53+00:00\" \/>\n<meta property=\"og:image\" content=\"https:\/\/media.alj.com\/app\/uploads\/2022\/11\/VCM-PIF-LI.jpg\" \/>\n\t<meta property=\"og:image:width\" content=\"1200\" \/>\n\t<meta property=\"og:image:height\" content=\"627\" \/>\n\t<meta property=\"og:image:type\" content=\"image\/jpeg\" \/>\n<meta name=\"twitter:card\" content=\"summary_large_image\" \/>\n<meta name=\"twitter:label1\" content=\"Est. reading time\" \/>\n\t<meta name=\"twitter:data1\" content=\"3 minutes\" \/>\n<script type=\"application\/ld+json\" class=\"yoast-schema-graph\">{\"@context\":\"https:\/\/schema.org\",\"@graph\":[{\"@type\":\"WebPage\",\"@id\":\"https:\/\/alj.com\/fr\/news\/abdul-latif-jameel-partners-with-voluntary-carbon-market-to-help-drive-global-net-zero-ambitions\/\",\"url\":\"https:\/\/alj.com\/fr\/news\/abdul-latif-jameel-partners-with-voluntary-carbon-market-to-help-drive-global-net-zero-ambitions\/\",\"name\":\"Partenariat avec le Voluntary Carbon Market | Abdul Latif Jameel\u00ae\",\"isPartOf\":{\"@id\":\"https:\/\/alj.com\/en\/#website\"},\"datePublished\":\"2022-11-07T08:10:56+00:00\",\"dateModified\":\"2023-02-09T08:13:53+00:00\",\"description\":\"Abdul Latif Jameel, investisseur international, s'associe au march\u00e9 volontaire du carbone pour contribuer \u00e0 la r\u00e9duction nette des \u00e9missions. Lire la suite.\",\"breadcrumb\":{\"@id\":\"https:\/\/alj.com\/fr\/news\/abdul-latif-jameel-partners-with-voluntary-carbon-market-to-help-drive-global-net-zero-ambitions\/#breadcrumb\"},\"inLanguage\":\"fr-FR\",\"potentialAction\":[{\"@type\":\"ReadAction\",\"target\":[\"https:\/\/alj.com\/fr\/news\/abdul-latif-jameel-partners-with-voluntary-carbon-market-to-help-drive-global-net-zero-ambitions\/\"]}]},{\"@type\":\"BreadcrumbList\",\"@id\":\"https:\/\/alj.com\/fr\/news\/abdul-latif-jameel-partners-with-voluntary-carbon-market-to-help-drive-global-net-zero-ambitions\/#breadcrumb\",\"itemListElement\":[{\"@type\":\"ListItem\",\"position\":1,\"name\":\"Home\",\"item\":\"https:\/\/alj.com\/fr\/\"},{\"@type\":\"ListItem\",\"position\":2,\"name\":\"News\",\"item\":\"https:\/\/alj.com\/en\/news\/\"},{\"@type\":\"ListItem\",\"position\":3,\"name\":\"Abdul Latif Jameel s\u2019associe \u00e0 Voluntary Carbon Market pour contribuer \u00e0 la r\u00e9alisation d\u2019objectifs mondiaux de r\u00e9duction des \u00e9missions de CO\u2082.\"}]},{\"@type\":\"WebSite\",\"@id\":\"https:\/\/alj.com\/en\/#website\",\"url\":\"https:\/\/alj.com\/en\/\",\"name\":\"Abdul Latif Jameel\",\"description\":\"Abdul Latif Jameel\",\"potentialAction\":[{\"@type\":\"SearchAction\",\"target\":{\"@type\":\"EntryPoint\",\"urlTemplate\":\"https:\/\/alj.com\/en\/?s={search_term_string}\"},\"query-input\":\"required name=search_term_string\"}],\"inLanguage\":\"fr-FR\"}]}<\/script>\n<!-- \/ Yoast SEO plugin. -->","yoast_head_json":{"title":"Partenariat avec le Voluntary Carbon Market | Abdul Latif Jameel\u00ae","description":"Abdul Latif Jameel, investisseur international, s'associe au march\u00e9 volontaire du carbone pour contribuer \u00e0 la r\u00e9duction nette des \u00e9missions. Lire la suite.","robots":{"index":"index","follow":"follow","max-snippet":"max-snippet:-1","max-image-preview":"max-image-preview:large","max-video-preview":"max-video-preview:-1"},"canonical":"https:\/\/alj.com\/fr\/news\/abdul-latif-jameel-partners-with-voluntary-carbon-market-to-help-drive-global-net-zero-ambitions\/","og_locale":"fr_FR","og_type":"article","og_title":"Partenariat avec le Voluntary Carbon Market | Abdul Latif Jameel\u00ae","og_description":"Abdul Latif Jameel, investisseur international, s'associe au march\u00e9 volontaire du carbone pour contribuer \u00e0 la r\u00e9duction nette des \u00e9missions. Lire la suite.","og_url":"https:\/\/alj.com\/fr\/news\/abdul-latif-jameel-partners-with-voluntary-carbon-market-to-help-drive-global-net-zero-ambitions\/","og_site_name":"Abdul Latif Jameel","article_publisher":"https:\/\/www.facebook.com\/Abdul.Latif.Jameel.Official","article_modified_time":"2023-02-09T08:13:53+00:00","og_image":[{"width":1200,"height":627,"url":"https:\/\/media.alj.com\/app\/uploads\/2022\/11\/VCM-PIF-LI.jpg","type":"image\/jpeg"}],"twitter_card":"summary_large_image","twitter_misc":{"Est. reading time":"3 minutes"},"schema":{"@context":"https:\/\/schema.org","@graph":[{"@type":"WebPage","@id":"https:\/\/alj.com\/fr\/news\/abdul-latif-jameel-partners-with-voluntary-carbon-market-to-help-drive-global-net-zero-ambitions\/","url":"https:\/\/alj.com\/fr\/news\/abdul-latif-jameel-partners-with-voluntary-carbon-market-to-help-drive-global-net-zero-ambitions\/","name":"Partenariat avec le Voluntary Carbon Market | Abdul Latif Jameel\u00ae","isPartOf":{"@id":"https:\/\/alj.com\/en\/#website"},"datePublished":"2022-11-07T08:10:56+00:00","dateModified":"2023-02-09T08:13:53+00:00","description":"Abdul Latif Jameel, investisseur international, s'associe au march\u00e9 volontaire du carbone pour contribuer \u00e0 la r\u00e9duction nette des \u00e9missions. Lire la suite.","breadcrumb":{"@id":"https:\/\/alj.com\/fr\/news\/abdul-latif-jameel-partners-with-voluntary-carbon-market-to-help-drive-global-net-zero-ambitions\/#breadcrumb"},"inLanguage":"fr-FR","potentialAction":[{"@type":"ReadAction","target":["https:\/\/alj.com\/fr\/news\/abdul-latif-jameel-partners-with-voluntary-carbon-market-to-help-drive-global-net-zero-ambitions\/"]}]},{"@type":"BreadcrumbList","@id":"https:\/\/alj.com\/fr\/news\/abdul-latif-jameel-partners-with-voluntary-carbon-market-to-help-drive-global-net-zero-ambitions\/#breadcrumb","itemListElement":[{"@type":"ListItem","position":1,"name":"Home","item":"https:\/\/alj.com\/fr\/"},{"@type":"ListItem","position":2,"name":"News","item":"https:\/\/alj.com\/en\/news\/"},{"@type":"ListItem","position":3,"name":"Abdul Latif Jameel s\u2019associe \u00e0 Voluntary Carbon Market pour contribuer \u00e0 la r\u00e9alisation d\u2019objectifs mondiaux de r\u00e9duction des \u00e9missions de CO\u2082."}]},{"@type":"WebSite","@id":"https:\/\/alj.com\/en\/#website","url":"https:\/\/alj.com\/en\/","name":"Abdul Latif Jameel","description":"Abdul Latif Jameel","potentialAction":[{"@type":"SearchAction","target":{"@type":"EntryPoint","urlTemplate":"https:\/\/alj.com\/en\/?s={search_term_string}"},"query-input":"required name=search_term_string"}],"inLanguage":"fr-FR"}]}},"post-meta-fields":{"push_notification":["no"],"_push_notification":["field_5c3b1fb67034d"],"_wpml_word_count":["{\"total\":465,\"to_translate\":{\"ar\":465,\"zh-hans\":465,\"fr\":465,\"ja\":465,\"es\":465,\"tr\":465}}"],"_wpml_media_featured":["1"],"_wpml_media_duplicate":["1"],"news_slider_short_title":["Partenariat avec le march\u00e9 volontaire du carbone"],"news_summary":["<p>Abdul Latif Jameel s\u2019associe \u00e0 Voluntary Carbon Market pour contribuer \u00e0 la r\u00e9alisation d\u2019objectifs mondiaux de r\u00e9duction des \u00e9missions de CO\u2082.<\/p>\n"],"news-location":["Riyad, Arabie Saoudite"],"wpcf-featured-news":["1"],"wpcf-featured-on-news-page":["1"],"publish_mobile":["a:1:{i:0;s:3:\"yes\";}"],"_publish_mobile":["field_5bfa8eb2e65cf"],"mobile_featured_image":["https:\/\/media.alj.com\/app\/uploads\/2022\/11\/Abdul-Latif-Jameel-VCM-PIF-signing.jpg"],"_mobile_featured_image":["field_5c3b204983dea"],"featured_on_listing_page":["0"],"_featured_on_listing_page":["field_62458ea7383c3"],"content_series_applied":[""],"_content_series_applied":["field_60f3d3faf82ac"],"wpcf-show-at-homepage-first-sec-secondary-slider":["1"],"wpcf-news-publish_date":["1667779200"],"wpcf-news-downloadable_file":[""],"wpcf-video-description":[""],"wpcf-layoutvideourl":[""],"wpcf-video-thumb":[""],"wpcf-social4-svg":[""],"wpcf-social4-background-image":[""],"wpcf-social4-text":[""],"wpcf-social4-url":[""],"wpcf-social3-svg":[""],"wpcf-social3-background-image":[""],"wpcf-social3-text":[""],"wpcf-social3-url":[""],"wpcf-social-text-svg-square":[""],"wpcf-social-text-image-square":[""],"wpcf-social-text-text-square":[""],"wpcf-social-text-url-square":[""],"wpcf-social2-svg":[""],"wpcf-social2-background-image":[""],"wpcf-social2-text":[""],"wpcf-social2-url":[""],"wpcf-social-svg-square":[""],"wpcf-social-image-square":[""],"wpcf-social-text-square":[""],"wpcf-social-url-square":[""],"wpcf-social1-svg":[""],"wpcf-social1-background-image":[""],"wpcf-social1-text":[""],"wpcf-social1-url":[""],"wpcf-quotes-with-auther-text-1":[""],"wpcf-card_article_with_title_content":[""],"wpcf-card_article_content":["<p>write your content<\/p>"],"wpcf-quotes-with-auther-text":[""],"_bsf_post_type":["0"],"_bsf_item_review_type":["none"],"_yoast_wpseo_primary_newscategory":["149"],"_yoast_wpseo_title":["Partenariat avec le Voluntary Carbon Market | Abdul Latif Jameel\u00ae"],"_yoast_wpseo_metadesc":["Abdul Latif Jameel, investisseur international, s'associe au march\u00e9 volontaire du carbone pour contribuer \u00e0 la r\u00e9duction nette des \u00e9missions. Lire la suite."],"_yoast_wpseo_content_score":["30"],"_yoast_wpseo_estimated-reading-time-minutes":["3"],"_yoast_wpseo_opengraph-image":["https:\/\/media.alj.com\/app\/uploads\/2022\/11\/VCM-PIF-LI-1024x535.jpg"],"_yoast_wpseo_opengraph-image-id":["103778"],"_thumbnail_id":["103758"],"_edit_lock":["1675930307:25"],"_edit_last":["25"],"wpcf-projecttitle":[""],"wpcf-projectdescription":[""],"wpcf-projectimage-video1":["image"],"wpcf-projectimage-1":[""],"wpcf-projectvideo-1":[""],"wpcf-projectdescription-1":[""],"wpcf-projectimage-video2":["image"],"wpcf-projectimage-2":[""],"wpcf-projectvideo-2":[""],"wpcf-projectdescription-2":[""],"wpcf-projectimage-video3":["image"],"wpcf-projectimage-3":[""],"wpcf-projectvideo-3":[""],"wpcf-projectdescription-3":[""],"wpcf-projectimage-video4":["image"],"wpcf-projectimage-4":[""],"wpcf-projectvideo-4":[""],"wpcf-projectdescription-4":[""],"_last_translation_edit_mode":["native-editor"],"_yoast_wpseo_wordproof_timestamp":[""],"news_business_sector":["Entreprise"],"wpcf-card-image":[""],"_wpcf-card-image-sort-order":["a:1:{i:0;i:1428419;}"],"amazonS3_cache":["a:4:{s:61:\"\/\/alj.com\/app\/uploads\/2022\/11\/Fady-Jameel-VCM-PIF-signing.jpg\";a:2:{s:2:\"id\";i:103765;s:11:\"source_type\";s:13:\"media-library\";}s:69:\"\/\/alj.com\/app\/uploads\/2022\/11\/Fady-Jameel-VCM-PIF-signing-300x200.jpg\";a:2:{s:2:\"id\";i:103765;s:11:\"source_type\";s:13:\"media-library\";}s:67:\"\/\/media.alj.com\/app\/uploads\/2022\/11\/Fady-Jameel-VCM-PIF-signing.jpg\";a:2:{s:2:\"id\";i:103765;s:11:\"source_type\";s:13:\"media-library\";}s:75:\"\/\/media.alj.com\/app\/uploads\/2022\/11\/Fady-Jameel-VCM-PIF-signing-300x200.jpg\";a:2:{s:2:\"id\";i:103765;s:11:\"source_type\";s:13:\"media-library\";}}"]},"_links":{"self":[{"href":"https:\/\/alj.com\/fr\/wp-json\/wp\/v2\/news\/104328"}],"collection":[{"href":"https:\/\/alj.com\/fr\/wp-json\/wp\/v2\/news"}],"about":[{"href":"https:\/\/alj.com\/fr\/wp-json\/wp\/v2\/types\/news"}],"wp:featuredmedia":[{"embeddable":true,"href":"https:\/\/alj.com\/fr\/wp-json\/wp\/v2\/media\/103758"}],"wp:attachment":[{"href":"https:\/\/alj.com\/fr\/wp-json\/wp\/v2\/media?parent=104328"}],"wp:term":[{"taxonomy":"post_tag","embeddable":true,"href":"https:\/\/alj.com\/fr\/wp-json\/wp\/v2\/tags?post=104328"},{"taxonomy":"newscategory","embeddable":true,"href":"https:\/\/alj.com\/fr\/wp-json\/wp\/v2\/newscategory?post=104328"}],"curies":[{"name":"wp","href":"https:\/\/api.w.org\/{rel}","templated":true}]}}