{"id":114141,"date":"2024-01-17T06:43:29","date_gmt":"2024-01-17T06:43:29","guid":{"rendered":"https:\/\/alj.com\/news\/lexus-turkiye-wins-best-public-relations-event-award\/"},"modified":"2024-06-11T09:34:40","modified_gmt":"2024-06-11T09:34:40","slug":"lexus-turkiye-wins-best-public-relations-event-award","status":"publish","type":"news","link":"https:\/\/alj.com\/fr\/news\/lexus-turkiye-wins-best-public-relations-event-award\/","title":{"rendered":"Lexus Turquie remporte le prix du \u00ab Meilleur \u00e9v\u00e9nement de relations publiques \u00bb"},"content":{"rendered":"<p>Abdul Latif Jameel Turquie poursuit son succ\u00e8s en ce d\u00e9but d\u2019ann\u00e9e\u00a02024, avec une nouvelle r\u00e9compense importante. L\u2019\u00e9quipe de <a href=\"https:\/\/www.lexus.com.tr\/\">Lexus Turquie<\/a>, qui fait partie d\u2019<a href=\"https:\/\/jameelmotors.com\">Abdul Latif Jameel Motors<\/a>, remporte la r\u00e9compense du \u00ab\u00a0Meilleur \u00e9v\u00e9nement de relations publiques\u00a0\u00bb d\u00e9cern\u00e9 par <a href=\"https:\/\/miceodulleri.com\/en\/\">ACE of MICE<\/a> , pour le lancement m\u00e9diatique innovant du nouveau mod\u00e8le Lexus\u00a0LM en\u00a02023.<\/p>\n<p><img decoding=\"async\" loading=\"lazy\" class=\"size-full wp-image-113203 aligncenter\" src=\"https:\/\/media.alj.com\/app\/uploads\/2024\/01\/Lexus-LM350h-Award.jpg\" alt=\"Lexus LM350h &amp; Award\" width=\"1501\" height=\"629\" srcset=\"https:\/\/media.alj.com\/app\/uploads\/2024\/01\/Lexus-LM350h-Award.jpg 1501w, https:\/\/media.alj.com\/app\/uploads\/2024\/01\/Lexus-LM350h-Award-300x126.jpg 300w, https:\/\/media.alj.com\/app\/uploads\/2024\/01\/Lexus-LM350h-Award-1024x429.jpg 1024w, https:\/\/media.alj.com\/app\/uploads\/2024\/01\/Lexus-LM350h-Award-150x63.jpg 150w, https:\/\/media.alj.com\/app\/uploads\/2024\/01\/Lexus-LM350h-Award-768x322.jpg 768w\" sizes=\"(max-width: 1501px) 100vw, 1501px\" \/><\/p>\n<p>Le lancement de Lexus\u00a0LM, qui s\u2019est tenu \u00e0 Thessalonique, en Gr\u00e8ce, a \u00e9t\u00e9 consacr\u00e9 au 100<sup>e<\/sup>\u00a0anniversaire de la R\u00e9publique de Turquie, et a donn\u00e9 lieu \u00e0 une premi\u00e8re mondiale avec une conf\u00e9rence de presse interactive diffus\u00e9e en direct depuis l\u2019int\u00e9rieur d\u2019un v\u00e9hicule en mouvement.<\/p>\n<p><img decoding=\"async\" loading=\"lazy\" class=\"size-full wp-image-113210 aligncenter\" src=\"https:\/\/media.alj.com\/app\/uploads\/2024\/01\/Lexus-LM350h-ile-Hostes-ve-Pilotlarla-karsilama-yaparken-a.jpg\" alt=\"Lexus LM350h ile Hostes ve Pilotlarla karsilama yaparken\" width=\"1632\" height=\"647\" srcset=\"https:\/\/media.alj.com\/app\/uploads\/2024\/01\/Lexus-LM350h-ile-Hostes-ve-Pilotlarla-karsilama-yaparken-a.jpg 1632w, https:\/\/media.alj.com\/app\/uploads\/2024\/01\/Lexus-LM350h-ile-Hostes-ve-Pilotlarla-karsilama-yaparken-a-300x119.jpg 300w, https:\/\/media.alj.com\/app\/uploads\/2024\/01\/Lexus-LM350h-ile-Hostes-ve-Pilotlarla-karsilama-yaparken-a-1024x406.jpg 1024w, https:\/\/media.alj.com\/app\/uploads\/2024\/01\/Lexus-LM350h-ile-Hostes-ve-Pilotlarla-karsilama-yaparken-a-150x59.jpg 150w, https:\/\/media.alj.com\/app\/uploads\/2024\/01\/Lexus-LM350h-ile-Hostes-ve-Pilotlarla-karsilama-yaparken-a-768x304.jpg 768w, https:\/\/media.alj.com\/app\/uploads\/2024\/01\/Lexus-LM350h-ile-Hostes-ve-Pilotlarla-karsilama-yaparken-a-1536x609.jpg 1536w\" sizes=\"(max-width: 1632px) 100vw, 1632px\" \/>Le concept de l\u2019\u00e9v\u00e9nement hautement innovant et attrayant a transform\u00e9 un h\u00f4tel de Thessalonique en salon d\u2019affaires d\u2019une compagnie a\u00e9rienne de premi\u00e8re classe.<\/p>\n<p>Tous les clients de <a href=\"https:\/\/www.lexus.com.tr\/\">Lexus Turquie<\/a> ont v\u00e9cu une v\u00e9ritable exp\u00e9rience de voyage \u00e0 l\u2019a\u00e9roport avec des billets, des \u00e9tiquettes pour les bagages, une carte d\u2019invitation \u00e0 l\u2019entr\u00e9e du salon et des annonces pour \u00ab\u00a0Fly Lexus\u00a0\u00bb dans le style des a\u00e9roports, qui refl\u00e9taient l\u2019approche de Lexus \u00ab\u00a0Making Luxury Personal\u00a0\u00bb (faire du luxe une affaire personnelle).<\/p>\n<p>Les mod\u00e8les Lexus LM, dot\u00e9s d\u2019un \u00ab\u00a0confort de premi\u00e8re classe\u00a0\u00bb in\u00e9gal\u00e9, constituaient la flotte de \u00ab\u00a0Fly Lexus\u00a0\u00bb et permettaient aux clients de se d\u00e9tendre dans le salon de premi\u00e8re classe de l\u2019a\u00e9roport.<\/p>\n<p><img decoding=\"async\" loading=\"lazy\" class=\"alignright wp-image-113220 size-medium\" src=\"https:\/\/media.alj.com\/app\/uploads\/2024\/01\/Lexus-LM350h_Ataturk-Evi_Selanik-1-239x300.jpg\" alt=\"Lexus LM350h_Ataturk Evi_Selanik (1)\" width=\"239\" height=\"300\" srcset=\"https:\/\/media.alj.com\/app\/uploads\/2024\/01\/Lexus-LM350h_Ataturk-Evi_Selanik-1-239x300.jpg 239w, https:\/\/media.alj.com\/app\/uploads\/2024\/01\/Lexus-LM350h_Ataturk-Evi_Selanik-1-814x1024.jpg 814w, https:\/\/media.alj.com\/app\/uploads\/2024\/01\/Lexus-LM350h_Ataturk-Evi_Selanik-1-119x150.jpg 119w, https:\/\/media.alj.com\/app\/uploads\/2024\/01\/Lexus-LM350h_Ataturk-Evi_Selanik-1-768x966.jpg 768w, https:\/\/media.alj.com\/app\/uploads\/2024\/01\/Lexus-LM350h_Ataturk-Evi_Selanik-1-1222x1536.jpg 1222w, https:\/\/media.alj.com\/app\/uploads\/2024\/01\/Lexus-LM350h_Ataturk-Evi_Selanik-1-1629x2048.jpg 1629w, https:\/\/media.alj.com\/app\/uploads\/2024\/01\/Lexus-LM350h_Ataturk-Evi_Selanik-1-scaled.jpg 2036w\" sizes=\"(max-width: 239px) 100vw, 239px\" \/>Les clients \u00e9taient conduits jusqu\u2019aux places arri\u00e8re\u00a0VIP des mod\u00e8les Lexus\u00a0LM par des annonces sp\u00e9ciales, tandis qu\u2019\u00e0 l\u2019int\u00e9rieur du v\u00e9hicule, les caract\u00e9ristiques du mod\u00e8le \u00e9taient soulign\u00e9es par des voix off inspir\u00e9es des \u00ab\u00a0annonces du capitaine\u00a0\u00bb d\u2019un avion.<\/p>\n<p>Les clients \u00e9taient \u00e9galement accompagn\u00e9s d\u2019un capitaine en uniforme de pilote sur le si\u00e8ge conducteur et d\u2019un h\u00f4te en \u00e9l\u00e9gante tenue d\u2019aviateur sur le si\u00e8ge passager avant.<\/p>\n<p>Les surprises du lancement de Lexus Turquie se sont poursuivies avec la conf\u00e9rence de presse, qui s\u2019est d\u00e9roul\u00e9e en direct dans la Lexus\u00a0LM, une premi\u00e8re mondiale pour une conf\u00e9rence de presse interactive dans un v\u00e9hicule en mouvement.<\/p>\n<p>Les clients regardaient les d\u00e9tails du produit et d\u00e9couvraient en m\u00eame temps les caract\u00e9ristiques \u00e0 l\u2019int\u00e9rieur du v\u00e9hicule.<\/p>\n<p>Apr\u00e8s la conf\u00e9rence de presse, les clients se sont rendus \u00e0 la <a href=\"https:\/\/www.ktb.gov.tr\/TR-96346\/selanik-ataturk-evi.html\">maison-mus\u00e9e Atat\u00fcrk<\/a> accompagn\u00e9s par le c\u00e9l\u00e8bre historien, auteur et guide professionnel <a href=\"https:\/\/www.saffetemretonguc.com\/hakkinda\/\">Saffet Emre Tongu\u00e7<\/a>, dans la Lexus\u00a0LM, pour assister \u00e0 un \u00e9v\u00e9nement unique en son genre, \u00e0 l\u2019occasion du 100<sup>e<\/sup>\u00a0anniversaire de la R\u00e9publique de Turquie.<\/p>\n<div style=\"width: 640px;\" class=\"wp-video\"><!--[if lt IE 9]><script>document.createElement('video');<\/script><![endif]-->\n<video class=\"wp-video-shortcode\" id=\"video-114141-1\" width=\"640\" height=\"360\" preload=\"metadata\" controls=\"controls\"><source type=\"video\/mp4\" src=\"https:\/\/media.alj.com\/app\/uploads\/2024\/01\/Lexus-LM-Etkinlik-Filmi-30sn.mp4?_=1\" \/><a href=\"https:\/\/media.alj.com\/app\/uploads\/2024\/01\/Lexus-LM-Etkinlik-Filmi-30sn.mp4\">https:\/\/media.alj.com\/app\/uploads\/2024\/01\/Lexus-LM-Etkinlik-Filmi-30sn.mp4<\/a><\/video><\/div>\n<p>Pour en savoir plus sur Lexus Turquie, rendez-vous sur <a href=\"https:\/\/www.lexus.com.tr\/\">https:\/\/www.lexus.com.tr\/<\/a><\/p>\n","protected":false},"featured_media":113196,"template":"","tags":[],"newscategory":[150],"acf":[],"yoast_head":"<!-- This site is optimized with the Yoast SEO plugin v21.5 - https:\/\/yoast.com\/wordpress\/plugins\/seo\/ -->\n<title>Lexus Turquie gagne le prix du Meilleur \u00c9v\u00e9nement RP | Abdul Latif Jameel\u00ae<\/title>\n<meta name=\"description\" content=\"Lexus Turquie, d&#039;Abdul Latif Jameel Motors, gagne le prix du Meilleur \u00c9v\u00e9nement relations publiques pour le lancement 2023 du nouveau Lexus LM. Plus d&#039;infos ici.\" \/>\n<meta name=\"robots\" content=\"index, follow, max-snippet:-1, max-image-preview:large, max-video-preview:-1\" \/>\n<link rel=\"canonical\" href=\"https:\/\/alj.com\/fr\/news\/lexus-turkiye-wins-best-public-relations-event-award\/\" \/>\n<meta property=\"og:locale\" content=\"fr_FR\" \/>\n<meta property=\"og:type\" content=\"article\" \/>\n<meta property=\"og:title\" content=\"Lexus Turquie gagne le prix du Meilleur \u00c9v\u00e9nement RP | Abdul Latif Jameel\u00ae\" \/>\n<meta property=\"og:description\" content=\"Lexus Turquie, d&#039;Abdul Latif Jameel Motors, gagne le prix du Meilleur \u00c9v\u00e9nement relations publiques pour le lancement 2023 du nouveau Lexus LM. Plus d&#039;infos ici.\" \/>\n<meta property=\"og:url\" content=\"https:\/\/alj.com\/fr\/news\/lexus-turkiye-wins-best-public-relations-event-award\/\" \/>\n<meta property=\"og:site_name\" content=\"Abdul Latif Jameel\" \/>\n<meta property=\"article:publisher\" content=\"https:\/\/www.facebook.com\/Abdul.Latif.Jameel.Official\" \/>\n<meta property=\"article:modified_time\" content=\"2024-06-11T09:34:40+00:00\" \/>\n<meta property=\"og:image\" content=\"https:\/\/media.alj.com\/app\/uploads\/2024\/01\/Ace-of-Mice_Lexus-Turkey_Best-PR-Award-a.jpg\" \/>\n\t<meta property=\"og:image:width\" content=\"584\" \/>\n\t<meta property=\"og:image:height\" content=\"336\" \/>\n\t<meta property=\"og:image:type\" content=\"image\/jpeg\" \/>\n<meta name=\"twitter:card\" content=\"summary_large_image\" \/>\n<meta name=\"twitter:label1\" content=\"Est. reading time\" \/>\n\t<meta name=\"twitter:data1\" content=\"2 minutes\" \/>\n<script type=\"application\/ld+json\" class=\"yoast-schema-graph\">{\"@context\":\"https:\/\/schema.org\",\"@graph\":[{\"@type\":\"WebPage\",\"@id\":\"https:\/\/alj.com\/fr\/news\/lexus-turkiye-wins-best-public-relations-event-award\/\",\"url\":\"https:\/\/alj.com\/fr\/news\/lexus-turkiye-wins-best-public-relations-event-award\/\",\"name\":\"Lexus Turquie gagne le prix du Meilleur \u00c9v\u00e9nement RP | Abdul Latif Jameel\u00ae\",\"isPartOf\":{\"@id\":\"https:\/\/alj.com\/en\/#website\"},\"datePublished\":\"2024-01-17T06:43:29+00:00\",\"dateModified\":\"2024-06-11T09:34:40+00:00\",\"description\":\"Lexus Turquie, d'Abdul Latif Jameel Motors, gagne le prix du Meilleur \u00c9v\u00e9nement relations publiques pour le lancement 2023 du nouveau Lexus LM. Plus d'infos ici.\",\"breadcrumb\":{\"@id\":\"https:\/\/alj.com\/fr\/news\/lexus-turkiye-wins-best-public-relations-event-award\/#breadcrumb\"},\"inLanguage\":\"fr-FR\",\"potentialAction\":[{\"@type\":\"ReadAction\",\"target\":[\"https:\/\/alj.com\/fr\/news\/lexus-turkiye-wins-best-public-relations-event-award\/\"]}]},{\"@type\":\"BreadcrumbList\",\"@id\":\"https:\/\/alj.com\/fr\/news\/lexus-turkiye-wins-best-public-relations-event-award\/#breadcrumb\",\"itemListElement\":[{\"@type\":\"ListItem\",\"position\":1,\"name\":\"Home\",\"item\":\"https:\/\/alj.com\/fr\/\"},{\"@type\":\"ListItem\",\"position\":2,\"name\":\"News\",\"item\":\"https:\/\/alj.com\/en\/news\/\"},{\"@type\":\"ListItem\",\"position\":3,\"name\":\"Lexus Turquie remporte le prix du \u00ab Meilleur \u00e9v\u00e9nement de relations publiques \u00bb\"}]},{\"@type\":\"WebSite\",\"@id\":\"https:\/\/alj.com\/en\/#website\",\"url\":\"https:\/\/alj.com\/en\/\",\"name\":\"Abdul Latif Jameel\",\"description\":\"Abdul Latif Jameel\",\"potentialAction\":[{\"@type\":\"SearchAction\",\"target\":{\"@type\":\"EntryPoint\",\"urlTemplate\":\"https:\/\/alj.com\/en\/?s={search_term_string}\"},\"query-input\":\"required name=search_term_string\"}],\"inLanguage\":\"fr-FR\"}]}<\/script>\n<!-- \/ Yoast SEO plugin. -->","yoast_head_json":{"title":"Lexus Turquie gagne le prix du Meilleur \u00c9v\u00e9nement RP | Abdul Latif Jameel\u00ae","description":"Lexus Turquie, d'Abdul Latif Jameel Motors, gagne le prix du Meilleur \u00c9v\u00e9nement relations publiques pour le lancement 2023 du nouveau Lexus LM. Plus d'infos ici.","robots":{"index":"index","follow":"follow","max-snippet":"max-snippet:-1","max-image-preview":"max-image-preview:large","max-video-preview":"max-video-preview:-1"},"canonical":"https:\/\/alj.com\/fr\/news\/lexus-turkiye-wins-best-public-relations-event-award\/","og_locale":"fr_FR","og_type":"article","og_title":"Lexus Turquie gagne le prix du Meilleur \u00c9v\u00e9nement RP | Abdul Latif Jameel\u00ae","og_description":"Lexus Turquie, d'Abdul Latif Jameel Motors, gagne le prix du Meilleur \u00c9v\u00e9nement relations publiques pour le lancement 2023 du nouveau Lexus LM. Plus d'infos ici.","og_url":"https:\/\/alj.com\/fr\/news\/lexus-turkiye-wins-best-public-relations-event-award\/","og_site_name":"Abdul Latif Jameel","article_publisher":"https:\/\/www.facebook.com\/Abdul.Latif.Jameel.Official","article_modified_time":"2024-06-11T09:34:40+00:00","og_image":[{"width":584,"height":336,"url":"https:\/\/media.alj.com\/app\/uploads\/2024\/01\/Ace-of-Mice_Lexus-Turkey_Best-PR-Award-a.jpg","type":"image\/jpeg"}],"twitter_card":"summary_large_image","twitter_misc":{"Est. reading time":"2 minutes"},"schema":{"@context":"https:\/\/schema.org","@graph":[{"@type":"WebPage","@id":"https:\/\/alj.com\/fr\/news\/lexus-turkiye-wins-best-public-relations-event-award\/","url":"https:\/\/alj.com\/fr\/news\/lexus-turkiye-wins-best-public-relations-event-award\/","name":"Lexus Turquie gagne le prix du Meilleur \u00c9v\u00e9nement RP | Abdul Latif Jameel\u00ae","isPartOf":{"@id":"https:\/\/alj.com\/en\/#website"},"datePublished":"2024-01-17T06:43:29+00:00","dateModified":"2024-06-11T09:34:40+00:00","description":"Lexus Turquie, d'Abdul Latif Jameel Motors, gagne le prix du Meilleur \u00c9v\u00e9nement relations publiques pour le lancement 2023 du nouveau Lexus LM. Plus d'infos ici.","breadcrumb":{"@id":"https:\/\/alj.com\/fr\/news\/lexus-turkiye-wins-best-public-relations-event-award\/#breadcrumb"},"inLanguage":"fr-FR","potentialAction":[{"@type":"ReadAction","target":["https:\/\/alj.com\/fr\/news\/lexus-turkiye-wins-best-public-relations-event-award\/"]}]},{"@type":"BreadcrumbList","@id":"https:\/\/alj.com\/fr\/news\/lexus-turkiye-wins-best-public-relations-event-award\/#breadcrumb","itemListElement":[{"@type":"ListItem","position":1,"name":"Home","item":"https:\/\/alj.com\/fr\/"},{"@type":"ListItem","position":2,"name":"News","item":"https:\/\/alj.com\/en\/news\/"},{"@type":"ListItem","position":3,"name":"Lexus Turquie remporte le prix du \u00ab Meilleur \u00e9v\u00e9nement de relations publiques \u00bb"}]},{"@type":"WebSite","@id":"https:\/\/alj.com\/en\/#website","url":"https:\/\/alj.com\/en\/","name":"Abdul Latif Jameel","description":"Abdul Latif Jameel","potentialAction":[{"@type":"SearchAction","target":{"@type":"EntryPoint","urlTemplate":"https:\/\/alj.com\/en\/?s={search_term_string}"},"query-input":"required name=search_term_string"}],"inLanguage":"fr-FR"}]}},"post-meta-fields":{"push_notification":["no"],"_push_notification":["field_5c3b1fb67034d"],"_wpml_word_count":["{\"total\":511,\"to_translate\":{\"ar\":511,\"zh-hans\":511,\"fr\":511,\"ja\":511,\"es\":511,\"tr\":511}}"],"news_slider_short_title":["Lexus Turquie remporte le prix du \u00ab Meilleur \u00e9v\u00e9nement de relations publiques \u00bb"],"news_summary":["<p>Abdul Latif Jameel Turquie poursuit son succ\u00e8s en ce d\u00e9but d\u2019ann\u00e9e\u00a02024, avec une nouvelle r\u00e9compense importante. L\u2019\u00e9quipe de <a href=\"https:\/\/www.lexus.com.tr\/\">Lexus Turquie<\/a>, qui fait partie d\u2019<a href=\"https:\/\/jameelmotors.com\">Abdul Latif Jameel Motors<\/a>, remporte la r\u00e9compense du \u00ab\u00a0Meilleur \u00e9v\u00e9nement de relations publiques\u00a0\u00bb d\u00e9cern\u00e9 par <a href=\"https:\/\/miceodulleri.com\/en\/\">ACE of MICE<\/a> , pour le lancement m\u00e9diatique innovant du nouveau mod\u00e8le Lexus\u00a0LM en\u00a02023.<\/p>\n"],"wpcf-featured-news":["0"],"wpcf-featured-on-news-page":["0"],"publish_mobile":["a:1:{i:0;s:3:\"yes\";}"],"_publish_mobile":["field_5bfa8eb2e65cf"],"mobile_featured_image":["https:\/\/media.alj.com\/app\/uploads\/2024\/01\/Ace-of-Mice_Lexus-Turkey_Best-PR-Award-a.jpg"],"_mobile_featured_image":["field_5c3b204983dea"],"content_series_applied":[""],"_content_series_applied":["field_60f3d3faf82ac"],"featured_on_listing_page":["0"],"_featured_on_listing_page":["field_62458ea7383c3"],"wpcf-wpcf-at-a-glance-or-perspective":["1"],"wpcf-show-at-homepage-first-sec-secondary-slider":["2"],"wpcf-news-downloadable_file":[""],"wpcf-video-description":[""],"wpcf-layoutvideourl":[""],"wpcf-video-thumb":[""],"wpcf-social4-svg":[""],"wpcf-social4-background-image":[""],"wpcf-social4-text":[""],"wpcf-social4-url":[""],"wpcf-social3-svg":[""],"wpcf-social3-background-image":[""],"wpcf-social3-text":[""],"wpcf-social3-url":[""],"wpcf-social-text-svg-square":[""],"wpcf-social-text-image-square":[""],"wpcf-social-text-text-square":[""],"wpcf-social-text-url-square":[""],"wpcf-social2-svg":[""],"wpcf-social2-background-image":[""],"wpcf-social2-text":[""],"wpcf-social2-url":[""],"wpcf-social-svg-square":[""],"wpcf-social-image-square":[""],"wpcf-social-text-square":[""],"wpcf-social-url-square":[""],"wpcf-social1-svg":[""],"wpcf-social1-background-image":[""],"wpcf-social1-text":[""],"wpcf-social1-url":[""],"wpcf-quotes-with-auther-text-1":[""],"wpcf-card_article_with_title_content":[""],"wpcf-card_article_content":["write your content"],"wpcf-quotes-with-auther-text":[""],"_bsf_post_type":["0"],"_bsf_item_review_type":["none"],"_wpml_media_duplicate":["1"],"_wpml_media_featured":["1"],"_yoast_wpseo_primary_newscategory":["150"],"_yoast_wpseo_focuskw":["Lexus Turquie remporte le prix du \u00ab Meilleur \u00e9v\u00e9nement de relations publiques \u00bb."],"_yoast_wpseo_linkdex":["49"],"_yoast_wpseo_content_score":["30"],"_yoast_wpseo_estimated-reading-time-minutes":[""],"_yoast_wpseo_wordproof_timestamp":[""],"_yoast_wpseo_metadesc":["Lexus Turquie, d'Abdul Latif Jameel Motors, gagne le prix du Meilleur \u00c9v\u00e9nement relations publiques pour le lancement 2023 du nouveau Lexus LM. Plus d'infos ici."],"news-location":["Istanbul, Turquie"],"wpcf-news-publish_date":["1705449600"],"_yoast_wpseo_title":["Lexus Turquie gagne le prix du Meilleur \u00c9v\u00e9nement RP | Abdul Latif Jameel\u00ae"],"_thumbnail_id":["113196"],"_edit_lock":["1718098356:25"],"_edit_last":["25"],"wpcf-projecttitle":[""],"wpcf-projectdescription":[""],"wpcf-projectimage-video1":["image"],"wpcf-projectimage-1":[""],"wpcf-projectvideo-1":[""],"wpcf-projectdescription-1":[""],"wpcf-projectimage-video2":["image"],"wpcf-projectimage-2":[""],"wpcf-projectvideo-2":[""],"wpcf-projectdescription-2":[""],"wpcf-projectimage-video3":["image"],"wpcf-projectimage-3":[""],"wpcf-projectvideo-3":[""],"wpcf-projectdescription-3":[""],"wpcf-projectimage-video4":["image"],"wpcf-projectimage-4":[""],"wpcf-projectvideo-4":[""],"wpcf-projectdescription-4":[""],"_last_translation_edit_mode":["native-editor"],"wpcf-card-image":[""],"_wpcf-card-image-sort-order":["a:1:{i:0;i:1788135;}"],"amazonS3_cache":["a:10:{s:52:\"\/\/alj.com\/app\/uploads\/2024\/01\/Lexus-LM350h-Award.jpg\";a:2:{s:2:\"id\";i:113203;s:11:\"source_type\";s:13:\"media-library\";}s:58:\"\/\/media.alj.com\/app\/uploads\/2024\/01\/Lexus-LM350h-Award.jpg\";a:2:{s:2:\"id\";i:113203;s:11:\"source_type\";s:13:\"media-library\";}s:92:\"\/\/alj.com\/app\/uploads\/2024\/01\/Lexus-LM350h-ile-Hostes-ve-Pilotlarla-karsilama-yaparken-a.jpg\";a:2:{s:2:\"id\";i:113210;s:11:\"source_type\";s:13:\"media-library\";}s:98:\"\/\/media.alj.com\/app\/uploads\/2024\/01\/Lexus-LM350h-ile-Hostes-ve-Pilotlarla-karsilama-yaparken-a.jpg\";a:2:{s:2:\"id\";i:113210;s:11:\"source_type\";s:13:\"media-library\";}s:68:\"\/\/alj.com\/app\/uploads\/2024\/01\/Lexus-LM350h_Ataturk-Evi_Selanik-1.jpg\";a:2:{s:2:\"id\";i:113220;s:11:\"source_type\";s:13:\"media-library\";}s:76:\"\/\/alj.com\/app\/uploads\/2024\/01\/Lexus-LM350h_Ataturk-Evi_Selanik-1-239x300.jpg\";a:2:{s:2:\"id\";i:113220;s:11:\"source_type\";s:13:\"media-library\";}s:81:\"\/\/media.alj.com\/app\/uploads\/2024\/01\/Lexus-LM350h_Ataturk-Evi_Selanik-1-scaled.jpg\";a:2:{s:2:\"id\";i:113220;s:11:\"source_type\";s:13:\"media-library\";}s:82:\"\/\/media.alj.com\/app\/uploads\/2024\/01\/Lexus-LM350h_Ataturk-Evi_Selanik-1-239x300.jpg\";a:2:{s:2:\"id\";i:113220;s:11:\"source_type\";s:13:\"media-library\";}s:62:\"\/\/alj.com\/app\/uploads\/2024\/01\/Lexus-LM-Etkinlik-Filmi-30sn.mp4\";a:2:{s:2:\"id\";s:6:\"113185\";s:11:\"source_type\";s:13:\"media-library\";}s:68:\"\/\/media.alj.com\/app\/uploads\/2024\/01\/Lexus-LM-Etkinlik-Filmi-30sn.mp4\";a:2:{s:2:\"id\";s:6:\"113185\";s:11:\"source_type\";s:13:\"media-library\";}}"]},"_links":{"self":[{"href":"https:\/\/alj.com\/fr\/wp-json\/wp\/v2\/news\/114141"}],"collection":[{"href":"https:\/\/alj.com\/fr\/wp-json\/wp\/v2\/news"}],"about":[{"href":"https:\/\/alj.com\/fr\/wp-json\/wp\/v2\/types\/news"}],"wp:featuredmedia":[{"embeddable":true,"href":"https:\/\/alj.com\/fr\/wp-json\/wp\/v2\/media\/113196"}],"wp:attachment":[{"href":"https:\/\/alj.com\/fr\/wp-json\/wp\/v2\/media?parent=114141"}],"wp:term":[{"taxonomy":"post_tag","embeddable":true,"href":"https:\/\/alj.com\/fr\/wp-json\/wp\/v2\/tags?post=114141"},{"taxonomy":"newscategory","embeddable":true,"href":"https:\/\/alj.com\/fr\/wp-json\/wp\/v2\/newscategory?post=114141"}],"curies":[{"name":"wp","href":"https:\/\/api.w.org\/{rel}","templated":true}]}}