{"id":122163,"date":"2025-05-08T08:20:54","date_gmt":"2025-05-08T08:20:54","guid":{"rendered":"https:\/\/alj.com\/news\/jameel-motors-and-geely-auto-to-launch-new-energy-passenger-vehicles-in-poland\/"},"modified":"2025-08-08T07:36:31","modified_gmt":"2025-08-08T07:36:31","slug":"jameel-motors-and-geely-auto-to-launch-new-energy-passenger-vehicles-in-poland","status":"publish","type":"news","link":"https:\/\/alj.com\/fr\/news\/jameel-motors-and-geely-auto-to-launch-new-energy-passenger-vehicles-in-poland\/","title":{"rendered":"Jameel Motors et Geely Auto lancent des v\u00e9hicules passagers \u00e0 \u00e9nergie nouvelle en Pologne"},"content":{"rendered":"<ul>\n<li>Jameel Motors et Geely Auto signent un accord de distribution de v\u00e9hicules passagers \u00e0 \u00e9nergie nouvelle (NEV) en Pologne.<\/li>\n<li>Geely Auto est un constructeur automobile chinois de premier plan et un pionnier de la conduite intelligente.<\/li>\n<li>Il s\u2019agit d\u2019une nouvelle entr\u00e9e sur le march\u00e9 pour Geely Auto, ainsi que d\u2019une expansion du portefeuille de Jameel Motors en Europe pour r\u00e9pondre \u00e0 la demande locale croissante en mati\u00e8re de NEV.<\/li>\n<\/ul>\n<p><a href=\"https:\/\/protect.checkpoint.com\/v2\/___https:\/jameelmotors.com___.YzJ1OndlY29tbXVuaWNhdGlvbnM6YzpvOmNlOTcxNDhjNDRlOGYxNjJkMmYwNmE0ZWQzYzI4ZjJjOjY6NmY5Yjo0Yjc2MzQ4MzMxZjNhZWQ2NzczZDgxMWQ5ODU5MjQ1MmIxNzRkZWVkOGQ5MTBmZDY1NTFkNjMwMTE2M2RiNGJiOnA6RjpG\">Jameel Motors<\/a>, l\u2019un des principaux fournisseurs de solutions de mobilit\u00e9 et partenaire privil\u00e9gi\u00e9 des grandes marques automobiles, et Geely Auto (Geely), un groupe automobile de renomm\u00e9e mondiale dont l\u2019engagement en faveur de l\u2019innovation est ind\u00e9fectible, ont sign\u00e9 un accord pour la distribution de v\u00e9hicules passagers \u00e0 \u00e9nergie nouvelle (NEV) en Pologne.<\/p>\n<p><iframe loading=\"lazy\" title=\"Jameel Motors Poland - Geely Auto (EN VO Subs)\" width=\"640\" height=\"360\" src=\"https:\/\/www.youtube.com\/embed\/a_l4L6iBGbQ?feature=oembed\" frameborder=\"0\" allow=\"accelerometer; autoplay; clipboard-write; encrypted-media; gyroscope; picture-in-picture; web-share\" referrerpolicy=\"strict-origin-when-cross-origin\" allowfullscreen><\/iframe><\/p>\n<p>Pour la premi\u00e8re fois, les clients polonais auront acc\u00e8s \u00e0 la gamme avanc\u00e9e de NEV de Geely. Le march\u00e9 polonais des v\u00e9hicules \u00e9lectriques a connu une forte croissance, avec une augmentation de 41\u00a0% des v\u00e9hicules \u00e9lectriques \u00e0 batterie (VEB) entre f\u00e9vrier\u00a02024 et f\u00e9vrier\u00a02025<a href=\"#_ftn1\" name=\"_ftnref1\">[1]<\/a>. Il s\u2019agit d\u2019une opportunit\u00e9 \u00e0 long terme pour Jameel Motors de r\u00e9pondre \u00e0 la demande des clients et de soutenir la transition vers une mobilit\u00e9 plus durable.<\/p>\n<p><img decoding=\"async\" loading=\"lazy\" class=\"aligncenter size-full wp-image-121657\" src=\"https:\/\/media.alj.com\/app\/uploads\/2025\/05\/DSC06884-scaled.jpg\" alt=\"\" width=\"2560\" height=\"1706\" srcset=\"https:\/\/media.alj.com\/app\/uploads\/2025\/05\/DSC06884-scaled.jpg 2560w, https:\/\/media.alj.com\/app\/uploads\/2025\/05\/DSC06884-300x200.jpg 300w, https:\/\/media.alj.com\/app\/uploads\/2025\/05\/DSC06884-1024x683.jpg 1024w, https:\/\/media.alj.com\/app\/uploads\/2025\/05\/DSC06884-150x100.jpg 150w, https:\/\/media.alj.com\/app\/uploads\/2025\/05\/DSC06884-768x512.jpg 768w, https:\/\/media.alj.com\/app\/uploads\/2025\/05\/DSC06884-1536x1024.jpg 1536w, https:\/\/media.alj.com\/app\/uploads\/2025\/05\/DSC06884-2048x1365.jpg 2048w\" sizes=\"(max-width: 2560px) 100vw, 2560px\" \/><\/p>\n<p>Jameel Motors se concentrera dans un premier temps sur la distribution de deux mod\u00e8les\u00a0: le Geely <a href=\"https:\/\/www.geely.com\/en\/models\/ex5\">EX5<\/a>, un SUV \u00e9lectrique de nouvelle g\u00e9n\u00e9ration, suivi d\u2019un v\u00e9hicule hybride rechargeable (PHEV) du segment C-SUV. Les v\u00e9hicules Geely sont r\u00e9put\u00e9s pour leur architecture modulaire sophistiqu\u00e9e, la plateforme GEA (Global Intelligent Electric Architecture) d\u00e9velopp\u00e9e par Geely, leur design de premier ordre et leurs dispositifs de s\u00e9curit\u00e9 de grande valeur. Les premiers v\u00e9hicules seront disponibles \u00e0 la vente au troisi\u00e8me trimestre\u00a02025.<\/p>\n<p><a href=\"https:\/\/protect.checkpoint.com\/v2\/___https:\/alj.com\/en\/our-people\/jasmmine-wong\/___.YzJ1OndlY29tbXVuaWNhdGlvbnM6YzpvOmNlOTcxNDhjNDRlOGYxNjJkMmYwNmE0ZWQzYzI4ZjJjOjY6NWIwYTo5MTllYzQ2YjVmZjBlZjk5YTliMTI2MzE3Mjg0ZjgyNjVjMTkzMTIxZGYyMDk2OWQwYmM0ZTVjNmRjZDg1MTc0OnA6RjpG\">Jasmmine Wong<\/a>, PDG de Jameel Motors, a d\u00e9clar\u00e9\u00a0:<\/p>\n<blockquote><p>\u00ab\u00a0En \u00e9largissant notre gamme de v\u00e9hicules \u00e0 \u00e9nergie nouvelle, nous donnons aux conducteurs polonais encore plus de libert\u00e9 et de flexibilit\u00e9 en mati\u00e8re de mobilit\u00e9 personnelle, tout en soutenant activement la transition du pays vers une mobilit\u00e9 plus verte. Nous sommes fiers de collaborer avec une entreprise aussi innovante que Geely Auto, qui ne cesse d\u2019innover en mati\u00e8re de technologie automobile et de d\u00e9veloppement durable.\u00a0\u00bb<\/p><\/blockquote>\n<p><img decoding=\"async\" loading=\"lazy\" class=\"aligncenter size-full wp-image-121685\" src=\"https:\/\/media.alj.com\/app\/uploads\/2025\/05\/Geely_EX5_6-scaled.jpg\" alt=\"\" width=\"2560\" height=\"1330\" srcset=\"https:\/\/media.alj.com\/app\/uploads\/2025\/05\/Geely_EX5_6-scaled.jpg 2560w, https:\/\/media.alj.com\/app\/uploads\/2025\/05\/Geely_EX5_6-300x156.jpg 300w, https:\/\/media.alj.com\/app\/uploads\/2025\/05\/Geely_EX5_6-1024x532.jpg 1024w, https:\/\/media.alj.com\/app\/uploads\/2025\/05\/Geely_EX5_6-150x78.jpg 150w, https:\/\/media.alj.com\/app\/uploads\/2025\/05\/Geely_EX5_6-768x399.jpg 768w, https:\/\/media.alj.com\/app\/uploads\/2025\/05\/Geely_EX5_6-1536x798.jpg 1536w, https:\/\/media.alj.com\/app\/uploads\/2025\/05\/Geely_EX5_6-2048x1064.jpg 2048w\" sizes=\"(max-width: 2560px) 100vw, 2560px\" \/><\/p>\n<p>Moe Wong, vice-pr\u00e9sident de Geely Auto International Corporation et directeur g\u00e9n\u00e9ral de Geely Auto Pan-Europe, a partag\u00e9 sa vision de l\u2019avenir de la collaboration entre Geely Auto et Jameel Motors:<\/p>\n<blockquote><p>\u00ab\u00a0Nous sommes convaincus que ce partenariat est non seulement une initiative commerciale gagnant-gagnant \u00e0 forte valeur ajout\u00e9e pour nos clients, nos \u00e9quipes et nos actionnaires, mais aussi une \u00e9tape significative dans l\u2019am\u00e9lioration de l\u2019industrie automobile polonaise \u2013 en introduisant sur le march\u00e9 des v\u00e9hicules de haute qualit\u00e9, intelligents et durables.\u00a0\u00bb<\/p><\/blockquote>\n<p>Marcin S\u0142omkowski, directeur g\u00e9n\u00e9ral de Jameel Motors Pologne, a d\u00e9clar\u00e9\u00a0:<\/p>\n<blockquote><p>\u00ab\u00a0Les v\u00e9hicules de Geely Auto sont parfaits pour les conducteurs polonais, car ils combinent des fonctions avanc\u00e9es et conviviales avec un style exceptionnel et une grande qualit\u00e9. Il s\u2019agit de v\u00e9hicules con\u00e7us pour r\u00e9pondre aux attentes des consommateurs polonais modernes, pour qui la technologie intelligente, le confort et la s\u00e9curit\u00e9 sont essentiels. L\u2019EX5 se distingue par son architecture \u00e9lectrique de nouvelle g\u00e9n\u00e9ration, ses syst\u00e8mes de s\u00e9curit\u00e9 avanc\u00e9s et son habitacle spacieux et confortable adapt\u00e9 aussi bien aux trajets en ville qu\u2019aux longs voyages en famille. C\u2019est une voiture con\u00e7ue en fonction des besoins r\u00e9els des utilisateurs, qui offre une mobilit\u00e9 haut de gamme \u00e0 un prix accessible. \u00bb<\/p><\/blockquote>\n<p>Geely est un constructeur automobile chinois de premier plan et un pionnier de la conduite intelligente, pr\u00e9sent dans plus de 80\u00a0pays et dont les ventes ont atteint pr\u00e8s de 2,17\u00a0millions de v\u00e9hicules en\u00a02024. Ax\u00e9 sur l\u2019innovation, Geely abrite plus de 30\u00a0000\u00a0ing\u00e9nieurs r\u00e9partis dans des centres de R&amp;D en Chine, en Su\u00e8de et au Royaume-Uni. R\u00e9cemment, la soci\u00e9t\u00e9 a lanc\u00e9 le premier syst\u00e8me technologique \u00ab\u00a0Intelligent Vehicle AI\u00a0\u00bb. En outre, Geely s\u2019est toujours class\u00e9e parmi les entreprises les plus performantes en mati\u00e8re d\u2019ESG (environnement, social et gouvernance) dans son secteur\u00a0: la soci\u00e9t\u00e9 a obtenu la note\u00a0AA dans le classement MSCI ESG et est class\u00e9e selon l\u2019indice Hang Seng Corporate Sustainability Index.<\/p>\n<p><img decoding=\"async\" loading=\"lazy\" class=\"aligncenter size-full wp-image-121671\" src=\"https:\/\/media.alj.com\/app\/uploads\/2025\/05\/Geely_EX5_1.png\" alt=\"\" width=\"11000\" height=\"6500\" srcset=\"https:\/\/media.alj.com\/app\/uploads\/2025\/05\/Geely_EX5_1.png 11000w, https:\/\/media.alj.com\/app\/uploads\/2025\/05\/Geely_EX5_1-300x177.png 300w, https:\/\/media.alj.com\/app\/uploads\/2025\/05\/Geely_EX5_1-1024x605.png 1024w, https:\/\/media.alj.com\/app\/uploads\/2025\/05\/Geely_EX5_1-150x89.png 150w, https:\/\/media.alj.com\/app\/uploads\/2025\/05\/Geely_EX5_1-768x454.png 768w, https:\/\/media.alj.com\/app\/uploads\/2025\/05\/Geely_EX5_1-1536x908.png 1536w, https:\/\/media.alj.com\/app\/uploads\/2025\/05\/Geely_EX5_1-2048x1210.png 2048w\" sizes=\"(max-width: 11000px) 100vw, 11000px\" \/><\/p>\n<p>Jameel Motors s\u2019appuie sur 70\u00a0ans d\u2019excellence automobile. Elle repr\u00e9sente certaines des marques de v\u00e9hicules utilitaires et passagers les plus reconnues au monde et est pr\u00e9sente dans plus de 10\u00a0pays au Moyen-Orient, en Afrique, en Europe, en Asie et en Australie.<\/p>\n<p><a href=\"#_ftnref1\" name=\"_ftn1\">[1]<\/a> E-Mobility Index PZPM, February 2025: <a href=\"https:\/\/www.pzpm.org.pl\/en\/Electromobility\/E-Mobility-Index\/Year-2025\/E-Mobility-Index-February-2025\">https:\/\/www.pzpm.org.pl\/en\/Electromobility\/E-Mobility-Index\/Year-2025\/E-Mobility-Index-February-2025<\/a><\/p>\n","protected":false},"featured_media":121667,"template":"","tags":[],"newscategory":[149],"acf":[],"yoast_head":"<!-- This site is optimized with the Yoast SEO plugin v21.5 - https:\/\/yoast.com\/wordpress\/plugins\/seo\/ -->\n<title>Jameel Motors et Geely Auto lancent des v\u00e9hicules \u00e9lectriques en Pologne | Abdul Latif Jameel\u00ae<\/title>\n<meta name=\"description\" content=\"Jameel Motors et Geely Auto s\u2019allient pour lancer des v\u00e9hicules \u00e9lectriques en Pologne, pour une transition du pays vers une mobilit\u00e9 verte et durable.\" \/>\n<meta name=\"robots\" content=\"index, follow, max-snippet:-1, max-image-preview:large, max-video-preview:-1\" \/>\n<link rel=\"canonical\" href=\"https:\/\/alj.com\/fr\/news\/jameel-motors-and-geely-auto-to-launch-new-energy-passenger-vehicles-in-poland\/\" \/>\n<meta property=\"og:locale\" content=\"fr_FR\" \/>\n<meta property=\"og:type\" content=\"article\" \/>\n<meta property=\"og:title\" content=\"Jameel Motors et Geely Auto lancent des v\u00e9hicules \u00e9lectriques en Pologne | Abdul Latif Jameel\u00ae\" \/>\n<meta property=\"og:description\" content=\"Jameel Motors et Geely Auto s\u2019allient pour lancer des v\u00e9hicules \u00e9lectriques en Pologne, pour une transition du pays vers une mobilit\u00e9 verte et durable.\" \/>\n<meta property=\"og:url\" content=\"https:\/\/alj.com\/fr\/news\/jameel-motors-and-geely-auto-to-launch-new-energy-passenger-vehicles-in-poland\/\" \/>\n<meta property=\"og:site_name\" content=\"Abdul Latif Jameel\" \/>\n<meta property=\"article:publisher\" content=\"https:\/\/www.facebook.com\/Abdul.Latif.Jameel.Official\" \/>\n<meta property=\"article:modified_time\" content=\"2025-08-08T07:36:31+00:00\" \/>\n<meta property=\"og:image\" content=\"https:\/\/media.alj.com\/app\/uploads\/2025\/05\/DSC06909-scaled.jpg\" \/>\n\t<meta property=\"og:image:width\" content=\"2560\" \/>\n\t<meta property=\"og:image:height\" content=\"1706\" \/>\n\t<meta property=\"og:image:type\" content=\"image\/jpeg\" \/>\n<meta name=\"twitter:card\" content=\"summary_large_image\" \/>\n<meta name=\"twitter:label1\" content=\"Est. reading time\" \/>\n\t<meta name=\"twitter:data1\" content=\"4 minutes\" \/>\n<script type=\"application\/ld+json\" class=\"yoast-schema-graph\">{\"@context\":\"https:\/\/schema.org\",\"@graph\":[{\"@type\":\"WebPage\",\"@id\":\"https:\/\/alj.com\/fr\/news\/jameel-motors-and-geely-auto-to-launch-new-energy-passenger-vehicles-in-poland\/\",\"url\":\"https:\/\/alj.com\/fr\/news\/jameel-motors-and-geely-auto-to-launch-new-energy-passenger-vehicles-in-poland\/\",\"name\":\"Jameel Motors et Geely Auto lancent des v\u00e9hicules \u00e9lectriques en Pologne | Abdul Latif Jameel\u00ae\",\"isPartOf\":{\"@id\":\"https:\/\/alj.com\/en\/#website\"},\"datePublished\":\"2025-05-08T08:20:54+00:00\",\"dateModified\":\"2025-08-08T07:36:31+00:00\",\"description\":\"Jameel Motors et Geely Auto s\u2019allient pour lancer des v\u00e9hicules \u00e9lectriques en Pologne, pour une transition du pays vers une mobilit\u00e9 verte et durable.\",\"breadcrumb\":{\"@id\":\"https:\/\/alj.com\/fr\/news\/jameel-motors-and-geely-auto-to-launch-new-energy-passenger-vehicles-in-poland\/#breadcrumb\"},\"inLanguage\":\"fr-FR\",\"potentialAction\":[{\"@type\":\"ReadAction\",\"target\":[\"https:\/\/alj.com\/fr\/news\/jameel-motors-and-geely-auto-to-launch-new-energy-passenger-vehicles-in-poland\/\"]}]},{\"@type\":\"BreadcrumbList\",\"@id\":\"https:\/\/alj.com\/fr\/news\/jameel-motors-and-geely-auto-to-launch-new-energy-passenger-vehicles-in-poland\/#breadcrumb\",\"itemListElement\":[{\"@type\":\"ListItem\",\"position\":1,\"name\":\"Home\",\"item\":\"https:\/\/alj.com\/fr\/\"},{\"@type\":\"ListItem\",\"position\":2,\"name\":\"News\",\"item\":\"https:\/\/alj.com\/en\/news\/\"},{\"@type\":\"ListItem\",\"position\":3,\"name\":\"Jameel Motors et Geely Auto lancent des v\u00e9hicules passagers \u00e0 \u00e9nergie nouvelle en Pologne\"}]},{\"@type\":\"WebSite\",\"@id\":\"https:\/\/alj.com\/en\/#website\",\"url\":\"https:\/\/alj.com\/en\/\",\"name\":\"Abdul Latif Jameel\",\"description\":\"Abdul Latif Jameel\",\"potentialAction\":[{\"@type\":\"SearchAction\",\"target\":{\"@type\":\"EntryPoint\",\"urlTemplate\":\"https:\/\/alj.com\/en\/?s={search_term_string}\"},\"query-input\":\"required name=search_term_string\"}],\"inLanguage\":\"fr-FR\"}]}<\/script>\n<!-- \/ Yoast SEO plugin. -->","yoast_head_json":{"title":"Jameel Motors et Geely Auto lancent des v\u00e9hicules \u00e9lectriques en Pologne | Abdul Latif Jameel\u00ae","description":"Jameel Motors et Geely Auto s\u2019allient pour lancer des v\u00e9hicules \u00e9lectriques en Pologne, pour une transition du pays vers une mobilit\u00e9 verte et durable.","robots":{"index":"index","follow":"follow","max-snippet":"max-snippet:-1","max-image-preview":"max-image-preview:large","max-video-preview":"max-video-preview:-1"},"canonical":"https:\/\/alj.com\/fr\/news\/jameel-motors-and-geely-auto-to-launch-new-energy-passenger-vehicles-in-poland\/","og_locale":"fr_FR","og_type":"article","og_title":"Jameel Motors et Geely Auto lancent des v\u00e9hicules \u00e9lectriques en Pologne | Abdul Latif Jameel\u00ae","og_description":"Jameel Motors et Geely Auto s\u2019allient pour lancer des v\u00e9hicules \u00e9lectriques en Pologne, pour une transition du pays vers une mobilit\u00e9 verte et durable.","og_url":"https:\/\/alj.com\/fr\/news\/jameel-motors-and-geely-auto-to-launch-new-energy-passenger-vehicles-in-poland\/","og_site_name":"Abdul Latif Jameel","article_publisher":"https:\/\/www.facebook.com\/Abdul.Latif.Jameel.Official","article_modified_time":"2025-08-08T07:36:31+00:00","og_image":[{"width":2560,"height":1706,"url":"https:\/\/media.alj.com\/app\/uploads\/2025\/05\/DSC06909-scaled.jpg","type":"image\/jpeg"}],"twitter_card":"summary_large_image","twitter_misc":{"Est. reading time":"4 minutes"},"schema":{"@context":"https:\/\/schema.org","@graph":[{"@type":"WebPage","@id":"https:\/\/alj.com\/fr\/news\/jameel-motors-and-geely-auto-to-launch-new-energy-passenger-vehicles-in-poland\/","url":"https:\/\/alj.com\/fr\/news\/jameel-motors-and-geely-auto-to-launch-new-energy-passenger-vehicles-in-poland\/","name":"Jameel Motors et Geely Auto lancent des v\u00e9hicules \u00e9lectriques en Pologne | Abdul Latif Jameel\u00ae","isPartOf":{"@id":"https:\/\/alj.com\/en\/#website"},"datePublished":"2025-05-08T08:20:54+00:00","dateModified":"2025-08-08T07:36:31+00:00","description":"Jameel Motors et Geely Auto s\u2019allient pour lancer des v\u00e9hicules \u00e9lectriques en Pologne, pour une transition du pays vers une mobilit\u00e9 verte et durable.","breadcrumb":{"@id":"https:\/\/alj.com\/fr\/news\/jameel-motors-and-geely-auto-to-launch-new-energy-passenger-vehicles-in-poland\/#breadcrumb"},"inLanguage":"fr-FR","potentialAction":[{"@type":"ReadAction","target":["https:\/\/alj.com\/fr\/news\/jameel-motors-and-geely-auto-to-launch-new-energy-passenger-vehicles-in-poland\/"]}]},{"@type":"BreadcrumbList","@id":"https:\/\/alj.com\/fr\/news\/jameel-motors-and-geely-auto-to-launch-new-energy-passenger-vehicles-in-poland\/#breadcrumb","itemListElement":[{"@type":"ListItem","position":1,"name":"Home","item":"https:\/\/alj.com\/fr\/"},{"@type":"ListItem","position":2,"name":"News","item":"https:\/\/alj.com\/en\/news\/"},{"@type":"ListItem","position":3,"name":"Jameel Motors et Geely Auto lancent des v\u00e9hicules passagers \u00e0 \u00e9nergie nouvelle en Pologne"}]},{"@type":"WebSite","@id":"https:\/\/alj.com\/en\/#website","url":"https:\/\/alj.com\/en\/","name":"Abdul Latif Jameel","description":"Abdul Latif Jameel","potentialAction":[{"@type":"SearchAction","target":{"@type":"EntryPoint","urlTemplate":"https:\/\/alj.com\/en\/?s={search_term_string}"},"query-input":"required name=search_term_string"}],"inLanguage":"fr-FR"}]}},"post-meta-fields":{"amazonS3_cache":["a:6:{s:49:\"\/\/alj.com\/app\/uploads\/2025\/05\/DSC06884-scaled.jpg\";a:2:{s:2:\"id\";i:121657;s:11:\"source_type\";s:13:\"media-library\";}s:55:\"\/\/media.alj.com\/app\/uploads\/2025\/05\/DSC06884-scaled.jpg\";a:2:{s:2:\"id\";i:121657;s:11:\"source_type\";s:13:\"media-library\";}s:52:\"\/\/alj.com\/app\/uploads\/2025\/05\/Geely_EX5_6-scaled.jpg\";a:2:{s:2:\"id\";i:121685;s:11:\"source_type\";s:13:\"media-library\";}s:58:\"\/\/media.alj.com\/app\/uploads\/2025\/05\/Geely_EX5_6-scaled.jpg\";a:2:{s:2:\"id\";i:121685;s:11:\"source_type\";s:13:\"media-library\";}s:45:\"\/\/alj.com\/app\/uploads\/2025\/05\/Geely_EX5_1.png\";a:2:{s:2:\"id\";i:121671;s:11:\"source_type\";s:13:\"media-library\";}s:51:\"\/\/media.alj.com\/app\/uploads\/2025\/05\/Geely_EX5_1.png\";a:2:{s:2:\"id\";i:121671;s:11:\"source_type\";s:13:\"media-library\";}}"],"content_series_applied":[""],"featured_on_listing_page":["0"],"mobile_featured_image":["https:\/\/media.alj.com\/app\/uploads\/2025\/05\/DSC06884-scaled.jpg"],"news-location":["Varsovie, Pologne"],"news_slider_short_title":["Jameel Motors et Geely Auto lancent des NEV en Pologne"],"news_summary":["<p>Jameel Motors et Geely Auto signent un accord de distribution de v\u00e9hicules passagers \u00e0 \u00e9nergie nouvelle (NEV) en Pologne.<\/p>\n"],"publish_mobile":["a:1:{i:0;s:3:\"yes\";}"],"push_notification":["no"],"wpcf-card_article_content":["write your content"],"wpcf-card_article_with_title_content":[""],"wpcf-featured-news":["0"],"wpcf-featured-on-news-page":["0"],"wpcf-layoutvideourl":[""],"wpcf-news-downloadable_file":[""],"wpcf-news-publish_date":["1746662400"],"wpcf-quotes-with-auther-text":[""],"wpcf-quotes-with-auther-text-1":[""],"wpcf-show-at-homepage-first-sec-secondary-slider":["1"],"wpcf-social-image-square":[""],"wpcf-social-svg-square":[""],"wpcf-social-text-image-square":[""],"wpcf-social-text-square":[""],"wpcf-social-text-svg-square":[""],"wpcf-social-text-text-square":[""],"wpcf-social-text-url-square":[""],"wpcf-social-url-square":[""],"wpcf-social1-background-image":[""],"wpcf-social1-svg":[""],"wpcf-social1-text":[""],"wpcf-social1-url":[""],"wpcf-social2-background-image":[""],"wpcf-social2-svg":[""],"wpcf-social2-text":[""],"wpcf-social2-url":[""],"wpcf-social3-background-image":[""],"wpcf-social3-svg":[""],"wpcf-social3-text":[""],"wpcf-social3-url":[""],"wpcf-social4-background-image":[""],"wpcf-social4-svg":[""],"wpcf-social4-text":[""],"wpcf-social4-url":[""],"wpcf-video-description":[""],"wpcf-video-thumb":[""],"_":["field_6746fdff672ad"],"_bsf_item_review_type":["none"],"_bsf_post_type":["0"],"_content_series_applied":["field_60f3d3faf82ac"],"_featured_on_listing_page":["field_62458ea7383c3"],"_mobile_featured_image":["field_5c3b204983dea"],"_oembed_7f1293387ec77bdf22bf014e0472c4f3":["<iframe title=\"Jameel Motors Poland - Geely Auto (EN VO Subs)\" width=\"640\" height=\"360\" src=\"https:\/\/www.youtube.com\/embed\/a_l4L6iBGbQ?feature=oembed\" frameborder=\"0\" allow=\"accelerometer; autoplay; clipboard-write; encrypted-media; gyroscope; picture-in-picture; web-share\" referrerpolicy=\"strict-origin-when-cross-origin\" allowfullscreen><\/iframe>"],"_oembed_848dd3f59a146faba40792a83a9c09f2":["<iframe title=\"Jameel Motors Poland - Geely Auto (EN VO Subs)\" width=\"486\" height=\"273\" src=\"https:\/\/www.youtube.com\/embed\/a_l4L6iBGbQ?feature=oembed\" frameborder=\"0\" allow=\"accelerometer; autoplay; clipboard-write; encrypted-media; gyroscope; picture-in-picture; web-share\" referrerpolicy=\"strict-origin-when-cross-origin\" allowfullscreen><\/iframe>"],"_oembed_time_7f1293387ec77bdf22bf014e0472c4f3":["1754638603"],"_oembed_time_848dd3f59a146faba40792a83a9c09f2":["1746688801"],"_publish_mobile":["field_5bfa8eb2e65cf"],"_push_notification":["field_5c3b1fb67034d"],"_wpml_media_duplicate":["1"],"_wpml_media_featured":["1"],"_wpml_word_count":["{\"total\":715,\"to_translate\":{\"ar\":715,\"zh-hans\":715,\"fr\":715,\"ja\":715,\"es\":715,\"tr\":715}}"],"_yoast_wpseo_content_score":["30"],"_yoast_wpseo_estimated-reading-time-minutes":[""],"_yoast_wpseo_metadesc":["Jameel Motors et Geely Auto s\u2019allient pour lancer des v\u00e9hicules \u00e9lectriques en Pologne, pour une transition du pays vers une mobilit\u00e9 verte et durable."],"_yoast_wpseo_primary_newscategory":["149"],"_yoast_wpseo_title":["Jameel Motors et Geely Auto lancent des v\u00e9hicules \u00e9lectriques en Pologne | Abdul Latif Jameel\u00ae"],"_yoast_wpseo_wordproof_timestamp":[""],"_thumbnail_id":["121667"],"_edit_lock":["1754638860:25"],"_edit_last":["25"],"wpcf-projecttitle":[""],"wpcf-projectdescription":[""],"wpcf-projectimage-video1":["image"],"wpcf-projectimage-1":[""],"wpcf-projectvideo-1":[""],"wpcf-projectdescription-1":[""],"wpcf-projectimage-video2":["image"],"wpcf-projectimage-2":[""],"wpcf-projectvideo-2":[""],"wpcf-projectdescription-2":[""],"wpcf-projectimage-video3":["image"],"wpcf-projectimage-3":[""],"wpcf-projectvideo-3":[""],"wpcf-projectdescription-3":[""],"wpcf-projectimage-video4":["image"],"wpcf-projectimage-4":[""],"wpcf-projectvideo-4":[""],"wpcf-projectdescription-4":[""],"_last_translation_edit_mode":["native-editor"],"news_business_sector":["Transports"],"wpcf-card-image":[""],"_wpcf-card-image-sort-order":["a:1:{i:0;i:1967396;}"]},"_links":{"self":[{"href":"https:\/\/alj.com\/fr\/wp-json\/wp\/v2\/news\/122163"}],"collection":[{"href":"https:\/\/alj.com\/fr\/wp-json\/wp\/v2\/news"}],"about":[{"href":"https:\/\/alj.com\/fr\/wp-json\/wp\/v2\/types\/news"}],"wp:featuredmedia":[{"embeddable":true,"href":"https:\/\/alj.com\/fr\/wp-json\/wp\/v2\/media\/121667"}],"wp:attachment":[{"href":"https:\/\/alj.com\/fr\/wp-json\/wp\/v2\/media?parent=122163"}],"wp:term":[{"taxonomy":"post_tag","embeddable":true,"href":"https:\/\/alj.com\/fr\/wp-json\/wp\/v2\/tags?post=122163"},{"taxonomy":"newscategory","embeddable":true,"href":"https:\/\/alj.com\/fr\/wp-json\/wp\/v2\/newscategory?post=122163"}],"curies":[{"name":"wp","href":"https:\/\/api.w.org\/{rel}","templated":true}]}}