{"id":54985,"date":"2019-11-26T05:02:58","date_gmt":"2019-11-26T05:02:58","guid":{"rendered":"https:\/\/www.alj.com\/news\/comotion-la-leading-tech-and-mobility-conference-hosts-hassan-jameel\/"},"modified":"2020-03-08T14:56:21","modified_gmt":"2020-03-08T14:56:21","slug":"comotion-la-leading-tech-and-mobility-conference-hosts-hassan-jameel","status":"publish","type":"news","link":"https:\/\/alj.com\/fr\/news\/comotion-la-leading-tech-and-mobility-conference-hosts-hassan-jameel\/","title":{"rendered":"CoMotion LA, leader des technologies et de la mobilit\u00e9, accueille Hassan Jameel"},"content":{"rendered":"<p><a href=\"https:\/\/alj.com\/en\/our-people\/hassan-jameel\/\">Hassan Jameel<\/a>, vice-pr\u00e9sident d\u2019Abdul Latif Jameel Arabie Saoudite, a pris part \u00e0 un d\u00e9bat sur le leadership lors de <a href=\"https:\/\/comotionla.com\/\">la conf\u00e9rence CoMotion<\/a> qui s\u2019est tenue \u00e0 Los Angeles, en Californie. CoMotion LA est un \u00e9v\u00e9nement qui vise \u00e0 rassembler des technologues de pointe, des op\u00e9rateurs de transports publics, des investisseurs en capital-risque et des acteurs reconnus dans le domaine de la mobilit\u00e9 afin de lancer des discussions immersives sur l&#8217;avenir de la mobilit\u00e9 et de l&#8217;urbanisme.<\/p>\n<blockquote>\n<p>\u00ab\u00a0<em>CoMotion s&#8217;est impos\u00e9 comme une plateforme influente pour discuter de l&#8217;avenir de la mobilit\u00e9<\/em>\u00a0\u00bb, a d\u00e9clar\u00e9 Hassan. \u00ab\u00a0<em>L&#8217;\u00e9v\u00e9nement a rassembl\u00e9 diff\u00e9rents chefs de fil partageant les m\u00eames id\u00e9es, \u00e0 l&#8217;intersection entre des technologies, des infrastructures et des gouvernements disruptifs, qui cherchent des solutions \u00e0 certains des plus grands d\u00e9fis mondiaux auxquels sont confront\u00e9s les transports. Ce fut un honneur de discuter de la mani\u00e8re dont nous pouvons travailler tous ensemble pour cr\u00e9er de la valeur et des solutions durables et \u00e0 long terme dans la soci\u00e9t\u00e9<\/em>.\u00a0\u00bb<\/p>\n<\/blockquote>\n<p>L&#8217;\u00e9v\u00e9nement s&#8217;est d\u00e9roul\u00e9 sur deux jours et a couvert un large \u00e9ventail de sujets, des v\u00e9hicules autonomes \u00e0 l&#8217;urbanisme en passant par les voyages en avion et les v\u00e9hicules a\u00e9riens sans pilote. Au cours de la conf\u00e9rence, Hassan a particip\u00e9 \u00e0 une conversation avec le fondateur et conservateur en chef de CoMotion, <a href=\"https:\/\/comotionla.com\/our-team\">John Rossant<\/a>. Pendant cette session, Hassan et John ont d\u00e9battu sur la mobilit\u00e9 et les nouveaux d\u00e9veloppements dans les transports.<\/p>\n<blockquote>\n<p>\u00ab\u00a0<em>Nous \u00e9tions ravis d\u2019accueillir Hassan et de donner \u00e0 notre public la possibilit\u00e9 d\u2019entendre son point de vue compte tenu de sa connaissance approfondie du secteur automobile\u00a0\u00bb,<\/em> a d\u00e9clar\u00e9 John Rossant<em>. \u00ab\u00a0Apr\u00e8s avoir \u00e9tudi\u00e9 de pr\u00e8s les investissements d&#8217;Abdul Latif Jameel dans les transports et l&#8217;\u00e9nergie dans le cadre de mon livre Hop, Skip, Go, il a \u00e9t\u00e9 inspirant d&#8217;entendre le point de vue d\u2019Hassan sur le futur de la mobilit\u00e9 et de discuter de ses plans pour l&#8217;avenir d&#8217;Abdul Latif Jameel<\/em>.\u00a0\u00bb<\/p>\n<\/blockquote>\n","protected":false},"featured_media":54593,"template":"","tags":[],"newscategory":[150],"acf":[],"yoast_head":"<!-- This site is optimized with the Yoast SEO plugin v21.5 - https:\/\/yoast.com\/wordpress\/plugins\/seo\/ -->\n<title>CoMotion LA accueille Hassan Jameel | Abdul Latif Jameel\u00ae<\/title>\n<meta name=\"description\" content=\"Hassan Jameel a accueilli la conf\u00e9rence CoMotion \u00e0 Los Angeles, qui vise \u00e0 r\u00e9unir des technologues de pointe, des op\u00e9rateurs de transport public et des investisseurs en capital-risque.\" \/>\n<meta name=\"robots\" content=\"index, follow, max-snippet:-1, max-image-preview:large, max-video-preview:-1\" \/>\n<link rel=\"canonical\" href=\"https:\/\/alj.com\/fr\/news\/comotion-la-leading-tech-and-mobility-conference-hosts-hassan-jameel\/\" \/>\n<meta property=\"og:locale\" content=\"fr_FR\" \/>\n<meta property=\"og:type\" content=\"article\" \/>\n<meta property=\"og:title\" content=\"CoMotion LA accueille Hassan Jameel | Abdul Latif Jameel\u00ae\" \/>\n<meta property=\"og:description\" content=\"Hassan Jameel a accueilli la conf\u00e9rence CoMotion \u00e0 Los Angeles, qui vise \u00e0 r\u00e9unir des technologues de pointe, des op\u00e9rateurs de transport public et des investisseurs en capital-risque.\" \/>\n<meta property=\"og:url\" content=\"https:\/\/alj.com\/fr\/news\/comotion-la-leading-tech-and-mobility-conference-hosts-hassan-jameel\/\" \/>\n<meta property=\"og:site_name\" content=\"Abdul Latif Jameel\" \/>\n<meta property=\"article:publisher\" content=\"https:\/\/www.facebook.com\/Abdul.Latif.Jameel.Official\" \/>\n<meta property=\"article:modified_time\" content=\"2020-03-08T14:56:21+00:00\" \/>\n<meta property=\"og:image\" content=\"https:\/\/media.alj.com\/app\/uploads\/2019\/11\/HJ-and-JR-1.jpg\" \/>\n\t<meta property=\"og:image:width\" content=\"4032\" \/>\n\t<meta property=\"og:image:height\" content=\"3024\" \/>\n\t<meta property=\"og:image:type\" content=\"image\/jpeg\" \/>\n<meta name=\"twitter:card\" content=\"summary_large_image\" \/>\n<meta name=\"twitter:label1\" content=\"Est. reading time\" \/>\n\t<meta name=\"twitter:data1\" content=\"2 minutes\" \/>\n<script type=\"application\/ld+json\" class=\"yoast-schema-graph\">{\"@context\":\"https:\/\/schema.org\",\"@graph\":[{\"@type\":\"WebPage\",\"@id\":\"https:\/\/alj.com\/fr\/news\/comotion-la-leading-tech-and-mobility-conference-hosts-hassan-jameel\/\",\"url\":\"https:\/\/alj.com\/fr\/news\/comotion-la-leading-tech-and-mobility-conference-hosts-hassan-jameel\/\",\"name\":\"CoMotion LA accueille Hassan Jameel | Abdul Latif Jameel\u00ae\",\"isPartOf\":{\"@id\":\"https:\/\/alj.com\/en\/#website\"},\"datePublished\":\"2019-11-26T05:02:58+00:00\",\"dateModified\":\"2020-03-08T14:56:21+00:00\",\"description\":\"Hassan Jameel a accueilli la conf\u00e9rence CoMotion \u00e0 Los Angeles, qui vise \u00e0 r\u00e9unir des technologues de pointe, des op\u00e9rateurs de transport public et des investisseurs en capital-risque.\",\"breadcrumb\":{\"@id\":\"https:\/\/alj.com\/fr\/news\/comotion-la-leading-tech-and-mobility-conference-hosts-hassan-jameel\/#breadcrumb\"},\"inLanguage\":\"fr-FR\",\"potentialAction\":[{\"@type\":\"ReadAction\",\"target\":[\"https:\/\/alj.com\/fr\/news\/comotion-la-leading-tech-and-mobility-conference-hosts-hassan-jameel\/\"]}]},{\"@type\":\"BreadcrumbList\",\"@id\":\"https:\/\/alj.com\/fr\/news\/comotion-la-leading-tech-and-mobility-conference-hosts-hassan-jameel\/#breadcrumb\",\"itemListElement\":[{\"@type\":\"ListItem\",\"position\":1,\"name\":\"Home\",\"item\":\"https:\/\/alj.com\/fr\/\"},{\"@type\":\"ListItem\",\"position\":2,\"name\":\"News\",\"item\":\"https:\/\/alj.com\/en\/news\/\"},{\"@type\":\"ListItem\",\"position\":3,\"name\":\"CoMotion LA, leader des technologies et de la mobilit\u00e9, accueille Hassan Jameel\"}]},{\"@type\":\"WebSite\",\"@id\":\"https:\/\/alj.com\/en\/#website\",\"url\":\"https:\/\/alj.com\/en\/\",\"name\":\"Abdul Latif Jameel\",\"description\":\"Abdul Latif Jameel\",\"potentialAction\":[{\"@type\":\"SearchAction\",\"target\":{\"@type\":\"EntryPoint\",\"urlTemplate\":\"https:\/\/alj.com\/en\/?s={search_term_string}\"},\"query-input\":\"required name=search_term_string\"}],\"inLanguage\":\"fr-FR\"}]}<\/script>\n<!-- \/ Yoast SEO plugin. -->","yoast_head_json":{"title":"CoMotion LA accueille Hassan Jameel | Abdul Latif Jameel\u00ae","description":"Hassan Jameel a accueilli la conf\u00e9rence CoMotion \u00e0 Los Angeles, qui vise \u00e0 r\u00e9unir des technologues de pointe, des op\u00e9rateurs de transport public et des investisseurs en capital-risque.","robots":{"index":"index","follow":"follow","max-snippet":"max-snippet:-1","max-image-preview":"max-image-preview:large","max-video-preview":"max-video-preview:-1"},"canonical":"https:\/\/alj.com\/fr\/news\/comotion-la-leading-tech-and-mobility-conference-hosts-hassan-jameel\/","og_locale":"fr_FR","og_type":"article","og_title":"CoMotion LA accueille Hassan Jameel | Abdul Latif Jameel\u00ae","og_description":"Hassan Jameel a accueilli la conf\u00e9rence CoMotion \u00e0 Los Angeles, qui vise \u00e0 r\u00e9unir des technologues de pointe, des op\u00e9rateurs de transport public et des investisseurs en capital-risque.","og_url":"https:\/\/alj.com\/fr\/news\/comotion-la-leading-tech-and-mobility-conference-hosts-hassan-jameel\/","og_site_name":"Abdul Latif Jameel","article_publisher":"https:\/\/www.facebook.com\/Abdul.Latif.Jameel.Official","article_modified_time":"2020-03-08T14:56:21+00:00","og_image":[{"width":4032,"height":3024,"url":"https:\/\/media.alj.com\/app\/uploads\/2019\/11\/HJ-and-JR-1.jpg","type":"image\/jpeg"}],"twitter_card":"summary_large_image","twitter_misc":{"Est. reading time":"2 minutes"},"schema":{"@context":"https:\/\/schema.org","@graph":[{"@type":"WebPage","@id":"https:\/\/alj.com\/fr\/news\/comotion-la-leading-tech-and-mobility-conference-hosts-hassan-jameel\/","url":"https:\/\/alj.com\/fr\/news\/comotion-la-leading-tech-and-mobility-conference-hosts-hassan-jameel\/","name":"CoMotion LA accueille Hassan Jameel | Abdul Latif Jameel\u00ae","isPartOf":{"@id":"https:\/\/alj.com\/en\/#website"},"datePublished":"2019-11-26T05:02:58+00:00","dateModified":"2020-03-08T14:56:21+00:00","description":"Hassan Jameel a accueilli la conf\u00e9rence CoMotion \u00e0 Los Angeles, qui vise \u00e0 r\u00e9unir des technologues de pointe, des op\u00e9rateurs de transport public et des investisseurs en capital-risque.","breadcrumb":{"@id":"https:\/\/alj.com\/fr\/news\/comotion-la-leading-tech-and-mobility-conference-hosts-hassan-jameel\/#breadcrumb"},"inLanguage":"fr-FR","potentialAction":[{"@type":"ReadAction","target":["https:\/\/alj.com\/fr\/news\/comotion-la-leading-tech-and-mobility-conference-hosts-hassan-jameel\/"]}]},{"@type":"BreadcrumbList","@id":"https:\/\/alj.com\/fr\/news\/comotion-la-leading-tech-and-mobility-conference-hosts-hassan-jameel\/#breadcrumb","itemListElement":[{"@type":"ListItem","position":1,"name":"Home","item":"https:\/\/alj.com\/fr\/"},{"@type":"ListItem","position":2,"name":"News","item":"https:\/\/alj.com\/en\/news\/"},{"@type":"ListItem","position":3,"name":"CoMotion LA, leader des technologies et de la mobilit\u00e9, accueille Hassan Jameel"}]},{"@type":"WebSite","@id":"https:\/\/alj.com\/en\/#website","url":"https:\/\/alj.com\/en\/","name":"Abdul Latif Jameel","description":"Abdul Latif Jameel","potentialAction":[{"@type":"SearchAction","target":{"@type":"EntryPoint","urlTemplate":"https:\/\/alj.com\/en\/?s={search_term_string}"},"query-input":"required name=search_term_string"}],"inLanguage":"fr-FR"}]}},"post-meta-fields":{"_alp_processed":["1575969499"],"_wpml_word_count":["{\"total\":320,\"to_translate\":{\"ar\":320,\"zh-hans\":320,\"fr\":320,\"ja\":320,\"es\":320,\"tr\":320}}"],"push_notification":["no"],"_push_notification":["field_5c3b1fb67034d"],"_wpml_media_featured":["1"],"_wpml_media_duplicate":["1"],"news_slider_short_title":["CoMotion LA accueille Hassan Jameel"],"news_summary":["<p>Hassan Jameel, vice-pr\u00e9sident d\u2019Abdul Latif Jameel Arabie Saoudite, a pris part \u00e0 un d\u00e9bat sur le leadership lors de la conf\u00e9rence CoMotion qui s\u2019est tenue \u00e0 Los Angeles, en Californie.<\/p>\n"],"news-location":["Californie, USA"],"wpcf-featured-news":["0"],"publish_mobile":["a:1:{i:0;s:3:\"yes\";}"],"_publish_mobile":["field_5bfa8eb2e65cf"],"mobile_featured_image":["https:\/\/media.alj.com\/app\/uploads\/2019\/11\/HJ-and-JR-1.jpg"],"_mobile_featured_image":["field_5c3b204983dea"],"_yoast_wpseo_primary_newscategory":["150"],"_wpcf-card-image-sort-order":["a:1:{i:0;i:668224;}"],"_yoast_wpseo_content_score":["30"],"post_views_count_2019Nov":["38"],"post_views_count_2019Dec":["42"],"_thumbnail_id":["54593"],"_last_translation_edit_mode":["native-editor"],"post_views_count_2020Jan":["29"],"post_views_count_2020Feb":["23"],"post_views_count_2020Mar":["33"],"news_business_sector":["Transports"],"wpcf-wpcf-at-a-glance-or-perspective":["1"],"wpcf-show-at-homepage-first-sec-secondary-slider":["2"],"wpcf-card-image":[""],"wpcf-news-publish_date":["1574726400"],"_yoast_wpseo_title":["CoMotion LA accueille Hassan Jameel | Abdul Latif Jameel\u00ae"],"_yoast_wpseo_metadesc":["Hassan Jameel a accueilli la conf\u00e9rence CoMotion \u00e0 Los Angeles, qui vise \u00e0 r\u00e9unir des technologues de pointe, des op\u00e9rateurs de transport public et des investisseurs en capital-risque."],"post_views_count_2020Apr":["33"],"post_views_count_2020May":["20"],"post_views_count_2020Jun":["30"],"post_views_count_2020Jul":["22"],"post_views_count_2020Aug":["14"],"post_views_count_2020Sep":["17"],"post_views_count_2020Oct":["19"],"post_views_count_2020Nov":["17"],"post_views_count_2020Dec":["14"],"post_views_count_2021Jan":["18"],"post_views_count_2021Feb":["17"],"post_views_count_2021Mar":["26"],"post_views_count_2021Apr":["13"],"post_views_count_2021May":["12"],"post_views_count_2021Jun":["1"],"post_views_count_2021Jul":["6"],"post_views_total_count":["6"]},"_links":{"self":[{"href":"https:\/\/alj.com\/fr\/wp-json\/wp\/v2\/news\/54985"}],"collection":[{"href":"https:\/\/alj.com\/fr\/wp-json\/wp\/v2\/news"}],"about":[{"href":"https:\/\/alj.com\/fr\/wp-json\/wp\/v2\/types\/news"}],"wp:featuredmedia":[{"embeddable":true,"href":"https:\/\/alj.com\/fr\/wp-json\/wp\/v2\/media\/54593"}],"wp:attachment":[{"href":"https:\/\/alj.com\/fr\/wp-json\/wp\/v2\/media?parent=54985"}],"wp:term":[{"taxonomy":"post_tag","embeddable":true,"href":"https:\/\/alj.com\/fr\/wp-json\/wp\/v2\/tags?post=54985"},{"taxonomy":"newscategory","embeddable":true,"href":"https:\/\/alj.com\/fr\/wp-json\/wp\/v2\/newscategory?post=54985"}],"curies":[{"name":"wp","href":"https:\/\/api.w.org\/{rel}","templated":true}]}}