{"id":85882,"date":"2020-11-08T03:39:08","date_gmt":"2020-11-08T03:39:08","guid":{"rendered":"https:\/\/www.alj.com\/news\/the-jameel-family-embarks-on-a-new-chapter-of-supporting-the-community\/"},"modified":"2021-03-16T11:53:57","modified_gmt":"2021-03-16T11:53:57","slug":"the-jameel-family-embarks-on-a-new-chapter-of-supporting-the-community","status":"publish","type":"news","link":"https:\/\/alj.com\/fr\/news\/the-jameel-family-embarks-on-a-new-chapter-of-supporting-the-community\/","title":{"rendered":"La famille Jameel s\u2019engage dans un nouveau chapitre du soutien \u00e0 la communaut\u00e9"},"content":{"rendered":"<p>L\u2019ann\u00e9e\u00a02020 marque le 75e\u00a0anniversaire de la tradition de soutien de la famille Jameel \u00e0 la communaut\u00e9. Des r\u00e9alisations et des r\u00e9ussites m\u00e9morables ont eu lieu douze derniers mois pour <a href=\"https:\/\/www.communityjameel.org\/\">Community Jameel<\/a>\u00a0: les cofondateurs de <a href=\"https:\/\/www.povertyactionlab.org\/\">J-PAL<\/a> ont remport\u00e9 le prix Nobel d\u2019\u00e9conomie, le 25e\u00a0anniversaire de la bourse <a href=\"https:\/\/www.communityjameel.org\/en\/how-we-work\/education\/jameel-toyota-scholarship-at-mit\">Jameel-Toyota<\/a>, la d\u00e9couverte de l\u2019antibiotique Halicin par <a href=\"https:\/\/www.jclinic.mit.edu\/\">Jameel\u00a0Clinic<\/a> au\u00a0MIT, et le travail r\u00e9volutionnaire du <a href=\"http:\/\/www.imperial.ac.uk\/jameel-institute\/\">Jameel\u00a0Institute<\/a> \u00e0 l\u2019Imperial College London dans la mod\u00e9lisation de la politique d\u2019aide pour enrayer la propagation de la\u00a0Covid-19.<\/p>\n<p>Gr\u00e2ce \u00e0 ce cap important, Community Jameel s\u2019engage dans un nouveau chapitre qui verra la mise en \u0153uvre de plusieurs changements strat\u00e9giques d\u2019ici la fin du mois de novembre\u00a0:<\/p>\n<ol>\n<li><strong>Bab Rizq Jameel et Art Jameel en passe de devenir des unit\u00e9s autonomes<br \/>\n<\/strong>Composantes de Community Jameel depuis\u00a02003, Bab Rizq Jameel et <a href=\"https:\/\/artjameel.org\/\">Art Jameel<\/a> deviendront d\u00e9sormais des unit\u00e9s autonomes avec une gestion distincte. Les deux organisations se sont consid\u00e9rablement d\u00e9velopp\u00e9es et sont devenues des forces majeures de changement positif dans la r\u00e9gion.<\/li>\n<li><strong>Un nouvel objectif pour Community Jameel Arabie saoudite<br \/>\n<\/strong>Par le biais de Community Jameel Arabie saoudite, qui fonctionne comme une entit\u00e9 distincte, avec une gestion et un financement s\u00e9par\u00e9s, la famille d\u00e9veloppe ses activit\u00e9s en Arabie saoudite, en \u00e9largissant ses d\u00e9cennies de soutien \u00e0 la communaut\u00e9, y compris pour les ch\u00f4meurs, les personnes \u00e2g\u00e9es, les infirmes, les orphelins et les prisonniers, et en soutenant les efforts de la soci\u00e9t\u00e9 pour r\u00e9aliser le programme Vision\u00a02030.<\/li>\n<li><strong>Community Jameel\u00a0: innover pour un avenir meilleur<br \/>\n<\/strong>Community Jameel se concentrera d\u00e9sormais sur l\u2019exploitation de la science, de la technologie et de l\u2019apprentissage pour r\u00e9aliser des avanc\u00e9es dans les domaines de l\u2019\u00e9ducation, de la sant\u00e9 et du climat, et pour fournir des solutions innovantes \u00e0 ceux qui en ont le plus besoin.<\/li>\n<\/ol>\n<p>Ces nouveaux changements strat\u00e9giques permettront \u00e0 la famille Jameel d\u2019exploiter l\u2019h\u00e9ritage d\u2019Abdul Latif Jameel et de continuer \u00e0 concr\u00e9tiser sa vision pour soutenir la communaut\u00e9 dans les ann\u00e9es \u00e0 venir.<\/p>\n<p>S\u2019exprimant \u00e0 ce sujet, <a href=\"https:\/\/www.alj.com\/en\/our-people\/mohammed-abdul-latif-jameel\/\"><strong>Mohammed Abdul Latif Jameel KBE<\/strong><\/a>, le fondateur et pr\u00e9sident de Bab Rizq Jameel et de Community Jameel, a d\u00e9clar\u00e9\u00a0:<\/p>\n<blockquote>\n<p><em>\u00a0\u00ab\u00a0L\u2019envergure de l\u2019impact de nos initiatives cette ann\u00e9e illustre bien les 75\u00a0ans de notre tradition familiale d\u2019aide \u00e0 la communaut\u00e9, commenc\u00e9e par mon d\u00e9funt p\u00e8re en\u00a01945. Forts de notre h\u00e9ritage, nous nous engageons dans un nouveau chapitre passionnant de notre histoire qui permettra \u00e0 Bab Rizq Jameel, Art Jameel et Community Jameel d\u2019avoir un impact encore plus grand, dans tous nos domaines cl\u00e9s, \u00e0 un moment o\u00f9 le monde est confront\u00e9 \u00e0 un nombre sans pr\u00e9c\u00e9dent de d\u00e9fis \u00e9conomiques.\u00a0\u00bb<\/em><\/p>\n<\/blockquote>\n","protected":false},"featured_media":80926,"template":"","tags":[453,454,77,455],"newscategory":[149],"acf":[],"yoast_head":"<!-- This site is optimized with the Yoast SEO plugin v21.5 - https:\/\/yoast.com\/wordpress\/plugins\/seo\/ -->\n<title>Un nouveau chapitre dans le soutien \u00e0 la communaut\u00e9 | Abdul Latif Jameel\u00ae<\/title>\n<meta name=\"description\" content=\"Gr\u00e2ce \u00e0 ce cap important, Community Jameel s\u2019engage dans un nouveau chapitre qui verra la mise en \u0153uvre de plusieurs changements strat\u00e9giques\" \/>\n<meta name=\"robots\" content=\"index, follow, max-snippet:-1, max-image-preview:large, max-video-preview:-1\" \/>\n<link rel=\"canonical\" href=\"https:\/\/alj.com\/fr\/news\/the-jameel-family-embarks-on-a-new-chapter-of-supporting-the-community\/\" \/>\n<meta property=\"og:locale\" content=\"fr_FR\" \/>\n<meta property=\"og:type\" content=\"article\" \/>\n<meta property=\"og:title\" content=\"Un nouveau chapitre dans le soutien \u00e0 la communaut\u00e9 | Abdul Latif Jameel\u00ae\" \/>\n<meta property=\"og:description\" content=\"Gr\u00e2ce \u00e0 ce cap important, Community Jameel s\u2019engage dans un nouveau chapitre qui verra la mise en \u0153uvre de plusieurs changements strat\u00e9giques\" \/>\n<meta property=\"og:url\" content=\"https:\/\/alj.com\/fr\/news\/the-jameel-family-embarks-on-a-new-chapter-of-supporting-the-community\/\" \/>\n<meta property=\"og:site_name\" content=\"Abdul Latif Jameel\" \/>\n<meta property=\"article:publisher\" content=\"https:\/\/www.facebook.com\/Abdul.Latif.Jameel.Official\" \/>\n<meta property=\"article:modified_time\" content=\"2021-03-16T11:53:57+00:00\" \/>\n<meta property=\"og:image\" content=\"https:\/\/media.alj.com\/app\/uploads\/2020\/11\/Mohammed-Jameel-KBE-resized.jpg\" \/>\n\t<meta property=\"og:image:width\" content=\"548\" \/>\n\t<meta property=\"og:image:height\" content=\"357\" \/>\n\t<meta property=\"og:image:type\" content=\"image\/jpeg\" \/>\n<meta name=\"twitter:card\" content=\"summary_large_image\" \/>\n<meta name=\"twitter:label1\" content=\"Est. reading time\" \/>\n\t<meta name=\"twitter:data1\" content=\"2 minutes\" \/>\n<script type=\"application\/ld+json\" class=\"yoast-schema-graph\">{\"@context\":\"https:\/\/schema.org\",\"@graph\":[{\"@type\":\"WebPage\",\"@id\":\"https:\/\/alj.com\/fr\/news\/the-jameel-family-embarks-on-a-new-chapter-of-supporting-the-community\/\",\"url\":\"https:\/\/alj.com\/fr\/news\/the-jameel-family-embarks-on-a-new-chapter-of-supporting-the-community\/\",\"name\":\"Un nouveau chapitre dans le soutien \u00e0 la communaut\u00e9 | Abdul Latif Jameel\u00ae\",\"isPartOf\":{\"@id\":\"https:\/\/alj.com\/en\/#website\"},\"datePublished\":\"2020-11-08T03:39:08+00:00\",\"dateModified\":\"2021-03-16T11:53:57+00:00\",\"description\":\"Gr\u00e2ce \u00e0 ce cap important, Community Jameel s\u2019engage dans un nouveau chapitre qui verra la mise en \u0153uvre de plusieurs changements strat\u00e9giques\",\"breadcrumb\":{\"@id\":\"https:\/\/alj.com\/fr\/news\/the-jameel-family-embarks-on-a-new-chapter-of-supporting-the-community\/#breadcrumb\"},\"inLanguage\":\"fr-FR\",\"potentialAction\":[{\"@type\":\"ReadAction\",\"target\":[\"https:\/\/alj.com\/fr\/news\/the-jameel-family-embarks-on-a-new-chapter-of-supporting-the-community\/\"]}]},{\"@type\":\"BreadcrumbList\",\"@id\":\"https:\/\/alj.com\/fr\/news\/the-jameel-family-embarks-on-a-new-chapter-of-supporting-the-community\/#breadcrumb\",\"itemListElement\":[{\"@type\":\"ListItem\",\"position\":1,\"name\":\"Home\",\"item\":\"https:\/\/alj.com\/fr\/\"},{\"@type\":\"ListItem\",\"position\":2,\"name\":\"News\",\"item\":\"https:\/\/alj.com\/en\/news\/\"},{\"@type\":\"ListItem\",\"position\":3,\"name\":\"La famille Jameel s\u2019engage dans un nouveau chapitre du soutien \u00e0 la communaut\u00e9\"}]},{\"@type\":\"WebSite\",\"@id\":\"https:\/\/alj.com\/en\/#website\",\"url\":\"https:\/\/alj.com\/en\/\",\"name\":\"Abdul Latif Jameel\",\"description\":\"Abdul Latif Jameel\",\"potentialAction\":[{\"@type\":\"SearchAction\",\"target\":{\"@type\":\"EntryPoint\",\"urlTemplate\":\"https:\/\/alj.com\/en\/?s={search_term_string}\"},\"query-input\":\"required name=search_term_string\"}],\"inLanguage\":\"fr-FR\"}]}<\/script>\n<!-- \/ Yoast SEO plugin. -->","yoast_head_json":{"title":"Un nouveau chapitre dans le soutien \u00e0 la communaut\u00e9 | Abdul Latif Jameel\u00ae","description":"Gr\u00e2ce \u00e0 ce cap important, Community Jameel s\u2019engage dans un nouveau chapitre qui verra la mise en \u0153uvre de plusieurs changements strat\u00e9giques","robots":{"index":"index","follow":"follow","max-snippet":"max-snippet:-1","max-image-preview":"max-image-preview:large","max-video-preview":"max-video-preview:-1"},"canonical":"https:\/\/alj.com\/fr\/news\/the-jameel-family-embarks-on-a-new-chapter-of-supporting-the-community\/","og_locale":"fr_FR","og_type":"article","og_title":"Un nouveau chapitre dans le soutien \u00e0 la communaut\u00e9 | Abdul Latif Jameel\u00ae","og_description":"Gr\u00e2ce \u00e0 ce cap important, Community Jameel s\u2019engage dans un nouveau chapitre qui verra la mise en \u0153uvre de plusieurs changements strat\u00e9giques","og_url":"https:\/\/alj.com\/fr\/news\/the-jameel-family-embarks-on-a-new-chapter-of-supporting-the-community\/","og_site_name":"Abdul Latif Jameel","article_publisher":"https:\/\/www.facebook.com\/Abdul.Latif.Jameel.Official","article_modified_time":"2021-03-16T11:53:57+00:00","og_image":[{"width":548,"height":357,"url":"https:\/\/media.alj.com\/app\/uploads\/2020\/11\/Mohammed-Jameel-KBE-resized.jpg","type":"image\/jpeg"}],"twitter_card":"summary_large_image","twitter_misc":{"Est. reading time":"2 minutes"},"schema":{"@context":"https:\/\/schema.org","@graph":[{"@type":"WebPage","@id":"https:\/\/alj.com\/fr\/news\/the-jameel-family-embarks-on-a-new-chapter-of-supporting-the-community\/","url":"https:\/\/alj.com\/fr\/news\/the-jameel-family-embarks-on-a-new-chapter-of-supporting-the-community\/","name":"Un nouveau chapitre dans le soutien \u00e0 la communaut\u00e9 | Abdul Latif Jameel\u00ae","isPartOf":{"@id":"https:\/\/alj.com\/en\/#website"},"datePublished":"2020-11-08T03:39:08+00:00","dateModified":"2021-03-16T11:53:57+00:00","description":"Gr\u00e2ce \u00e0 ce cap important, Community Jameel s\u2019engage dans un nouveau chapitre qui verra la mise en \u0153uvre de plusieurs changements strat\u00e9giques","breadcrumb":{"@id":"https:\/\/alj.com\/fr\/news\/the-jameel-family-embarks-on-a-new-chapter-of-supporting-the-community\/#breadcrumb"},"inLanguage":"fr-FR","potentialAction":[{"@type":"ReadAction","target":["https:\/\/alj.com\/fr\/news\/the-jameel-family-embarks-on-a-new-chapter-of-supporting-the-community\/"]}]},{"@type":"BreadcrumbList","@id":"https:\/\/alj.com\/fr\/news\/the-jameel-family-embarks-on-a-new-chapter-of-supporting-the-community\/#breadcrumb","itemListElement":[{"@type":"ListItem","position":1,"name":"Home","item":"https:\/\/alj.com\/fr\/"},{"@type":"ListItem","position":2,"name":"News","item":"https:\/\/alj.com\/en\/news\/"},{"@type":"ListItem","position":3,"name":"La famille Jameel s\u2019engage dans un nouveau chapitre du soutien \u00e0 la communaut\u00e9"}]},{"@type":"WebSite","@id":"https:\/\/alj.com\/en\/#website","url":"https:\/\/alj.com\/en\/","name":"Abdul Latif Jameel","description":"Abdul Latif Jameel","potentialAction":[{"@type":"SearchAction","target":{"@type":"EntryPoint","urlTemplate":"https:\/\/alj.com\/en\/?s={search_term_string}"},"query-input":"required name=search_term_string"}],"inLanguage":"fr-FR"}]}},"post-meta-fields":{"_alp_processed":["1615895507"],"_wpml_word_count":["{\"total\":508,\"to_translate\":{\"ar\":508,\"zh-hans\":508,\"fr\":508,\"ja\":508,\"es\":508,\"tr\":508}}"],"push_notification":["no"],"_push_notification":["field_5c3b1fb67034d"],"_wpml_media_featured":["1"],"_wpml_media_duplicate":["1"],"news_slider_short_title":["Un nouveau chapitre dans le soutien \u00e0 la communaut\u00e9"],"news_summary":["<p>Gr\u00e2ce \u00e0 ce cap important, Community Jameel s\u2019engage dans un nouveau chapitre qui verra la mise en \u0153uvre de plusieurs changements strat\u00e9giques<\/p>\n"],"wpcf-featured-news":["1"],"publish_mobile":[""],"_publish_mobile":["field_5bfa8eb2e65cf"],"mobile_featured_image":["https:\/\/media.alj.com\/app\/uploads\/2020\/11\/Mohammed-Jameel-KBE-mobile.jpg"],"_mobile_featured_image":["field_5c3b204983dea"],"_yoast_wpseo_primary_newscategory":["149"],"_wpcf-card-image-sort-order":["a:1:{i:0;i:942436;}"],"_bsf_post_type":["0"],"_bsf_item_review_type":["none"],"_yoast_wpseo_content_score":["30"],"post_views_count_2020Nov":["69"],"news-location":["Djeddah, Arabie saoudite"],"_yoast_wpseo_title":["Un nouveau chapitre dans le soutien \u00e0 la communaut\u00e9 | Abdul Latif Jameel\u00ae"],"_yoast_wpseo_metadesc":["Gr\u00e2ce \u00e0 ce cap important, Community Jameel s\u2019engage dans un nouveau chapitre qui verra la mise en \u0153uvre de plusieurs changements strat\u00e9giques"],"post_views_count_2020Dec":["38"],"post_views_count_2021Jan":["37"],"post_views_count_2021Feb":["53"],"post_views_count_2021Mar":["53"],"_thumbnail_id":["80926"],"news_business_sector":["Community Jameel"],"wpcf-show-at-homepage-first-sec-secondary-slider":["1"],"wpcf-card-image":[""],"wpcf-news-publish_date":["1604793600"],"_last_translation_edit_mode":["native-editor"],"post_views_count_2021Apr":["20"],"post_views_count_2021May":["17"],"post_views_count_2021Jun":["5"],"post_views_count_2021Jul":["16"],"post_views_total_count":["16"]},"_links":{"self":[{"href":"https:\/\/alj.com\/fr\/wp-json\/wp\/v2\/news\/85882"}],"collection":[{"href":"https:\/\/alj.com\/fr\/wp-json\/wp\/v2\/news"}],"about":[{"href":"https:\/\/alj.com\/fr\/wp-json\/wp\/v2\/types\/news"}],"wp:featuredmedia":[{"embeddable":true,"href":"https:\/\/alj.com\/fr\/wp-json\/wp\/v2\/media\/80926"}],"wp:attachment":[{"href":"https:\/\/alj.com\/fr\/wp-json\/wp\/v2\/media?parent=85882"}],"wp:term":[{"taxonomy":"post_tag","embeddable":true,"href":"https:\/\/alj.com\/fr\/wp-json\/wp\/v2\/tags?post=85882"},{"taxonomy":"newscategory","embeddable":true,"href":"https:\/\/alj.com\/fr\/wp-json\/wp\/v2\/newscategory?post=85882"}],"curies":[{"name":"wp","href":"https:\/\/api.w.org\/{rel}","templated":true}]}}