{"id":89285,"date":"2021-06-03T10:44:54","date_gmt":"2021-06-03T10:44:54","guid":{"rendered":"https:\/\/www.alj.com\/news\/abdul-latif-jameel-energys-frv-contributes-to-decarbonizing-public-mobility-with-green-hydrogen\/"},"modified":"2021-06-06T06:19:32","modified_gmt":"2021-06-06T06:19:32","slug":"abdul-latif-jameel-energys-frv-contributes-to-decarbonizing-public-mobility-with-green-hydrogen","status":"publish","type":"news","link":"https:\/\/alj.com\/fr\/news\/abdul-latif-jameel-energys-frv-contributes-to-decarbonizing-public-mobility-with-green-hydrogen\/","title":{"rendered":"FRV d\u2019Abdul Latif Jameel Energy contribue \u00e0 la d\u00e9carbonation de la mobilit\u00e9 publique avec de l\u2019hydrog\u00e8ne vert"},"content":{"rendered":"<ul>\n<li>FRV s\u2019inscrit dans le cadre d\u2019un projet r\u00e9volutionnaire promu par la F\u00e9d\u00e9ration professionnelle des taxis de Madrid pour la production d\u2019hydrog\u00e8ne vert comme combustible pour plus de 1\u00a0000\u00a0taxis dans la capitale espagnole au cours des prochaines ann\u00e9es.<\/li>\n<li>Cette initiative, qui repr\u00e9sente un investissement de plus de 100\u00a0millions d\u2019euros, mettra en \u0153uvre un mod\u00e8le commercial <em>en tant que service<\/em> dans le secteur des taxis, permettant aux conducteurs d\u2019utiliser des v\u00e9hicules \u00e0 hydrog\u00e8ne avec une plage et un temps de ravitaillement similaires \u00e0 ceux des v\u00e9hicules traditionnels.<\/li>\n<li>Avec ce nouveau projet, FRV continue d\u2019\u00e9tendre la profondeur de ses capacit\u00e9s en mati\u00e8re d\u2019\u00e9nergies renouvelables li\u00e9es \u00e0 l\u2019hydrog\u00e8ne vert, contribuant ainsi \u00e0 positionner Madrid en tant que ville europ\u00e9enne de r\u00e9f\u00e9rence pour une mobilit\u00e9 publique durable<\/li>\n<\/ul>\n<p><a href=\"http:\/\/www.frv.com\/\">Fotowatio Renewable Ventures<\/a> (FRV), qui fait partie <a href=\"https:\/\/www.alj.com\/en\/energy-and-environmental-services\/energy-overview\/\">d\u2019Abdul Latif Jameel Energy<\/a> et est l\u2019une des plus grandes soci\u00e9t\u00e9s d\u2019\u00e9nergie renouvelable au monde avec une exp\u00e9rience sur les cinq continents, prendra part \u00e0 un projet lanc\u00e9 par la <a href=\"https:\/\/fptaximadrid.es\/\">F\u00e9d\u00e9ration professionnelle des taxis de Madrid<\/a> pour le remplacement progressif, d\u2019ici\u00a02026, d\u2019au moins 1\u00a0000\u00a0taxis traditionnels par des v\u00e9hicules \u00e0 propulsion d\u2019hydrog\u00e8ne vert.<\/p>\n<p>L\u2019initiative, qui vise \u00e0 d\u00e9carboniser progressivement la mobilit\u00e9 publique urbaine, implique un investissement de plus de 100\u00a0millions d\u2019euros et permettra la mise en service des premiers v\u00e9hicules \u00e0 hydrog\u00e8ne d\u2019ici\u00a02022.<\/p>\n<p>Gr\u00e2ce au mod\u00e8le d\u2019entreprise Taxi-as-a-Service (TaaS), l\u2019initiative permettra aux conducteurs d\u2019utiliser des v\u00e9hicules \u00e9lectriques \u00e0 hydrog\u00e8ne \u00e0 un co\u00fbt comp\u00e9titif par rapport aux technologies traditionnelles, sans avoir besoin d\u2019effectuer de d\u00e9penses initiales.<\/p>\n<p>Dans le cadre du projet global, FRV dirigera le d\u00e9veloppement de l\u2019ensemble de la production d\u2019hydrog\u00e8ne, du ravitaillement en v\u00e9hicules et de l\u2019infrastructure d\u2019approvisionnement en carburant avec <a href=\"https:\/\/madrilena.es\/\">Madrilea Red de Gas<\/a>. Cela n\u00e9cessitera la construction d\u2019un \u00e9lectrolyseur d\u2019au moins 10\u00a0MW aliment\u00e9 par une centrale photovolta\u00efque solaire de 20\u00a0MW qui, \u00e0 mesure que la demande d\u2019hydrog\u00e8ne pour plus de v\u00e9hicules augmentera, pourra accro\u00eetre sa capacit\u00e9 de production.<\/p>\n<p>L\u2019initiative, qui promet de positionner la <a href=\"https:\/\/www.madrid.org\/cs\/\">Communaut\u00e9 de Madrid<\/a> comme une r\u00e9f\u00e9rence europ\u00e9enne dans le domaine de la mobilit\u00e9 durable dans les transports publics, implique la participation de nombreuses entreprises de la cha\u00eene de valeur de l\u2019hydrog\u00e8ne. Outre FRV et Madrilea Red de Gas, <a href=\"https:\/\/www.toyota.es\/\">Toyota Espagne<\/a> sera le fournisseur officiel de v\u00e9hicules avec son mod\u00e8le de pile \u00e0 combustible \u00e0 hydrog\u00e8ne de la <a href=\"https:\/\/www.toyota.com\/mirai\/\">Toyota Mirai<\/a>, <a href=\"https:\/\/newsroom.toyota.eu\/toyota-mirai-breaks-world-record-for-distance-driven-with-one-fill-of-hydrogen\/#:~:text=Summary,distance%20driving%20with%20zero%20emissions\">qui bat tous les records<\/a>, en utilisant l\u2019hydrog\u00e8ne pour g\u00e9n\u00e9rer de l\u2019\u00e9lectricit\u00e9 et se d\u00e9placer sur une distance allant jusqu\u2019\u00e0 600\u00a0km sans impact environnemental. <a href=\"https:\/\/gruporuiz.com\/\">Grupo Ruiz<\/a> apportera son expertise en mobilit\u00e9 urbaine, en agr\u00e9geant la demande et en rendant le projet plus comp\u00e9titif.<\/p>\n<p><a href=\"https:\/\/www.alj.com\/en\/our-people\/fady-jameel\/\">Fady Jameel<\/a>, pr\u00e9sident adjoint et vice-pr\u00e9sident d\u2019Abdul Latif Jameel a comment\u00e9\u00a0:<\/p>\n<blockquote>\n<p><em>\u00ab\u00a0Nous sommes fiers, en tant qu\u2019Abdul Latif Jameel Energy, de soutenir la transition acc\u00e9l\u00e9r\u00e9e vers le transport public durable pour am\u00e9liorer nos villes et l\u2019environnement tout en continuant \u00e0 investir dans l\u2019expansion de l\u2019\u00e9tendue des capacit\u00e9s de notre activit\u00e9 phare d\u2019\u00e9nergies renouvelables, FRV, et voir cette initiative salu\u00e9e par la F\u00e9d\u00e9ration fiscale professionnelle de Madrid qui la consid\u00e8re comme une \u00e9tape majeure.\u00a0\u00bb<\/em><\/p>\n<\/blockquote>\n<p>La F\u00e9d\u00e9ration des taxis professionnels de Madrid, en alliance avec FRV et d\u2019autres soci\u00e9t\u00e9s, s\u2019est engag\u00e9e en faveur de l\u2019hydrog\u00e8ne vert comme alternative innovante pour aborder la n\u00e9cessaire d\u00e9carbonation des syst\u00e8mes de transports publics urbains, en contribuant au d\u00e9veloppement de la cha\u00eene de valeur pour ce carburant et en acc\u00e9l\u00e9rant le d\u00e9ploiement de voitures non polluantes dans les grandes villes comme Madrid. Le projet, l\u2019un des plus ambitieux dans le domaine de la mobilit\u00e9 urbaine et semi-urbaine, est align\u00e9 sur les objectifs fix\u00e9s par la <a href=\"https:\/\/www.fch.europa.eu\/news\/hydrogen-roadmap-europe-sustainable-pathway-european-energy-transition\">feuille de route de l\u2019hydrog\u00e8ne<\/a> et le <a href=\"https:\/\/ec.europa.eu\/info\/strategy\/recovery-plan-europe_en\">Plan de relance pour l\u2019Europe NextGenerationEU<\/a>.<\/p>\n","protected":false},"featured_media":89256,"template":"","tags":[],"newscategory":[149],"acf":[],"yoast_head":"<!-- This site is optimized with the Yoast SEO plugin v21.5 - https:\/\/yoast.com\/wordpress\/plugins\/seo\/ -->\n<title>FRV contribue \u00e0 la d\u00e9carbonation de la mobilit\u00e9 publique | Abdul Latif Jameel\u00ae<\/title>\n<meta name=\"description\" content=\"FRV s\u2019inscrit dans le cadre d\u2019un projet r\u00e9volutionnaire promu par la F\u00e9d\u00e9ration professionnelle des taxis de Madrid pour la production d\u2019hydrog\u00e8ne vert comme combustible pour plus de 1\u00a0000\u00a0taxis dans la capitale espagnole au cours des prochaines ann\u00e9es.\" \/>\n<meta name=\"robots\" content=\"index, follow, max-snippet:-1, max-image-preview:large, max-video-preview:-1\" \/>\n<link rel=\"canonical\" href=\"https:\/\/alj.com\/fr\/news\/abdul-latif-jameel-energys-frv-contributes-to-decarbonizing-public-mobility-with-green-hydrogen\/\" \/>\n<meta property=\"og:locale\" content=\"fr_FR\" \/>\n<meta property=\"og:type\" content=\"article\" \/>\n<meta property=\"og:title\" content=\"FRV contribue \u00e0 la d\u00e9carbonation de la mobilit\u00e9 publique | Abdul Latif Jameel\u00ae\" \/>\n<meta property=\"og:description\" content=\"FRV s\u2019inscrit dans le cadre d\u2019un projet r\u00e9volutionnaire promu par la F\u00e9d\u00e9ration professionnelle des taxis de Madrid pour la production d\u2019hydrog\u00e8ne vert comme combustible pour plus de 1\u00a0000\u00a0taxis dans la capitale espagnole au cours des prochaines ann\u00e9es.\" \/>\n<meta property=\"og:url\" content=\"https:\/\/alj.com\/fr\/news\/abdul-latif-jameel-energys-frv-contributes-to-decarbonizing-public-mobility-with-green-hydrogen\/\" \/>\n<meta property=\"og:site_name\" content=\"Abdul Latif Jameel\" \/>\n<meta property=\"article:publisher\" content=\"https:\/\/www.facebook.com\/Abdul.Latif.Jameel.Official\" \/>\n<meta property=\"article:modified_time\" content=\"2021-06-06T06:19:32+00:00\" \/>\n<meta property=\"og:image\" content=\"https:\/\/media.alj.com\/app\/uploads\/2021\/06\/Madrid-Taxi.jpg\" \/>\n\t<meta property=\"og:image:width\" content=\"1650\" \/>\n\t<meta property=\"og:image:height\" content=\"715\" \/>\n\t<meta property=\"og:image:type\" content=\"image\/jpeg\" \/>\n<meta name=\"twitter:card\" content=\"summary_large_image\" \/>\n<meta name=\"twitter:label1\" content=\"Est. reading time\" \/>\n\t<meta name=\"twitter:data1\" content=\"4 minutes\" \/>\n<script type=\"application\/ld+json\" class=\"yoast-schema-graph\">{\"@context\":\"https:\/\/schema.org\",\"@graph\":[{\"@type\":\"WebPage\",\"@id\":\"https:\/\/alj.com\/fr\/news\/abdul-latif-jameel-energys-frv-contributes-to-decarbonizing-public-mobility-with-green-hydrogen\/\",\"url\":\"https:\/\/alj.com\/fr\/news\/abdul-latif-jameel-energys-frv-contributes-to-decarbonizing-public-mobility-with-green-hydrogen\/\",\"name\":\"FRV contribue \u00e0 la d\u00e9carbonation de la mobilit\u00e9 publique | Abdul Latif Jameel\u00ae\",\"isPartOf\":{\"@id\":\"https:\/\/alj.com\/en\/#website\"},\"datePublished\":\"2021-06-03T10:44:54+00:00\",\"dateModified\":\"2021-06-06T06:19:32+00:00\",\"description\":\"FRV s\u2019inscrit dans le cadre d\u2019un projet r\u00e9volutionnaire promu par la F\u00e9d\u00e9ration professionnelle des taxis de Madrid pour la production d\u2019hydrog\u00e8ne vert comme combustible pour plus de 1\u00a0000\u00a0taxis dans la capitale espagnole au cours des prochaines ann\u00e9es.\",\"breadcrumb\":{\"@id\":\"https:\/\/alj.com\/fr\/news\/abdul-latif-jameel-energys-frv-contributes-to-decarbonizing-public-mobility-with-green-hydrogen\/#breadcrumb\"},\"inLanguage\":\"fr-FR\",\"potentialAction\":[{\"@type\":\"ReadAction\",\"target\":[\"https:\/\/alj.com\/fr\/news\/abdul-latif-jameel-energys-frv-contributes-to-decarbonizing-public-mobility-with-green-hydrogen\/\"]}]},{\"@type\":\"BreadcrumbList\",\"@id\":\"https:\/\/alj.com\/fr\/news\/abdul-latif-jameel-energys-frv-contributes-to-decarbonizing-public-mobility-with-green-hydrogen\/#breadcrumb\",\"itemListElement\":[{\"@type\":\"ListItem\",\"position\":1,\"name\":\"Home\",\"item\":\"https:\/\/alj.com\/fr\/\"},{\"@type\":\"ListItem\",\"position\":2,\"name\":\"News\",\"item\":\"https:\/\/alj.com\/en\/news\/\"},{\"@type\":\"ListItem\",\"position\":3,\"name\":\"FRV d\u2019Abdul Latif Jameel Energy contribue \u00e0 la d\u00e9carbonation de la mobilit\u00e9 publique avec de l\u2019hydrog\u00e8ne vert\"}]},{\"@type\":\"WebSite\",\"@id\":\"https:\/\/alj.com\/en\/#website\",\"url\":\"https:\/\/alj.com\/en\/\",\"name\":\"Abdul Latif Jameel\",\"description\":\"Abdul Latif Jameel\",\"potentialAction\":[{\"@type\":\"SearchAction\",\"target\":{\"@type\":\"EntryPoint\",\"urlTemplate\":\"https:\/\/alj.com\/en\/?s={search_term_string}\"},\"query-input\":\"required name=search_term_string\"}],\"inLanguage\":\"fr-FR\"}]}<\/script>\n<!-- \/ Yoast SEO plugin. -->","yoast_head_json":{"title":"FRV contribue \u00e0 la d\u00e9carbonation de la mobilit\u00e9 publique | Abdul Latif Jameel\u00ae","description":"FRV s\u2019inscrit dans le cadre d\u2019un projet r\u00e9volutionnaire promu par la F\u00e9d\u00e9ration professionnelle des taxis de Madrid pour la production d\u2019hydrog\u00e8ne vert comme combustible pour plus de 1\u00a0000\u00a0taxis dans la capitale espagnole au cours des prochaines ann\u00e9es.","robots":{"index":"index","follow":"follow","max-snippet":"max-snippet:-1","max-image-preview":"max-image-preview:large","max-video-preview":"max-video-preview:-1"},"canonical":"https:\/\/alj.com\/fr\/news\/abdul-latif-jameel-energys-frv-contributes-to-decarbonizing-public-mobility-with-green-hydrogen\/","og_locale":"fr_FR","og_type":"article","og_title":"FRV contribue \u00e0 la d\u00e9carbonation de la mobilit\u00e9 publique | Abdul Latif Jameel\u00ae","og_description":"FRV s\u2019inscrit dans le cadre d\u2019un projet r\u00e9volutionnaire promu par la F\u00e9d\u00e9ration professionnelle des taxis de Madrid pour la production d\u2019hydrog\u00e8ne vert comme combustible pour plus de 1\u00a0000\u00a0taxis dans la capitale espagnole au cours des prochaines ann\u00e9es.","og_url":"https:\/\/alj.com\/fr\/news\/abdul-latif-jameel-energys-frv-contributes-to-decarbonizing-public-mobility-with-green-hydrogen\/","og_site_name":"Abdul Latif Jameel","article_publisher":"https:\/\/www.facebook.com\/Abdul.Latif.Jameel.Official","article_modified_time":"2021-06-06T06:19:32+00:00","og_image":[{"width":1650,"height":715,"url":"https:\/\/media.alj.com\/app\/uploads\/2021\/06\/Madrid-Taxi.jpg","type":"image\/jpeg"}],"twitter_card":"summary_large_image","twitter_misc":{"Est. reading time":"4 minutes"},"schema":{"@context":"https:\/\/schema.org","@graph":[{"@type":"WebPage","@id":"https:\/\/alj.com\/fr\/news\/abdul-latif-jameel-energys-frv-contributes-to-decarbonizing-public-mobility-with-green-hydrogen\/","url":"https:\/\/alj.com\/fr\/news\/abdul-latif-jameel-energys-frv-contributes-to-decarbonizing-public-mobility-with-green-hydrogen\/","name":"FRV contribue \u00e0 la d\u00e9carbonation de la mobilit\u00e9 publique | Abdul Latif Jameel\u00ae","isPartOf":{"@id":"https:\/\/alj.com\/en\/#website"},"datePublished":"2021-06-03T10:44:54+00:00","dateModified":"2021-06-06T06:19:32+00:00","description":"FRV s\u2019inscrit dans le cadre d\u2019un projet r\u00e9volutionnaire promu par la F\u00e9d\u00e9ration professionnelle des taxis de Madrid pour la production d\u2019hydrog\u00e8ne vert comme combustible pour plus de 1\u00a0000\u00a0taxis dans la capitale espagnole au cours des prochaines ann\u00e9es.","breadcrumb":{"@id":"https:\/\/alj.com\/fr\/news\/abdul-latif-jameel-energys-frv-contributes-to-decarbonizing-public-mobility-with-green-hydrogen\/#breadcrumb"},"inLanguage":"fr-FR","potentialAction":[{"@type":"ReadAction","target":["https:\/\/alj.com\/fr\/news\/abdul-latif-jameel-energys-frv-contributes-to-decarbonizing-public-mobility-with-green-hydrogen\/"]}]},{"@type":"BreadcrumbList","@id":"https:\/\/alj.com\/fr\/news\/abdul-latif-jameel-energys-frv-contributes-to-decarbonizing-public-mobility-with-green-hydrogen\/#breadcrumb","itemListElement":[{"@type":"ListItem","position":1,"name":"Home","item":"https:\/\/alj.com\/fr\/"},{"@type":"ListItem","position":2,"name":"News","item":"https:\/\/alj.com\/en\/news\/"},{"@type":"ListItem","position":3,"name":"FRV d\u2019Abdul Latif Jameel Energy contribue \u00e0 la d\u00e9carbonation de la mobilit\u00e9 publique avec de l\u2019hydrog\u00e8ne vert"}]},{"@type":"WebSite","@id":"https:\/\/alj.com\/en\/#website","url":"https:\/\/alj.com\/en\/","name":"Abdul Latif Jameel","description":"Abdul Latif Jameel","potentialAction":[{"@type":"SearchAction","target":{"@type":"EntryPoint","urlTemplate":"https:\/\/alj.com\/en\/?s={search_term_string}"},"query-input":"required name=search_term_string"}],"inLanguage":"fr-FR"}]}},"post-meta-fields":{"_alp_processed":["1622959768"],"_wpml_word_count":["{\"total\":671,\"to_translate\":{\"ar\":671,\"zh-hans\":671,\"fr\":671,\"ja\":671,\"es\":671,\"tr\":671}}"],"push_notification":["no"],"_push_notification":["field_5c3b1fb67034d"],"_wpml_media_featured":["1"],"_wpml_media_duplicate":["1"],"news_slider_short_title":["FRV contribue \u00e0 la d\u00e9carbonation de la mobilit\u00e9 publique"],"news_summary":["<p>FRV d\u2019Abdul Latif Jameel Energy s\u2019inscrit dans le cadre d\u2019un projet r\u00e9volutionnaire promu par la F\u00e9d\u00e9ration professionnelle des taxis de Madrid pour la production d\u2019hydrog\u00e8ne vert comme combustible pour plus de 1 000 taxis dans la capitale espagnole au cours des prochaines ann\u00e9es.<\/p>\n"],"news-location":["Madrid, Espagne"],"wpcf-featured-news":["0"],"publish_mobile":["a:1:{i:0;s:3:\"yes\";}"],"_publish_mobile":["field_5bfa8eb2e65cf"],"mobile_featured_image":["https:\/\/media.alj.com\/app\/uploads\/2021\/06\/Madrid-Taxi.jpg"],"_mobile_featured_image":["field_5c3b204983dea"],"_yoast_wpseo_primary_newscategory":["149"],"_wpcf-card-image-sort-order":["a:1:{i:0;i:989742;}"],"_bsf_post_type":["0"],"_bsf_item_review_type":["none"],"_yoast_wpseo_title":["FRV contribue \u00e0 la d\u00e9carbonation de la mobilit\u00e9 publique | Abdul Latif Jameel\u00ae"],"_yoast_wpseo_metadesc":["FRV s\u2019inscrit dans le cadre d\u2019un projet r\u00e9volutionnaire promu par la F\u00e9d\u00e9ration professionnelle des taxis de Madrid pour la production d\u2019hydrog\u00e8ne vert comme combustible pour plus de 1\u00a0000\u00a0taxis dans la capitale espagnole au cours des prochaines ann\u00e9es."],"_yoast_wpseo_content_score":["30"],"post_views_count_2021Jun":["5"],"_thumbnail_id":["89256"],"_last_translation_edit_mode":["native-editor"],"news_business_sector":["Services \u00c9nerg\u00e9tiques et Environnementaux"],"wpcf-show-at-homepage-first-sec-secondary-slider":["1"],"wpcf-card-image":[""],"wpcf-news-publish_date":["1622678400"],"post_views_count_2021Jul":["16"],"post_views_total_count":["16"]},"_links":{"self":[{"href":"https:\/\/alj.com\/fr\/wp-json\/wp\/v2\/news\/89285"}],"collection":[{"href":"https:\/\/alj.com\/fr\/wp-json\/wp\/v2\/news"}],"about":[{"href":"https:\/\/alj.com\/fr\/wp-json\/wp\/v2\/types\/news"}],"wp:featuredmedia":[{"embeddable":true,"href":"https:\/\/alj.com\/fr\/wp-json\/wp\/v2\/media\/89256"}],"wp:attachment":[{"href":"https:\/\/alj.com\/fr\/wp-json\/wp\/v2\/media?parent=89285"}],"wp:term":[{"taxonomy":"post_tag","embeddable":true,"href":"https:\/\/alj.com\/fr\/wp-json\/wp\/v2\/tags?post=89285"},{"taxonomy":"newscategory","embeddable":true,"href":"https:\/\/alj.com\/fr\/wp-json\/wp\/v2\/newscategory?post=89285"}],"curies":[{"name":"wp","href":"https:\/\/api.w.org\/{rel}","templated":true}]}}