{"id":104331,"date":"2022-11-07T08:10:56","date_gmt":"2022-11-07T08:10:56","guid":{"rendered":"https:\/\/alj.com\/news\/abdul-latif-jameel-partners-with-voluntary-carbon-market-to-help-drive-global-net-zero-ambitions\/"},"modified":"2023-02-06T06:29:18","modified_gmt":"2023-02-06T06:29:18","slug":"abdul-latif-jameel-partners-with-voluntary-carbon-market-to-help-drive-global-net-zero-ambitions","status":"publish","type":"news","link":"https:\/\/alj.com\/tr\/news\/abdul-latif-jameel-partners-with-voluntary-carbon-market-to-help-drive-global-net-zero-ambitions\/","title":{"rendered":"Abdul Latif Jameel, k\u00fcresel net s\u0131f\u0131r hedeflerine ula\u015fmaya yard\u0131mc\u0131 olmak i\u00e7in G\u00f6n\u00fcll\u00fc Karbon Piyasas\u0131 ile i\u015f birli\u011fi yap\u0131yor"},"content":{"rendered":"<ul>\n<li>Abdul Latif Jameel, k\u00fcresel \u00e7apta t\u00fcr\u00fcn\u00fcn en b\u00fcy\u00fc\u011f\u00fc olan G\u00f6n\u00fcll\u00fc Karbon Piyasas\u0131 giri\u015fiminin karbon kredileri a\u00e7\u0131k art\u0131rmas\u0131na kat\u0131ld\u0131<\/li>\n<li>A\u00e7\u0131k art\u0131rmada, k\u00fcresel karbon emisyonlar\u0131n\u0131 azaltmalar\u0131 konusunda b\u00f6lgesel i\u015fletmeleri desteklemek i\u00e7in CORSIA ile uyumlu ve Verra tescilli y\u00fcksek kalitede karbon kredileri sunuldu<\/li>\n<li>Bu a\u00e7\u0131k art\u0131rma, Abdul Latif Jameel\u2019in iklim de\u011fi\u015fikli\u011fiyle b\u00f6lgesel ve uluslararas\u0131 \u00e7apta m\u00fccadele etme misyonunda \u00f6nemli bir d\u00f6n\u00fcm noktas\u0131na i\u015faret ediyor<\/li>\n<\/ul>\n<p>K\u00fcresel olarak farkl\u0131 alanlarda faaliyet g\u00f6steren bir i\u015fletmeci ve yat\u0131r\u0131mc\u0131 olan Abdul Latif Jameel, Riyad\u2019da 6.\u2019s\u0131 d\u00fczenlenen <a href=\"https:\/\/fii-institute.org\/\">Gelece\u011fin Yat\u0131r\u0131m Giri\u015fimi<\/a>\u2019nin ilk g\u00fcn\u00fcnde d\u00fczenlenen b\u00f6lgesel G\u00f6n\u00fcll\u00fc Karbon Piyasas\u0131 giri\u015fiminde karbon kredileri a\u00e7\u0131k art\u0131rmas\u0131na kat\u0131ld\u0131.<a href=\"#_ftn1\" name=\"_ftnref1\">[1]<\/a> A\u00e7\u0131k art\u0131rmada, 15 Suudi ve b\u00f6lgesel kurulu\u015f toplam 1,4 milyon ton karbon kredisi sat\u0131n alarak bu a\u00e7\u0131k art\u0131rman\u0131n k\u00fcresel olarak t\u00fcr\u00fcn\u00fcn en b\u00fcy\u00fc\u011f\u00fc olmas\u0131n\u0131 sa\u011flad\u0131.<\/p>\n<p>Jameel ailesi, bu a\u00e7\u0131k art\u0131rmaya kat\u0131larak k\u00fcresel ye\u015fil g\u00fcndeme katk\u0131da bulunma ve s\u00fcrd\u00fcr\u00fclebilir kalk\u0131nmay\u0131 b\u00f6lgesel ve uluslararas\u0131 \u00e7apta desteklemede \u00f6nde gelen yenilenebilir enerji \u00e7\u00f6z\u00fcmleri geli\u015ftiricisi <a href=\"https:\/\/frv.com\/en\/\">Fotowatio Renewable Ventures<\/a> (FRV) ve Abdul Latif Jameel Energy\u2019nin \u00f6zel su \u00e7\u00f6z\u00fcmleri birimi <a href=\"https:\/\/almarwater.com\/\">Almar Water Solutions<\/a> ile \u00e7al\u0131\u015fmalar\u0131n\u0131 geli\u015ftirme misyonunu uzun vadeli olarak s\u00fcrd\u00fcr\u00fcyor.<\/p>\n<p>Abdul Latif Jameel Ba\u015fkan Vekili ve Y\u00f6netim Kurulu Ba\u015fkan Yard\u0131mc\u0131s\u0131 <a href=\"https:\/\/alj.com\/en\/our-people\/fady-jameel\/\">Fady Jameel<\/a> \u015f\u00f6yle dedi:<\/p>\n<blockquote>\n<p><em>\u201cB\u00f6lgenin net s\u0131f\u0131r karbon hedeflerine ula\u015fmas\u0131na yard\u0131mc\u0131 olmada b\u00fcy\u00fck bir rol oynayan ve Suudi Arabistan\u2019\u0131n Vizyon 2030 hedefleriyle uyumlu olan G\u00f6n\u00fcll\u00fc Karbon Piyasas\u0131n\u0131n bir orta\u011f\u0131 olmaktan onur duyuyoruz. Bu karbonsuzla\u015ft\u0131rma giri\u015fimine kat\u0131l\u0131m\u0131m\u0131z\u0131n, herkes i\u00e7in daha temiz bir gelecek sa\u011flamada kilit bir oyuncu olarak b\u00f6lgenin potansiyelini ortaya \u00e7\u0131karmam\u0131za yard\u0131mc\u0131 olmas\u0131n\u0131 ve ayr\u0131ca gelecekte daha fazla \u00f6zel sekt\u00f6r i\u015fletmesini kat\u0131lmaya te\u015fvik etmesini umuyoruz.\u201d <\/em><\/p>\n<\/blockquote>\n<p><img decoding=\"async\" loading=\"lazy\" class=\"alignleft size-medium wp-image-103768\" src=\"https:\/\/media.alj.com\/app\/uploads\/2022\/11\/Fady-Jameel-VCM-PIF-signing-300x200.jpg\" alt=\"Fady Jameel VCM PIF signing\" width=\"300\" height=\"200\" srcset=\"https:\/\/media.alj.com\/app\/uploads\/2022\/11\/Fady-Jameel-VCM-PIF-signing-300x200.jpg 300w, https:\/\/media.alj.com\/app\/uploads\/2022\/11\/Fady-Jameel-VCM-PIF-signing-1024x683.jpg 1024w, https:\/\/media.alj.com\/app\/uploads\/2022\/11\/Fady-Jameel-VCM-PIF-signing-150x100.jpg 150w, https:\/\/media.alj.com\/app\/uploads\/2022\/11\/Fady-Jameel-VCM-PIF-signing-768x512.jpg 768w, https:\/\/media.alj.com\/app\/uploads\/2022\/11\/Fady-Jameel-VCM-PIF-signing-1536x1024.jpg 1536w, https:\/\/media.alj.com\/app\/uploads\/2022\/11\/Fady-Jameel-VCM-PIF-signing.jpg 1773w\" sizes=\"(max-width: 300px) 100vw, 300px\" \/>Bu a\u00e7\u0131k art\u0131rma, b\u00f6lgede \u00e7e\u015fitli sekt\u00f6rlerde faaliyet g\u00f6steren i\u015fletmeleri, k\u00fcresel net s\u0131f\u0131ra ge\u00e7i\u015fte sorumluluklar\u0131n\u0131 yerine getirmelerinde desteklemek i\u00e7in CORSIA uyumlu ve Verra tescilli y\u00fcksek kalitede karbon kredileri sundu<\/p>\n<p>G\u00f6n\u00fcll\u00fc Karbon Piyasas\u0131 giri\u015fimi, <a href=\"https:\/\/www.pif.gov.sa\/\">Kamu Yat\u0131r\u0131m Fonu<\/a>\u2019nun (PIF) Suudi Arabistan\u2019\u0131n ye\u015fil g\u00fcndemini destekleme \u00e7abalar\u0131n\u0131n devam\u0131d\u0131r ve 3 milyar ABD dolar\u0131 de\u011ferindeki a\u00e7\u0131l\u0131\u015f ye\u015fil tahvillerinin tamamlanmas\u0131 da dahil olmak \u00fczere Fon taraf\u0131ndan yap\u0131lan \u00f6nceki duyurular\u0131 takip eder.<\/p>\n<p>&nbsp;<\/p>\n<p><a href=\"#_ftnref1\" name=\"_ftn1\">[1]<\/a> Abdul Latif Jameel, karbon kredileri a\u00e7\u0131k art\u0131rmas\u0131na Jameel Investment Holding Company Limited arac\u0131l\u0131\u011f\u0131yla kat\u0131ld\u0131<\/p>\n","protected":false},"featured_media":103761,"template":"","tags":[],"newscategory":[149],"acf":[],"yoast_head":"<!-- This site is optimized with the Yoast SEO plugin v21.5 - https:\/\/yoast.com\/wordpress\/plugins\/seo\/ -->\n<title>G\u00f6n\u00fcll\u00fc Karbon Piyasas\u0131 ile Ortakl\u0131k | Abdul Latif Jameel\u00ae<\/title>\n<meta name=\"description\" content=\"K\u00fcresel yat\u0131r\u0131mc\u0131 Abdul Latif Jameel, k\u00fcresel net s\u0131f\u0131r karbon hedeflerinin ger\u00e7ekle\u015fmesi i\u00e7in G\u00f6n\u00fcll\u00fc Karbon Piyasas\u0131 ile ortakl\u0131k kuruyor. Daha fazla bilgi\" \/>\n<meta name=\"robots\" content=\"index, follow, max-snippet:-1, max-image-preview:large, max-video-preview:-1\" \/>\n<link rel=\"canonical\" href=\"https:\/\/alj.com\/tr\/news\/abdul-latif-jameel-partners-with-voluntary-carbon-market-to-help-drive-global-net-zero-ambitions\/\" \/>\n<meta property=\"og:locale\" content=\"tr_TR\" \/>\n<meta property=\"og:type\" content=\"article\" \/>\n<meta property=\"og:title\" content=\"G\u00f6n\u00fcll\u00fc Karbon Piyasas\u0131 ile Ortakl\u0131k | Abdul Latif Jameel\u00ae\" \/>\n<meta property=\"og:description\" content=\"K\u00fcresel yat\u0131r\u0131mc\u0131 Abdul Latif Jameel, k\u00fcresel net s\u0131f\u0131r karbon hedeflerinin ger\u00e7ekle\u015fmesi i\u00e7in G\u00f6n\u00fcll\u00fc Karbon Piyasas\u0131 ile ortakl\u0131k kuruyor. Daha fazla bilgi\" \/>\n<meta property=\"og:url\" content=\"https:\/\/alj.com\/tr\/news\/abdul-latif-jameel-partners-with-voluntary-carbon-market-to-help-drive-global-net-zero-ambitions\/\" \/>\n<meta property=\"og:site_name\" content=\"Abdul Latif Jameel\" \/>\n<meta property=\"article:publisher\" content=\"https:\/\/www.facebook.com\/Abdul.Latif.Jameel.Official\" \/>\n<meta property=\"article:modified_time\" content=\"2023-02-06T06:29:18+00:00\" \/>\n<meta property=\"og:image\" content=\"https:\/\/media.alj.com\/app\/uploads\/2022\/11\/VCM-PIF-LI.jpg\" \/>\n\t<meta property=\"og:image:width\" content=\"1200\" \/>\n\t<meta property=\"og:image:height\" content=\"627\" \/>\n\t<meta property=\"og:image:type\" content=\"image\/jpeg\" \/>\n<meta name=\"twitter:card\" content=\"summary_large_image\" \/>\n<meta name=\"twitter:label1\" content=\"Est. reading time\" \/>\n\t<meta name=\"twitter:data1\" content=\"2 minutes\" \/>\n<script type=\"application\/ld+json\" class=\"yoast-schema-graph\">{\"@context\":\"https:\/\/schema.org\",\"@graph\":[{\"@type\":\"WebPage\",\"@id\":\"https:\/\/alj.com\/tr\/news\/abdul-latif-jameel-partners-with-voluntary-carbon-market-to-help-drive-global-net-zero-ambitions\/\",\"url\":\"https:\/\/alj.com\/tr\/news\/abdul-latif-jameel-partners-with-voluntary-carbon-market-to-help-drive-global-net-zero-ambitions\/\",\"name\":\"G\u00f6n\u00fcll\u00fc Karbon Piyasas\u0131 ile Ortakl\u0131k | Abdul Latif Jameel\u00ae\",\"isPartOf\":{\"@id\":\"https:\/\/alj.com\/en\/#website\"},\"datePublished\":\"2022-11-07T08:10:56+00:00\",\"dateModified\":\"2023-02-06T06:29:18+00:00\",\"description\":\"K\u00fcresel yat\u0131r\u0131mc\u0131 Abdul Latif Jameel, k\u00fcresel net s\u0131f\u0131r karbon hedeflerinin ger\u00e7ekle\u015fmesi i\u00e7in G\u00f6n\u00fcll\u00fc Karbon Piyasas\u0131 ile ortakl\u0131k kuruyor. Daha fazla bilgi\",\"breadcrumb\":{\"@id\":\"https:\/\/alj.com\/tr\/news\/abdul-latif-jameel-partners-with-voluntary-carbon-market-to-help-drive-global-net-zero-ambitions\/#breadcrumb\"},\"inLanguage\":\"tr\",\"potentialAction\":[{\"@type\":\"ReadAction\",\"target\":[\"https:\/\/alj.com\/tr\/news\/abdul-latif-jameel-partners-with-voluntary-carbon-market-to-help-drive-global-net-zero-ambitions\/\"]}]},{\"@type\":\"BreadcrumbList\",\"@id\":\"https:\/\/alj.com\/tr\/news\/abdul-latif-jameel-partners-with-voluntary-carbon-market-to-help-drive-global-net-zero-ambitions\/#breadcrumb\",\"itemListElement\":[{\"@type\":\"ListItem\",\"position\":1,\"name\":\"Home\",\"item\":\"https:\/\/alj.com\/tr\/\"},{\"@type\":\"ListItem\",\"position\":2,\"name\":\"News\",\"item\":\"https:\/\/alj.com\/en\/news\/\"},{\"@type\":\"ListItem\",\"position\":3,\"name\":\"Abdul Latif Jameel, k\u00fcresel net s\u0131f\u0131r hedeflerine ula\u015fmaya yard\u0131mc\u0131 olmak i\u00e7in G\u00f6n\u00fcll\u00fc Karbon Piyasas\u0131 ile i\u015f birli\u011fi yap\u0131yor\"}]},{\"@type\":\"WebSite\",\"@id\":\"https:\/\/alj.com\/en\/#website\",\"url\":\"https:\/\/alj.com\/en\/\",\"name\":\"Abdul Latif Jameel\",\"description\":\"Abdul Latif Jameel\",\"potentialAction\":[{\"@type\":\"SearchAction\",\"target\":{\"@type\":\"EntryPoint\",\"urlTemplate\":\"https:\/\/alj.com\/en\/?s={search_term_string}\"},\"query-input\":\"required name=search_term_string\"}],\"inLanguage\":\"tr\"}]}<\/script>\n<!-- \/ Yoast SEO plugin. -->","yoast_head_json":{"title":"G\u00f6n\u00fcll\u00fc Karbon Piyasas\u0131 ile Ortakl\u0131k | Abdul Latif Jameel\u00ae","description":"K\u00fcresel yat\u0131r\u0131mc\u0131 Abdul Latif Jameel, k\u00fcresel net s\u0131f\u0131r karbon hedeflerinin ger\u00e7ekle\u015fmesi i\u00e7in G\u00f6n\u00fcll\u00fc Karbon Piyasas\u0131 ile ortakl\u0131k kuruyor. Daha fazla bilgi","robots":{"index":"index","follow":"follow","max-snippet":"max-snippet:-1","max-image-preview":"max-image-preview:large","max-video-preview":"max-video-preview:-1"},"canonical":"https:\/\/alj.com\/tr\/news\/abdul-latif-jameel-partners-with-voluntary-carbon-market-to-help-drive-global-net-zero-ambitions\/","og_locale":"tr_TR","og_type":"article","og_title":"G\u00f6n\u00fcll\u00fc Karbon Piyasas\u0131 ile Ortakl\u0131k | Abdul Latif Jameel\u00ae","og_description":"K\u00fcresel yat\u0131r\u0131mc\u0131 Abdul Latif Jameel, k\u00fcresel net s\u0131f\u0131r karbon hedeflerinin ger\u00e7ekle\u015fmesi i\u00e7in G\u00f6n\u00fcll\u00fc Karbon Piyasas\u0131 ile ortakl\u0131k kuruyor. Daha fazla bilgi","og_url":"https:\/\/alj.com\/tr\/news\/abdul-latif-jameel-partners-with-voluntary-carbon-market-to-help-drive-global-net-zero-ambitions\/","og_site_name":"Abdul Latif Jameel","article_publisher":"https:\/\/www.facebook.com\/Abdul.Latif.Jameel.Official","article_modified_time":"2023-02-06T06:29:18+00:00","og_image":[{"width":1200,"height":627,"url":"https:\/\/media.alj.com\/app\/uploads\/2022\/11\/VCM-PIF-LI.jpg","type":"image\/jpeg"}],"twitter_card":"summary_large_image","twitter_misc":{"Est. reading time":"2 minutes"},"schema":{"@context":"https:\/\/schema.org","@graph":[{"@type":"WebPage","@id":"https:\/\/alj.com\/tr\/news\/abdul-latif-jameel-partners-with-voluntary-carbon-market-to-help-drive-global-net-zero-ambitions\/","url":"https:\/\/alj.com\/tr\/news\/abdul-latif-jameel-partners-with-voluntary-carbon-market-to-help-drive-global-net-zero-ambitions\/","name":"G\u00f6n\u00fcll\u00fc Karbon Piyasas\u0131 ile Ortakl\u0131k | Abdul Latif Jameel\u00ae","isPartOf":{"@id":"https:\/\/alj.com\/en\/#website"},"datePublished":"2022-11-07T08:10:56+00:00","dateModified":"2023-02-06T06:29:18+00:00","description":"K\u00fcresel yat\u0131r\u0131mc\u0131 Abdul Latif Jameel, k\u00fcresel net s\u0131f\u0131r karbon hedeflerinin ger\u00e7ekle\u015fmesi i\u00e7in G\u00f6n\u00fcll\u00fc Karbon Piyasas\u0131 ile ortakl\u0131k kuruyor. Daha fazla bilgi","breadcrumb":{"@id":"https:\/\/alj.com\/tr\/news\/abdul-latif-jameel-partners-with-voluntary-carbon-market-to-help-drive-global-net-zero-ambitions\/#breadcrumb"},"inLanguage":"tr","potentialAction":[{"@type":"ReadAction","target":["https:\/\/alj.com\/tr\/news\/abdul-latif-jameel-partners-with-voluntary-carbon-market-to-help-drive-global-net-zero-ambitions\/"]}]},{"@type":"BreadcrumbList","@id":"https:\/\/alj.com\/tr\/news\/abdul-latif-jameel-partners-with-voluntary-carbon-market-to-help-drive-global-net-zero-ambitions\/#breadcrumb","itemListElement":[{"@type":"ListItem","position":1,"name":"Home","item":"https:\/\/alj.com\/tr\/"},{"@type":"ListItem","position":2,"name":"News","item":"https:\/\/alj.com\/en\/news\/"},{"@type":"ListItem","position":3,"name":"Abdul Latif Jameel, k\u00fcresel net s\u0131f\u0131r hedeflerine ula\u015fmaya yard\u0131mc\u0131 olmak i\u00e7in G\u00f6n\u00fcll\u00fc Karbon Piyasas\u0131 ile i\u015f birli\u011fi yap\u0131yor"}]},{"@type":"WebSite","@id":"https:\/\/alj.com\/en\/#website","url":"https:\/\/alj.com\/en\/","name":"Abdul Latif Jameel","description":"Abdul Latif Jameel","potentialAction":[{"@type":"SearchAction","target":{"@type":"EntryPoint","urlTemplate":"https:\/\/alj.com\/en\/?s={search_term_string}"},"query-input":"required name=search_term_string"}],"inLanguage":"tr"}]}},"post-meta-fields":{"push_notification":["no"],"_push_notification":["field_5c3b1fb67034d"],"_wpml_word_count":["{\"total\":465,\"to_translate\":{\"ar\":465,\"zh-hans\":465,\"fr\":465,\"ja\":465,\"es\":465,\"tr\":465}}"],"_wpml_media_featured":["1"],"_wpml_media_duplicate":["1"],"news_slider_short_title":["G\u00f6n\u00fcll\u00fc Karbon Pazar\u0131 ile Ortakl\u0131k"],"news_summary":["<p>Abdul Latif Jameel, k\u00fcresel net s\u0131f\u0131r hedeflerine ula\u015fmaya yard\u0131mc\u0131 olmak i\u00e7in G\u00f6n\u00fcll\u00fc Karbon Piyasas\u0131 ile i\u015f birli\u011fi yap\u0131yor<\/p>\n"],"news-location":["Riyad, Suudi Arabistan"],"wpcf-featured-news":["1"],"wpcf-featured-on-news-page":["1"],"publish_mobile":[""],"_publish_mobile":["field_5bfa8eb2e65cf"],"mobile_featured_image":["https:\/\/media.alj.com\/app\/uploads\/2022\/11\/Abdul-Latif-Jameel-VCM-PIF-signing.jpg"],"_mobile_featured_image":["field_5c3b204983dea"],"featured_on_listing_page":["0"],"_featured_on_listing_page":["field_62458ea7383c3"],"content_series_applied":[""],"_content_series_applied":["field_60f3d3faf82ac"],"wpcf-show-at-homepage-first-sec-secondary-slider":["1"],"wpcf-news-publish_date":["1667779200"],"wpcf-news-downloadable_file":[""],"wpcf-video-description":[""],"wpcf-layoutvideourl":[""],"wpcf-video-thumb":[""],"wpcf-social4-svg":[""],"wpcf-social4-background-image":[""],"wpcf-social4-text":[""],"wpcf-social4-url":[""],"wpcf-social3-svg":[""],"wpcf-social3-background-image":[""],"wpcf-social3-text":[""],"wpcf-social3-url":[""],"wpcf-social-text-svg-square":[""],"wpcf-social-text-image-square":[""],"wpcf-social-text-text-square":[""],"wpcf-social-text-url-square":[""],"wpcf-social2-svg":[""],"wpcf-social2-background-image":[""],"wpcf-social2-text":[""],"wpcf-social2-url":[""],"wpcf-social-svg-square":[""],"wpcf-social-image-square":[""],"wpcf-social-text-square":[""],"wpcf-social-url-square":[""],"wpcf-social1-svg":[""],"wpcf-social1-background-image":[""],"wpcf-social1-text":[""],"wpcf-social1-url":[""],"wpcf-quotes-with-auther-text-1":[""],"wpcf-card_article_with_title_content":[""],"wpcf-card_article_content":["<p>write your content<\/p>"],"wpcf-quotes-with-auther-text":[""],"_bsf_post_type":["0"],"_bsf_item_review_type":["none"],"_yoast_wpseo_primary_newscategory":["149"],"_yoast_wpseo_title":["G\u00f6n\u00fcll\u00fc Karbon Piyasas\u0131 ile Ortakl\u0131k | Abdul Latif Jameel\u00ae"],"_yoast_wpseo_metadesc":["K\u00fcresel yat\u0131r\u0131mc\u0131 Abdul Latif Jameel, k\u00fcresel net s\u0131f\u0131r karbon hedeflerinin ger\u00e7ekle\u015fmesi i\u00e7in G\u00f6n\u00fcll\u00fc Karbon Piyasas\u0131 ile ortakl\u0131k kuruyor. Daha fazla bilgi"],"_yoast_wpseo_content_score":["60"],"_yoast_wpseo_estimated-reading-time-minutes":["2"],"_yoast_wpseo_opengraph-image":["https:\/\/media.alj.com\/app\/uploads\/2022\/11\/VCM-PIF-LI-1024x535.jpg"],"_yoast_wpseo_opengraph-image-id":["103778"],"_thumbnail_id":["103761"],"_edit_lock":["1675664825:25"],"_edit_last":["25"],"wpcf-projecttitle":[""],"wpcf-projectdescription":[""],"wpcf-projectimage-video1":["image"],"wpcf-projectimage-1":[""],"wpcf-projectvideo-1":[""],"wpcf-projectdescription-1":[""],"wpcf-projectimage-video2":["image"],"wpcf-projectimage-2":[""],"wpcf-projectvideo-2":[""],"wpcf-projectdescription-2":[""],"wpcf-projectimage-video3":["image"],"wpcf-projectimage-3":[""],"wpcf-projectvideo-3":[""],"wpcf-projectdescription-3":[""],"wpcf-projectimage-video4":["image"],"wpcf-projectimage-4":[""],"wpcf-projectvideo-4":[""],"wpcf-projectdescription-4":[""],"_last_translation_edit_mode":["native-editor"],"news_business_sector":["\u015eirket"],"wpcf-card-image":[""],"_wpcf-card-image-sort-order":["a:1:{i:0;i:1422538;}"],"_yoast_wpseo_wordproof_timestamp":[""],"amazonS3_cache":["a:4:{s:61:\"\/\/alj.com\/app\/uploads\/2022\/11\/Fady-Jameel-VCM-PIF-signing.jpg\";a:2:{s:2:\"id\";i:103768;s:11:\"source_type\";s:13:\"media-library\";}s:69:\"\/\/alj.com\/app\/uploads\/2022\/11\/Fady-Jameel-VCM-PIF-signing-300x200.jpg\";a:2:{s:2:\"id\";i:103768;s:11:\"source_type\";s:13:\"media-library\";}s:67:\"\/\/media.alj.com\/app\/uploads\/2022\/11\/Fady-Jameel-VCM-PIF-signing.jpg\";a:2:{s:2:\"id\";i:103768;s:11:\"source_type\";s:13:\"media-library\";}s:75:\"\/\/media.alj.com\/app\/uploads\/2022\/11\/Fady-Jameel-VCM-PIF-signing-300x200.jpg\";a:2:{s:2:\"id\";i:103768;s:11:\"source_type\";s:13:\"media-library\";}}"]},"_links":{"self":[{"href":"https:\/\/alj.com\/tr\/wp-json\/wp\/v2\/news\/104331"}],"collection":[{"href":"https:\/\/alj.com\/tr\/wp-json\/wp\/v2\/news"}],"about":[{"href":"https:\/\/alj.com\/tr\/wp-json\/wp\/v2\/types\/news"}],"wp:featuredmedia":[{"embeddable":true,"href":"https:\/\/alj.com\/tr\/wp-json\/wp\/v2\/media\/103761"}],"wp:attachment":[{"href":"https:\/\/alj.com\/tr\/wp-json\/wp\/v2\/media?parent=104331"}],"wp:term":[{"taxonomy":"post_tag","embeddable":true,"href":"https:\/\/alj.com\/tr\/wp-json\/wp\/v2\/tags?post=104331"},{"taxonomy":"newscategory","embeddable":true,"href":"https:\/\/alj.com\/tr\/wp-json\/wp\/v2\/newscategory?post=104331"}],"curies":[{"name":"wp","href":"https:\/\/api.w.org\/{rel}","templated":true}]}}