{"id":109782,"date":"2023-08-07T07:50:59","date_gmt":"2023-08-07T07:50:59","guid":{"rendered":"https:\/\/alj.com\/news\/the-jameel-principles-respect-a-new-video-with-faisal-alsamannoudi\/"},"modified":"2024-02-16T07:24:43","modified_gmt":"2024-02-16T07:24:43","slug":"the-jameel-principles-respect-a-new-video-with-faisal-alsamannoudi","status":"publish","type":"news","link":"https:\/\/alj.com\/tr\/news\/the-jameel-principles-respect-a-new-video-with-faisal-alsamannoudi\/","title":{"rendered":"Jameel \u0130lkeleri: Sayg\u0131; Faisal Alsamannoudi ile yeni bir video"},"content":{"rendered":"<p>Sayg\u0131, en \u00f6nemli de\u011ferlerimizden biridir ve Abdul Latif Jameel i\u00e7inde derin k\u00f6klere sahiptir. Bu, birlikte i\u015f yapt\u0131\u011f\u0131m\u0131z \u00c7al\u0131\u015fanlara, m\u00fc\u015fterilere, i\u015f ortaklar\u0131na ve toplumlara duydu\u011fumuz sayg\u0131 ile yans\u0131t\u0131l\u0131r.<\/p>\n<p><a href=\"https:\/\/alj-enterprises.com\/\">Abdul Latif Jameel Enterprises<\/a> Y\u00f6netim Kurulu Ba\u015fkan\u0131 ve \u0130cra Kurulu Ba\u015fkan\u0131 ve kurucumuz Abdul Latif Jameel\u2019in torununu olan <a href=\"https:\/\/alj.com\/tr\/our-people\/faisal-alsamannoudi\/\">Faisal Alsamannoudi<\/a>\u2019nin kat\u0131ld\u0131\u011f\u0131 yeni bir videoda, Abdul Latif Jameel k\u00fclt\u00fcr\u00fcn\u00fc y\u00f6nlendiren de\u011ferlere ve rehber ilkelere bak\u0131yoruz: Jameel \u0130lkeleri ve bunlardan en \u00f6nemlilerinden biri: Sayg\u0131.<\/p>\n<p><iframe loading=\"lazy\" src=\"\/\/www.youtube.com\/embed\/war33frtBu8\" width=\"560\" height=\"314\" allowfullscreen=\"allowfullscreen\"><\/iframe><\/p>\n<p>Videoda Say\u0131n Faisal Alsamannoudi \u015fu ifadelerde bulunuyor:<\/p>\n<blockquote><p><em>\u201cAbdul Latif Jameel \u015firketinde giri\u015f seviyesindeki bir m\u00fchendislik g\u00f6revinde geli\u015ferek ve bu b\u00fcy\u00fck \u015firkette 20 y\u0131l\u0131 a\u015fk\u0131n zaman ge\u00e7irerek \u201cSayg\u0131\u201d de\u011ferinin en g\u00fc\u00e7l\u00fc de\u011ferlerden biri ve temel ay\u0131rt edici unsurlardan biri oldu\u011funu g\u00f6rd\u00fcm. Hangi y\u00f6netim seviyesinde oldu\u011funuz, kim oldu\u011funuz hatta nereden geldi\u011finiz \u00f6nemli de\u011fil. Sayg\u0131, farkl\u0131 ve say\u0131s\u0131z yolla uygulanan bir de\u011ferdir.\u201d<\/em><\/p><\/blockquote>\n<p>Jameel \u0130lkeleri, Abdul Latif Jameel\u2019in \u00c7al\u0131\u015fanlar\u0131n\u0131n daha iyi profesyoneller haline gelme ve daha iyi bir ya\u015fam s\u00fcrd\u00fcrme arzusuna sayg\u0131 duydu\u011funu \u00f6zetlemektedir. B\u00f6yle bir \u00e7al\u0131\u015fan-\u015firket ili\u015fkisi; kar\u015f\u0131l\u0131kl\u0131 g\u00fcven, sayg\u0131 ve sorumlulu\u011fu temel alarak olu\u015fturulur.<\/p>\n<p>Abdul Latif Jameel\u2019in k\u00f6kleri ve gururlu miras\u0131 ve sayg\u0131n\u0131n onlarca y\u0131ld\u0131r nas\u0131l i\u015flerinin temel unsuru oldu\u011fu hakk\u0131nda fikirlerini belirten Say\u0131n Faisal Alsamannoudi, videosuna \u015funlar\u0131 ekliyor:<\/p>\n<blockquote><p><em>\u201cKurucumuz \u015eeyh Abdul Latif Jameel\u2019in bunu uygulad\u0131\u011f\u0131n\u0131 ve etraf\u0131ndaki herkese nas\u0131l davrand\u0131\u011f\u0131n\u0131 g\u00f6rd\u00fcm. Birbirimizin kapasitesini, g\u00fcc\u00fcn\u00fc ve ba\u015far\u0131lar\u0131n\u0131 takdir eden ve de\u011fer veren lider ve y\u00f6neticiler olarak aram\u0131zda bunu uygulad\u0131\u011f\u0131m\u0131z\u0131 g\u00f6r\u00fcyorum.\u201d<\/em><\/p><\/blockquote>\n<p><img decoding=\"async\" loading=\"lazy\" class=\"aligncenter wp-image-109232\" src=\"https:\/\/media.alj.com\/app\/uploads\/2023\/08\/The-Jameel-Principles-Respect.jpg\" alt=\"\" width=\"811\" height=\"1019\" srcset=\"https:\/\/media.alj.com\/app\/uploads\/2023\/08\/The-Jameel-Principles-Respect.jpg 609w, https:\/\/media.alj.com\/app\/uploads\/2023\/08\/The-Jameel-Principles-Respect-239x300.jpg 239w, https:\/\/media.alj.com\/app\/uploads\/2023\/08\/The-Jameel-Principles-Respect-119x150.jpg 119w\" sizes=\"(max-width: 811px) 100vw, 811px\" \/><\/p>\n<p>Abdul Latif Jameel\u2019de Kurumsal \u0130K ve Kaizen Ba\u015fkan Yard\u0131mc\u0131s\u0131 olan <a href=\"https:\/\/alj.com\/tr\/perspective\/kultur-kulubu-is-performansinda-kurumsal-kulturun-rolu\/\">Faisal Abdalla\u2019n\u0131n Perspektifler makalesini<\/a> okuyarak Jameel \u0130lkeleri\u2019nin nas\u0131l olu\u015fturuldu\u011fu ve kurumsal k\u00fclt\u00fcr\u00fcn \u00f6nemi hakk\u0131nda daha fazla bilgi sahibi olabilirsiniz.<\/p>\n","protected":false},"featured_media":109245,"template":"","tags":[],"newscategory":[150],"acf":[],"yoast_head":"<!-- This site is optimized with the Yoast SEO plugin v21.5 - https:\/\/yoast.com\/wordpress\/plugins\/seo\/ -->\n<title>FRV Avustralya&#039;dan Yeni Zelanda GES&#039;leri | Abdul Latif Jameel\u00ae<\/title>\n<meta name=\"description\" content=\"ALJ Energy&#039;nin bir par\u00e7as\u0131 olan FRV Avustralya, Y. Zelanda&#039;da kurdu\u011fu 3 yeni GES&#039;ten sonra lider GES geli\u015ftiricisi olma yolunda ilerliyor. Devam\u0131n\u0131 oku.\" \/>\n<meta name=\"robots\" content=\"index, follow, max-snippet:-1, max-image-preview:large, max-video-preview:-1\" \/>\n<link rel=\"canonical\" href=\"https:\/\/alj.com\/tr\/news\/the-jameel-principles-respect-a-new-video-with-faisal-alsamannoudi\/\" \/>\n<meta property=\"og:locale\" content=\"tr_TR\" \/>\n<meta property=\"og:type\" content=\"article\" \/>\n<meta property=\"og:title\" content=\"FRV Avustralya&#039;dan Yeni Zelanda GES&#039;leri | Abdul Latif Jameel\u00ae\" \/>\n<meta property=\"og:description\" content=\"ALJ Energy&#039;nin bir par\u00e7as\u0131 olan FRV Avustralya, Y. Zelanda&#039;da kurdu\u011fu 3 yeni GES&#039;ten sonra lider GES geli\u015ftiricisi olma yolunda ilerliyor. Devam\u0131n\u0131 oku.\" \/>\n<meta property=\"og:url\" content=\"https:\/\/alj.com\/tr\/news\/the-jameel-principles-respect-a-new-video-with-faisal-alsamannoudi\/\" \/>\n<meta property=\"og:site_name\" content=\"Abdul Latif Jameel\" \/>\n<meta property=\"article:publisher\" content=\"https:\/\/www.facebook.com\/Abdul.Latif.Jameel.Official\" \/>\n<meta property=\"article:modified_time\" content=\"2024-02-16T07:24:43+00:00\" \/>\n<meta property=\"og:image\" content=\"https:\/\/media.alj.com\/app\/uploads\/2023\/08\/TJP-FAS-Respect.jpg\" \/>\n\t<meta property=\"og:image:width\" content=\"1200\" \/>\n\t<meta property=\"og:image:height\" content=\"627\" \/>\n\t<meta property=\"og:image:type\" content=\"image\/jpeg\" \/>\n<meta name=\"twitter:card\" content=\"summary_large_image\" \/>\n<meta name=\"twitter:label1\" content=\"Est. reading time\" \/>\n\t<meta name=\"twitter:data1\" content=\"2 minutes\" \/>\n<script type=\"application\/ld+json\" class=\"yoast-schema-graph\">{\"@context\":\"https:\/\/schema.org\",\"@graph\":[{\"@type\":\"WebPage\",\"@id\":\"https:\/\/alj.com\/tr\/news\/the-jameel-principles-respect-a-new-video-with-faisal-alsamannoudi\/\",\"url\":\"https:\/\/alj.com\/tr\/news\/the-jameel-principles-respect-a-new-video-with-faisal-alsamannoudi\/\",\"name\":\"FRV Avustralya'dan Yeni Zelanda GES'leri | Abdul Latif Jameel\u00ae\",\"isPartOf\":{\"@id\":\"https:\/\/alj.com\/en\/#website\"},\"datePublished\":\"2023-08-07T07:50:59+00:00\",\"dateModified\":\"2024-02-16T07:24:43+00:00\",\"description\":\"ALJ Energy'nin bir par\u00e7as\u0131 olan FRV Avustralya, Y. Zelanda'da kurdu\u011fu 3 yeni GES'ten sonra lider GES geli\u015ftiricisi olma yolunda ilerliyor. Devam\u0131n\u0131 oku.\",\"breadcrumb\":{\"@id\":\"https:\/\/alj.com\/tr\/news\/the-jameel-principles-respect-a-new-video-with-faisal-alsamannoudi\/#breadcrumb\"},\"inLanguage\":\"tr\",\"potentialAction\":[{\"@type\":\"ReadAction\",\"target\":[\"https:\/\/alj.com\/tr\/news\/the-jameel-principles-respect-a-new-video-with-faisal-alsamannoudi\/\"]}]},{\"@type\":\"BreadcrumbList\",\"@id\":\"https:\/\/alj.com\/tr\/news\/the-jameel-principles-respect-a-new-video-with-faisal-alsamannoudi\/#breadcrumb\",\"itemListElement\":[{\"@type\":\"ListItem\",\"position\":1,\"name\":\"Home\",\"item\":\"https:\/\/alj.com\/tr\/\"},{\"@type\":\"ListItem\",\"position\":2,\"name\":\"News\",\"item\":\"https:\/\/alj.com\/en\/news\/\"},{\"@type\":\"ListItem\",\"position\":3,\"name\":\"Jameel \u0130lkeleri: Sayg\u0131; Faisal Alsamannoudi ile yeni bir video\"}]},{\"@type\":\"WebSite\",\"@id\":\"https:\/\/alj.com\/en\/#website\",\"url\":\"https:\/\/alj.com\/en\/\",\"name\":\"Abdul Latif Jameel\",\"description\":\"Abdul Latif Jameel\",\"potentialAction\":[{\"@type\":\"SearchAction\",\"target\":{\"@type\":\"EntryPoint\",\"urlTemplate\":\"https:\/\/alj.com\/en\/?s={search_term_string}\"},\"query-input\":\"required name=search_term_string\"}],\"inLanguage\":\"tr\"}]}<\/script>\n<!-- \/ Yoast SEO plugin. -->","yoast_head_json":{"title":"FRV Avustralya'dan Yeni Zelanda GES'leri | Abdul Latif Jameel\u00ae","description":"ALJ Energy'nin bir par\u00e7as\u0131 olan FRV Avustralya, Y. Zelanda'da kurdu\u011fu 3 yeni GES'ten sonra lider GES geli\u015ftiricisi olma yolunda ilerliyor. Devam\u0131n\u0131 oku.","robots":{"index":"index","follow":"follow","max-snippet":"max-snippet:-1","max-image-preview":"max-image-preview:large","max-video-preview":"max-video-preview:-1"},"canonical":"https:\/\/alj.com\/tr\/news\/the-jameel-principles-respect-a-new-video-with-faisal-alsamannoudi\/","og_locale":"tr_TR","og_type":"article","og_title":"FRV Avustralya'dan Yeni Zelanda GES'leri | Abdul Latif Jameel\u00ae","og_description":"ALJ Energy'nin bir par\u00e7as\u0131 olan FRV Avustralya, Y. Zelanda'da kurdu\u011fu 3 yeni GES'ten sonra lider GES geli\u015ftiricisi olma yolunda ilerliyor. Devam\u0131n\u0131 oku.","og_url":"https:\/\/alj.com\/tr\/news\/the-jameel-principles-respect-a-new-video-with-faisal-alsamannoudi\/","og_site_name":"Abdul Latif Jameel","article_publisher":"https:\/\/www.facebook.com\/Abdul.Latif.Jameel.Official","article_modified_time":"2024-02-16T07:24:43+00:00","og_image":[{"width":1200,"height":627,"url":"https:\/\/media.alj.com\/app\/uploads\/2023\/08\/TJP-FAS-Respect.jpg","type":"image\/jpeg"}],"twitter_card":"summary_large_image","twitter_misc":{"Est. reading time":"2 minutes"},"schema":{"@context":"https:\/\/schema.org","@graph":[{"@type":"WebPage","@id":"https:\/\/alj.com\/tr\/news\/the-jameel-principles-respect-a-new-video-with-faisal-alsamannoudi\/","url":"https:\/\/alj.com\/tr\/news\/the-jameel-principles-respect-a-new-video-with-faisal-alsamannoudi\/","name":"FRV Avustralya'dan Yeni Zelanda GES'leri | Abdul Latif Jameel\u00ae","isPartOf":{"@id":"https:\/\/alj.com\/en\/#website"},"datePublished":"2023-08-07T07:50:59+00:00","dateModified":"2024-02-16T07:24:43+00:00","description":"ALJ Energy'nin bir par\u00e7as\u0131 olan FRV Avustralya, Y. Zelanda'da kurdu\u011fu 3 yeni GES'ten sonra lider GES geli\u015ftiricisi olma yolunda ilerliyor. Devam\u0131n\u0131 oku.","breadcrumb":{"@id":"https:\/\/alj.com\/tr\/news\/the-jameel-principles-respect-a-new-video-with-faisal-alsamannoudi\/#breadcrumb"},"inLanguage":"tr","potentialAction":[{"@type":"ReadAction","target":["https:\/\/alj.com\/tr\/news\/the-jameel-principles-respect-a-new-video-with-faisal-alsamannoudi\/"]}]},{"@type":"BreadcrumbList","@id":"https:\/\/alj.com\/tr\/news\/the-jameel-principles-respect-a-new-video-with-faisal-alsamannoudi\/#breadcrumb","itemListElement":[{"@type":"ListItem","position":1,"name":"Home","item":"https:\/\/alj.com\/tr\/"},{"@type":"ListItem","position":2,"name":"News","item":"https:\/\/alj.com\/en\/news\/"},{"@type":"ListItem","position":3,"name":"Jameel \u0130lkeleri: Sayg\u0131; Faisal Alsamannoudi ile yeni bir video"}]},{"@type":"WebSite","@id":"https:\/\/alj.com\/en\/#website","url":"https:\/\/alj.com\/en\/","name":"Abdul Latif Jameel","description":"Abdul Latif Jameel","potentialAction":[{"@type":"SearchAction","target":{"@type":"EntryPoint","urlTemplate":"https:\/\/alj.com\/en\/?s={search_term_string}"},"query-input":"required name=search_term_string"}],"inLanguage":"tr"}]}},"post-meta-fields":{"push_notification":["no"],"_push_notification":["field_5c3b1fb67034d"],"_wpml_word_count":["{\"total\":382,\"to_translate\":{\"ar\":382,\"zh-hans\":382,\"fr\":382,\"ja\":382,\"es\":382,\"tr\":382}}"],"_wpml_media_featured":["1"],"_wpml_media_duplicate":["1"],"news_slider_short_title":["Sayg\u0131n\u0131n de\u011feri hakk\u0131nda yeni bir video"],"news_summary":["<p>Faisal Alsamannoudi, Jameel \u0130lkelerinin bir par\u00e7as\u0131 olarak \u015firket k\u00fclt\u00fcr\u00fc i\u00e7inde Sayg\u0131n\u0131n \u00f6nemini ele al\u0131yor<\/p>\n"],"news-location":["Dubai, BAE"],"wpcf-featured-news":["0"],"wpcf-featured-on-news-page":["0"],"publish_mobile":[""],"_publish_mobile":["field_5bfa8eb2e65cf"],"mobile_featured_image":["https:\/\/media.alj.com\/app\/uploads\/2023\/08\/Faisal-Alsamannoudi-The-Jameel-Principles-1.jpg"],"_mobile_featured_image":["field_5c3b204983dea"],"featured_on_listing_page":["0"],"_featured_on_listing_page":["field_62458ea7383c3"],"content_series_applied":["a:1:{i:0;s:6:\"109264\";}"],"_content_series_applied":["field_60f3d3faf82ac"],"wpcf-wpcf-at-a-glance-or-perspective":["1"],"wpcf-show-at-homepage-first-sec-secondary-slider":["2"],"wpcf-news-publish_date":["1691366400"],"wpcf-news-downloadable_file":[""],"wpcf-video-description":[""],"wpcf-layoutvideourl":[""],"wpcf-video-thumb":[""],"wpcf-social4-svg":[""],"wpcf-social4-background-image":[""],"wpcf-social4-text":[""],"wpcf-social4-url":[""],"wpcf-social3-svg":[""],"wpcf-social3-background-image":[""],"wpcf-social3-text":[""],"wpcf-social3-url":[""],"wpcf-social-text-svg-square":[""],"wpcf-social-text-image-square":[""],"wpcf-social-text-text-square":[""],"wpcf-social-text-url-square":[""],"wpcf-social2-svg":[""],"wpcf-social2-background-image":[""],"wpcf-social2-text":[""],"wpcf-social2-url":[""],"wpcf-social-svg-square":[""],"wpcf-social-image-square":[""],"wpcf-social-text-square":[""],"wpcf-social-url-square":[""],"wpcf-social1-svg":[""],"wpcf-social1-background-image":[""],"wpcf-social1-text":[""],"wpcf-social1-url":[""],"wpcf-quotes-with-auther-text-1":[""],"wpcf-card_article_with_title_content":[""],"wpcf-card_article_content":["write your content"],"wpcf-quotes-with-auther-text":[""],"_bsf_post_type":["0"],"_bsf_item_review_type":["none"],"_yoast_wpseo_primary_newscategory":["150"],"_yoast_wpseo_title":["FRV Avustralya'dan Yeni Zelanda GES'leri | Abdul Latif Jameel\u00ae"],"_yoast_wpseo_metadesc":["ALJ Energy'nin bir par\u00e7as\u0131 olan FRV Avustralya, Y. Zelanda'da kurdu\u011fu 3 yeni GES'ten sonra lider GES geli\u015ftiricisi olma yolunda ilerliyor. Devam\u0131n\u0131 oku."],"_yoast_wpseo_content_score":["90"],"_yoast_wpseo_estimated-reading-time-minutes":[""],"_yoast_wpseo_wordproof_timestamp":[""],"_yoast_wpseo_opengraph-image":["https:\/\/media.alj.com\/app\/uploads\/2023\/08\/TJP-FAS-Respect-1024x535.jpg"],"_yoast_wpseo_opengraph-image-id":["109250"],"_thumbnail_id":["109245"],"_edit_lock":["1708068156:25"],"_edit_last":["25"],"wpcf-projecttitle":[""],"wpcf-projectdescription":[""],"wpcf-projectimage-video1":["image"],"wpcf-projectimage-1":[""],"wpcf-projectvideo-1":[""],"wpcf-projectdescription-1":[""],"wpcf-projectimage-video2":["image"],"wpcf-projectimage-2":[""],"wpcf-projectvideo-2":[""],"wpcf-projectdescription-2":[""],"wpcf-projectimage-video3":["image"],"wpcf-projectimage-3":[""],"wpcf-projectvideo-3":[""],"wpcf-projectdescription-3":[""],"wpcf-projectimage-video4":["image"],"wpcf-projectimage-4":[""],"wpcf-projectvideo-4":[""],"wpcf-projectdescription-4":[""],"_last_translation_edit_mode":["native-editor"],"news_business_sector":["\u015eirket"],"wpcf-card-image":[""],"_wpcf-card-image-sort-order":["a:1:{i:0;i:1664505;}"],"amazonS3_cache":["a:2:{s:63:\"\/\/alj.com\/app\/uploads\/2023\/08\/The-Jameel-Principles-Respect.jpg\";a:2:{s:2:\"id\";i:109232;s:11:\"source_type\";s:13:\"media-library\";}s:69:\"\/\/media.alj.com\/app\/uploads\/2023\/08\/The-Jameel-Principles-Respect.jpg\";a:2:{s:2:\"id\";i:109232;s:11:\"source_type\";s:13:\"media-library\";}}"]},"_links":{"self":[{"href":"https:\/\/alj.com\/tr\/wp-json\/wp\/v2\/news\/109782"}],"collection":[{"href":"https:\/\/alj.com\/tr\/wp-json\/wp\/v2\/news"}],"about":[{"href":"https:\/\/alj.com\/tr\/wp-json\/wp\/v2\/types\/news"}],"wp:featuredmedia":[{"embeddable":true,"href":"https:\/\/alj.com\/tr\/wp-json\/wp\/v2\/media\/109245"}],"wp:attachment":[{"href":"https:\/\/alj.com\/tr\/wp-json\/wp\/v2\/media?parent=109782"}],"wp:term":[{"taxonomy":"post_tag","embeddable":true,"href":"https:\/\/alj.com\/tr\/wp-json\/wp\/v2\/tags?post=109782"},{"taxonomy":"newscategory","embeddable":true,"href":"https:\/\/alj.com\/tr\/wp-json\/wp\/v2\/newscategory?post=109782"}],"curies":[{"name":"wp","href":"https:\/\/api.w.org\/{rel}","templated":true}]}}