{"id":112560,"date":"2023-12-26T08:38:15","date_gmt":"2023-12-26T08:38:15","guid":{"rendered":"https:\/\/alj.com\/news\/abdul-latif-jameel-continues-its-commitment-to-nurturing-sporting-talent-with-launch-of-jameel-motorsport\/"},"modified":"2024-04-24T07:06:50","modified_gmt":"2024-04-24T07:06:50","slug":"abdul-latif-jameel-jameel-motorsportu-baslatti","status":"publish","type":"news","link":"https:\/\/alj.com\/tr\/news\/abdul-latif-jameel-jameel-motorsportu-baslatti\/","title":{"rendered":"Abdul Latif Jameel, \u2018Jameel Motorsport\u2019un lansman\u0131yla spordaki yetenekleri destekleme taahh\u00fcd\u00fcn\u00fc s\u00fcrd\u00fcr\u00fcyor"},"content":{"rendered":"<p><a href=\"hthttps:\/\/alj.com\/en\/\">Abdul Latif Jameel<\/a> i\u015f d\u00fcnyas\u0131ndaki ufkunu geni\u015fletmeye ve Suudi Arabistan Vizyon 2030\u2019a katk\u0131s\u0131n\u0131 desteklemeye y\u00f6nelik s\u00fcrekli ba\u011fl\u0131l\u0131\u011f\u0131n\u0131n bir par\u00e7as\u0131 olarak \u2018Jameel Motorsport\u2019u tan\u0131tt\u0131\u011f\u0131 \u00f6nemli bir d\u00f6n\u00fcm noktas\u0131n\u0131 a\u00e7\u0131klad\u0131. Jameel Motorsport markas\u0131n\u0131n kurulmas\u0131, \u015firketin hem ulusal hem de uluslararas\u0131 motor sporlar\u0131n\u0131n b\u00fcy\u00fcmesini te\u015fvik etmeye adanm\u0131\u015f 26 y\u0131ll\u0131k yolculu\u011funda stratejik bir at\u0131l\u0131m\u0131 i\u015faret ediyor. Bu giri\u015fim, Abdul Latif Jameel\u2019in dinamik motor sporlar\u0131 alan\u0131ndaki rol\u00fcn\u00fcn geli\u015ftirilmesi ve geni\u015fletilmesine olan kal\u0131c\u0131 ba\u011fl\u0131l\u0131\u011f\u0131n\u0131 vurgulamaktad\u0131r.<\/p>\n<p><img decoding=\"async\" loading=\"lazy\" class=\"aligncenter wp-image-112289 size-full\" src=\"https:\/\/media.alj.com\/app\/uploads\/2023\/12\/Jameel-Motorsport-Logotype-Video-Poster-Image-scaled.jpg\" alt=\"Jameel Motorsport Logotype\" width=\"2560\" height=\"1440\" srcset=\"https:\/\/media.alj.com\/app\/uploads\/2023\/12\/Jameel-Motorsport-Logotype-Video-Poster-Image-scaled.jpg 2560w, https:\/\/media.alj.com\/app\/uploads\/2023\/12\/Jameel-Motorsport-Logotype-Video-Poster-Image-300x169.jpg 300w, https:\/\/media.alj.com\/app\/uploads\/2023\/12\/Jameel-Motorsport-Logotype-Video-Poster-Image-1024x576.jpg 1024w, https:\/\/media.alj.com\/app\/uploads\/2023\/12\/Jameel-Motorsport-Logotype-Video-Poster-Image-150x84.jpg 150w, https:\/\/media.alj.com\/app\/uploads\/2023\/12\/Jameel-Motorsport-Logotype-Video-Poster-Image-768x432.jpg 768w, https:\/\/media.alj.com\/app\/uploads\/2023\/12\/Jameel-Motorsport-Logotype-Video-Poster-Image-1536x864.jpg 1536w, https:\/\/media.alj.com\/app\/uploads\/2023\/12\/Jameel-Motorsport-Logotype-Video-Poster-Image-2048x1152.jpg 2048w, https:\/\/media.alj.com\/app\/uploads\/2023\/12\/Jameel-Motorsport-Logotype-Video-Poster-Image-226x126.jpg 226w\" sizes=\"(max-width: 2560px) 100vw, 2560px\" \/><\/p>\n<p>Jameel Motorsport, Abdul Latif Jameel\u2019in sahadaki \u00e7e\u015fitli deneyimlerini ve giri\u015fimlerini tek bir \u00e7at\u0131 alt\u0131nda birle\u015ftirecek. Bu, <a href=\"https:\/\/saudi-championship.samf.gov.sa\/t-en\/\">Suudi Toyota \u015eampiyonas\u0131<\/a> ve <a href=\"https:\/\/rallyjameel.com\/\">Rally Jameel<\/a> gibi spor etkinliklerine s\u00fcrekli kat\u0131l\u0131m\u0131n yan\u0131 s\u0131ra 1997 y\u0131l\u0131nda Kaptan Abdullah Bakhashab\u2019\u0131n sponsorlu\u011fu ile ba\u015flayan bir yolculuk olan yeni yetenekler yeti\u015ftirmeye y\u00f6nelik uzun s\u00fcreli bir taahh\u00fcd\u00fc de i\u00e7erir.<\/p>\n<p>Abdul Latif Jameel, Jameel Motorsport\u2019u kurarak spor yoluyla sosyal ve ekonomik kalk\u0131nmay\u0131 ilerletmeye ve hem Krall\u0131k i\u00e7inde hem de k\u00fcresel \u00f6l\u00e7ekte motor sporlar\u0131n\u0131n gelece\u011fini \u015fekillendirmede \u00f6nemli bir rol oynamaya olan ba\u011fl\u0131l\u0131\u011f\u0131n\u0131 yeniden do\u011fruluyor. Bu taahh\u00fct, y\u00fcksek profilli spor etkinliklerine destek sa\u011flamay\u0131 ve umut vaat eden gen\u00e7 yeteneklerin ke\u015ffine ve yeti\u015ftirilmesine aktif olarak kat\u0131lmay\u0131 da kapsamaktad\u0131r.<\/p>\n<p>Bu taahh\u00fcd\u00fcn yak\u0131n tarihli bir kan\u0131t\u0131, Suudi Otomobil ve Motosiklet Federasyonu (<a href=\"https:\/\/samf.gov.sa\/\">SAMF<\/a>) ile i\u015fbirli\u011fi i\u00e7inde <a href=\"https:\/\/grsaudidrivingschool.com\/\">GR Suudi S\u00fcr\u00fcc\u00fc Okulu<\/a>\u2018nun kurulmas\u0131d\u0131r. Bu giri\u015fim, Suudi Toyota \u015eampiyonas\u0131\u2019n\u0131n bu sezon kayda de\u011fer ba\u015far\u0131lar sergileyen \u2018<a href=\"https:\/\/alj.com\/en\/news\/abdul-latif-jameel-motors-and-saudi-automobile-and-motorcycle-federation-unveil-gazoo-racing-saudi-team\/\">GR Saudi\u2019 Ekibi<\/a>\u2019nin kurulmas\u0131na \u00f6n ayak oldu. \u015eimdi Jameel Motorsport\u2019un giri\u015fimlerine entegre olan bu geli\u015fme, \u015firketin gelecekteki yetenekleri desteklemenin ve geli\u015ftirmenin yan\u0131 s\u0131ra motor sporlar\u0131 d\u00fcnyas\u0131na \u00f6nemli \u00f6l\u00e7\u00fcde katk\u0131da bulunmak i\u00e7in devam eden \u00e7abalar\u0131n\u0131 vurgulamaktad\u0131r.<\/p>\n<p>\u015eu an Jameel Motorsport \u015femsiyesi alt\u0131nda organize edilen bir sonraki Rally Jameel, \u00f6n\u00fcm\u00fczdeki aylarda d\u00fcnyan\u0131n d\u00f6rt bir yan\u0131ndan kad\u0131n yar\u0131\u015fmac\u0131lar\u0131n kat\u0131laca\u011f\u0131 \u00e7\u0131\u011f\u0131r a\u00e7an bir kapsay\u0131c\u0131l\u0131k ile \u00fc\u00e7\u00fcnc\u00fc etkinli\u011fine haz\u0131rlan\u0131yor. Rekor say\u0131da ba\u015fvuru alan bu etkinlik, d\u00fcnya genelinde kad\u0131nlar\u0131n kat\u0131l\u0131m konusundaki ola\u011fan\u00fcst\u00fc hevesini ve kararl\u0131l\u0131\u011f\u0131n\u0131 m\u00fcjdeledi. \u00dc\u00e7\u00fcnc\u00fcs\u00fc d\u00fczenlenen d\u00f6n\u00fcm noktas\u0131 niteli\u011findeki bu etkinlik, Suudi Arabistan\u2019\u0131n kad\u0131nlar\u0131n Suudi spor arenas\u0131na aktif kat\u0131l\u0131m\u0131n\u0131 te\u015fvik etmeye ve ilerletmeye y\u00f6nelik kararl\u0131 taahh\u00fcd\u00fcn\u00fc de vurgulamaktad\u0131r.<\/p>\n<p>Abdul Latif Jameel Ba\u015fkan Vekili ve Y\u00f6netim Kurulu Ba\u015fkan Yard\u0131mc\u0131s\u0131 <a href=\"https:\/\/alj.com\/en\/our-people\/hassan-jameel\/\">Hassan Jameel<\/a> bununla ilgili \u015fu ifadelerde bulundu:<\/p>\n<p><em>\u201cKrall\u0131k\u2019taki \u00e7e\u015fitli kamu ve \u00f6zel kurulu\u015flar\u0131n spor alan\u0131nda kayda de\u011fer ba\u015far\u0131lar elde etmesini sa\u011flayan kolektif ve sars\u0131lmaz \u00e7abalar\u0131ndaki rol\u00fcm\u00fczden b\u00fcy\u00fck gurur duyuyoruz. Alt\u0131 farkl\u0131 motor sporlar\u0131 disiplinini kapsayarak 26 yar\u0131\u015fmaya aktif olarak dahil olan Jameel Motorsport\u2019un lansman\u0131, yolculu\u011fumuzda yeni bir b\u00f6l\u00fcm\u00fcn ba\u015flang\u0131c\u0131n\u0131 olu\u015fturuyor. Amac\u0131m\u0131z, zengin deneyimlerimize dayanarak ge\u00e7mi\u015ften bu yana s\u00fcre gelen t\u00fcm \u00e7abalar\u0131 birle\u015ftirmek ve art\u0131rmakt\u0131r.<\/em><\/p>\n<p><em>Bug\u00fcn kutlad\u0131\u011f\u0131m\u0131z ba\u015far\u0131lar\u0131n b\u00fcy\u00fck k\u0131sm\u0131, \u00e7e\u015fitli payda\u015flar\u0131n sundu\u011fu hakiki deste\u011fe atfedilebilir. Federasyon Y\u00f6netim Kurulu Ba\u015fkan\u0131 Prens Khalid bin Sultan Al Abdullah Al Faisal\u2019\u0131n liderli\u011finde Suudi Otomobil ve Motosiklet Federasyonu ile ger\u00e7ekle\u015ftirdi\u011fimiz verimli i\u015fbirli\u011fini \u00f6zellikle takdir ediyorum.<\/em><\/p>\n<p><em>Bu ortakl\u0131k, ba\u015far\u0131lar\u0131m\u0131zda etkili oldu ve motor sporlar\u0131 ortam\u0131n\u0131 ilerletmede i\u015fbirli\u011finin g\u00fcc\u00fcn\u00fc g\u00f6steriyor.\u201d<\/em><\/p>\n<p>Rekabet\u00e7i yeniliklerle desteklenen motor sporlar\u0131 alan\u0131, gen\u00e7 erkekler ve kad\u0131nlar i\u00e7in muhte\u015fem imkanlar sunuyor. Jameel Motorsport\u2019un kurulu\u015fuyla Abdul Latif Jameel, \u00e7abalar\u0131n\u0131 yar\u0131n\u0131n gen\u00e7 yeteneklerinin yeti\u015ftirilmesine ve desteklenmesine y\u00f6nlendiriyor. Bu, hem mevcut ortaklara hem de motor sporlar\u0131n\u0131n gelece\u011fini \u015fekillendirecek yeni ortakl\u0131klar kurmaya y\u00f6nelik i\u015fbirli\u011fi \u00e7abalar\u0131n\u0131 i\u00e7erir.<\/p>\n<p>Suudi Arabistan \u015fu anda spor altyap\u0131s\u0131, etkinlikler ve turizme yap\u0131lan b\u00fcy\u00fck yat\u0131r\u0131mlar\u0131 ile k\u00fcresel motor sporlar\u0131 takviminde \u00f6nde gelen bir konuma sahiptir. Bu \u00fclke, son birka\u00e7 y\u0131l i\u00e7inde d\u00fczenledi\u011fi etkinliklerle say\u0131lar\u0131 h\u0131zla artan ulusal ve uluslararas\u0131 kat\u0131l\u0131mc\u0131 ve ba\u015fvuru sahiplerinden anla\u015f\u0131laca\u011f\u0131 \u00fczere, tekne sporlar\u0131 ve yar\u0131\u015flar\u0131 dahil \u00e7ok say\u0131da motor sporlar\u0131 disiplininde ve daha geni\u015f bir alanda b\u00fcy\u00fck bir hayran kitlesini kendine \u00e7ekmeyi ba\u015fard\u0131.<\/p>\n<p>Bu ba\u015far\u0131y\u0131 temel alan Jameel Motorsport\u2019un lansman\u0131, \u00fclkenin bu alandaki enerjisini ve yeteneklerini beslemek i\u00e7in \u00f6nemli bir platform sunuyor. Bu olu\u015fum, Abdul Latif Jameel\u2019in Suudi Vizyonu 2030 ile uyumlu bir \u015fekilde Suudi yeteneklerin kabiliyetlerini ve becerilerini geli\u015ftirme \u00e7abalar\u0131n\u0131 y\u00f6nlendirmeyi ve art\u0131rmay\u0131 ve gelecek nesillerin ulusal ve uluslararas\u0131 spor arenas\u0131nda potansiyellerini ger\u00e7ekle\u015ftirmelerini sa\u011flamay\u0131 ama\u00e7lamaktad\u0131r.<\/p>\n<p>&nbsp;<\/p>\n<div style=\"width: 640px;\" class=\"wp-video\"><!--[if lt IE 9]><script>document.createElement('video');<\/script><![endif]-->\n<video class=\"wp-video-shortcode\" id=\"video-112560-1\" width=\"640\" height=\"360\" poster=\"https:\/\/media.alj.com\/app\/uploads\/2023\/12\/Jameel-Motorsport-Video-Poster-Image.png\" preload=\"metadata\" controls=\"controls\"><source type=\"video\/mp4\" src=\"https:\/\/media.alj.com\/app\/uploads\/2023\/12\/Jameel-Motorsport-Heritage-Video-Full-EN-VO-AR-Subs.mp4?_=1\" \/><a href=\"https:\/\/media.alj.com\/app\/uploads\/2023\/12\/Jameel-Motorsport-Heritage-Video-Full-EN-VO-AR-Subs.mp4\">https:\/\/media.alj.com\/app\/uploads\/2023\/12\/Jameel-Motorsport-Heritage-Video-Full-EN-VO-AR-Subs.mp4<\/a><\/video><\/div>\n","protected":false},"featured_media":112265,"template":"","tags":[],"newscategory":[149],"acf":[],"yoast_head":"<!-- This site is optimized with the Yoast SEO plugin v21.5 - https:\/\/yoast.com\/wordpress\/plugins\/seo\/ -->\n<title>Jameel Motorsport&#039;la Tan\u0131\u015f\u0131n | Abdul Latif Jameel\u00ae<\/title>\n<meta name=\"description\" content=\"Abdul Latif Jameel, &#039;Jameel Motorsport&#039;u ba\u015flatarak sportif yetenekleri ve 2030 Suudi Vizyonu&#039;nu destekleme konusundaki kararl\u0131l\u0131\u011f\u0131n\u0131 s\u00fcrd\u00fcr\u00fcyor. Devam\u0131n\u0131 oku.\" \/>\n<meta name=\"robots\" content=\"index, follow, max-snippet:-1, max-image-preview:large, max-video-preview:-1\" \/>\n<link rel=\"canonical\" href=\"https:\/\/alj.com\/tr\/news\/abdul-latif-jameel-jameel-motorsportu-baslatti\/\" \/>\n<meta property=\"og:locale\" content=\"tr_TR\" \/>\n<meta property=\"og:type\" content=\"article\" \/>\n<meta property=\"og:title\" content=\"Jameel Motorsport&#039;la Tan\u0131\u015f\u0131n | Abdul Latif Jameel\u00ae\" \/>\n<meta property=\"og:description\" content=\"Abdul Latif Jameel, &#039;Jameel Motorsport&#039;u ba\u015flatarak sportif yetenekleri ve 2030 Suudi Vizyonu&#039;nu destekleme konusundaki kararl\u0131l\u0131\u011f\u0131n\u0131 s\u00fcrd\u00fcr\u00fcyor. Devam\u0131n\u0131 oku.\" \/>\n<meta property=\"og:url\" content=\"https:\/\/alj.com\/tr\/news\/abdul-latif-jameel-jameel-motorsportu-baslatti\/\" \/>\n<meta property=\"og:site_name\" content=\"Abdul Latif Jameel\" \/>\n<meta property=\"article:publisher\" content=\"https:\/\/www.facebook.com\/Abdul.Latif.Jameel.Official\" \/>\n<meta property=\"article:modified_time\" content=\"2024-04-24T07:06:50+00:00\" \/>\n<meta property=\"og:image\" content=\"https:\/\/media.alj.com\/app\/uploads\/2023\/12\/Jameel-Motorsport-Launch-Ceremony-1-scaled.jpg\" \/>\n\t<meta property=\"og:image:width\" content=\"2560\" \/>\n\t<meta property=\"og:image:height\" content=\"1832\" \/>\n\t<meta property=\"og:image:type\" content=\"image\/jpeg\" \/>\n<meta name=\"twitter:card\" content=\"summary_large_image\" \/>\n<meta name=\"twitter:label1\" content=\"Est. reading time\" \/>\n\t<meta name=\"twitter:data1\" content=\"5 minutes\" \/>\n<script type=\"application\/ld+json\" class=\"yoast-schema-graph\">{\"@context\":\"https:\/\/schema.org\",\"@graph\":[{\"@type\":\"WebPage\",\"@id\":\"https:\/\/alj.com\/tr\/news\/abdul-latif-jameel-jameel-motorsportu-baslatti\/\",\"url\":\"https:\/\/alj.com\/tr\/news\/abdul-latif-jameel-jameel-motorsportu-baslatti\/\",\"name\":\"Jameel Motorsport'la Tan\u0131\u015f\u0131n | Abdul Latif Jameel\u00ae\",\"isPartOf\":{\"@id\":\"https:\/\/alj.com\/en\/#website\"},\"datePublished\":\"2023-12-26T08:38:15+00:00\",\"dateModified\":\"2024-04-24T07:06:50+00:00\",\"description\":\"Abdul Latif Jameel, 'Jameel Motorsport'u ba\u015flatarak sportif yetenekleri ve 2030 Suudi Vizyonu'nu destekleme konusundaki kararl\u0131l\u0131\u011f\u0131n\u0131 s\u00fcrd\u00fcr\u00fcyor. Devam\u0131n\u0131 oku.\",\"breadcrumb\":{\"@id\":\"https:\/\/alj.com\/tr\/news\/abdul-latif-jameel-jameel-motorsportu-baslatti\/#breadcrumb\"},\"inLanguage\":\"tr\",\"potentialAction\":[{\"@type\":\"ReadAction\",\"target\":[\"https:\/\/alj.com\/tr\/news\/abdul-latif-jameel-jameel-motorsportu-baslatti\/\"]}]},{\"@type\":\"BreadcrumbList\",\"@id\":\"https:\/\/alj.com\/tr\/news\/abdul-latif-jameel-jameel-motorsportu-baslatti\/#breadcrumb\",\"itemListElement\":[{\"@type\":\"ListItem\",\"position\":1,\"name\":\"Home\",\"item\":\"https:\/\/alj.com\/tr\/\"},{\"@type\":\"ListItem\",\"position\":2,\"name\":\"News\",\"item\":\"https:\/\/alj.com\/en\/news\/\"},{\"@type\":\"ListItem\",\"position\":3,\"name\":\"Abdul Latif Jameel, \u2018Jameel Motorsport\u2019un lansman\u0131yla spordaki yetenekleri destekleme taahh\u00fcd\u00fcn\u00fc s\u00fcrd\u00fcr\u00fcyor\"}]},{\"@type\":\"WebSite\",\"@id\":\"https:\/\/alj.com\/en\/#website\",\"url\":\"https:\/\/alj.com\/en\/\",\"name\":\"Abdul Latif Jameel\",\"description\":\"Abdul Latif Jameel\",\"potentialAction\":[{\"@type\":\"SearchAction\",\"target\":{\"@type\":\"EntryPoint\",\"urlTemplate\":\"https:\/\/alj.com\/en\/?s={search_term_string}\"},\"query-input\":\"required name=search_term_string\"}],\"inLanguage\":\"tr\"}]}<\/script>\n<!-- \/ Yoast SEO plugin. -->","yoast_head_json":{"title":"Jameel Motorsport'la Tan\u0131\u015f\u0131n | Abdul Latif Jameel\u00ae","description":"Abdul Latif Jameel, 'Jameel Motorsport'u ba\u015flatarak sportif yetenekleri ve 2030 Suudi Vizyonu'nu destekleme konusundaki kararl\u0131l\u0131\u011f\u0131n\u0131 s\u00fcrd\u00fcr\u00fcyor. Devam\u0131n\u0131 oku.","robots":{"index":"index","follow":"follow","max-snippet":"max-snippet:-1","max-image-preview":"max-image-preview:large","max-video-preview":"max-video-preview:-1"},"canonical":"https:\/\/alj.com\/tr\/news\/abdul-latif-jameel-jameel-motorsportu-baslatti\/","og_locale":"tr_TR","og_type":"article","og_title":"Jameel Motorsport'la Tan\u0131\u015f\u0131n | Abdul Latif Jameel\u00ae","og_description":"Abdul Latif Jameel, 'Jameel Motorsport'u ba\u015flatarak sportif yetenekleri ve 2030 Suudi Vizyonu'nu destekleme konusundaki kararl\u0131l\u0131\u011f\u0131n\u0131 s\u00fcrd\u00fcr\u00fcyor. Devam\u0131n\u0131 oku.","og_url":"https:\/\/alj.com\/tr\/news\/abdul-latif-jameel-jameel-motorsportu-baslatti\/","og_site_name":"Abdul Latif Jameel","article_publisher":"https:\/\/www.facebook.com\/Abdul.Latif.Jameel.Official","article_modified_time":"2024-04-24T07:06:50+00:00","og_image":[{"width":2560,"height":1832,"url":"https:\/\/media.alj.com\/app\/uploads\/2023\/12\/Jameel-Motorsport-Launch-Ceremony-1-scaled.jpg","type":"image\/jpeg"}],"twitter_card":"summary_large_image","twitter_misc":{"Est. reading time":"5 minutes"},"schema":{"@context":"https:\/\/schema.org","@graph":[{"@type":"WebPage","@id":"https:\/\/alj.com\/tr\/news\/abdul-latif-jameel-jameel-motorsportu-baslatti\/","url":"https:\/\/alj.com\/tr\/news\/abdul-latif-jameel-jameel-motorsportu-baslatti\/","name":"Jameel Motorsport'la Tan\u0131\u015f\u0131n | Abdul Latif Jameel\u00ae","isPartOf":{"@id":"https:\/\/alj.com\/en\/#website"},"datePublished":"2023-12-26T08:38:15+00:00","dateModified":"2024-04-24T07:06:50+00:00","description":"Abdul Latif Jameel, 'Jameel Motorsport'u ba\u015flatarak sportif yetenekleri ve 2030 Suudi Vizyonu'nu destekleme konusundaki kararl\u0131l\u0131\u011f\u0131n\u0131 s\u00fcrd\u00fcr\u00fcyor. Devam\u0131n\u0131 oku.","breadcrumb":{"@id":"https:\/\/alj.com\/tr\/news\/abdul-latif-jameel-jameel-motorsportu-baslatti\/#breadcrumb"},"inLanguage":"tr","potentialAction":[{"@type":"ReadAction","target":["https:\/\/alj.com\/tr\/news\/abdul-latif-jameel-jameel-motorsportu-baslatti\/"]}]},{"@type":"BreadcrumbList","@id":"https:\/\/alj.com\/tr\/news\/abdul-latif-jameel-jameel-motorsportu-baslatti\/#breadcrumb","itemListElement":[{"@type":"ListItem","position":1,"name":"Home","item":"https:\/\/alj.com\/tr\/"},{"@type":"ListItem","position":2,"name":"News","item":"https:\/\/alj.com\/en\/news\/"},{"@type":"ListItem","position":3,"name":"Abdul Latif Jameel, \u2018Jameel Motorsport\u2019un lansman\u0131yla spordaki yetenekleri destekleme taahh\u00fcd\u00fcn\u00fc s\u00fcrd\u00fcr\u00fcyor"}]},{"@type":"WebSite","@id":"https:\/\/alj.com\/en\/#website","url":"https:\/\/alj.com\/en\/","name":"Abdul Latif Jameel","description":"Abdul Latif Jameel","potentialAction":[{"@type":"SearchAction","target":{"@type":"EntryPoint","urlTemplate":"https:\/\/alj.com\/en\/?s={search_term_string}"},"query-input":"required name=search_term_string"}],"inLanguage":"tr"}]}},"post-meta-fields":{"push_notification":["no"],"_push_notification":["field_5c3b1fb67034d"],"_wpml_word_count":["{\"total\":806,\"to_translate\":{\"ar\":806,\"zh-hans\":806,\"fr\":806,\"ja\":806,\"es\":806,\"tr\":806}}"],"news_slider_short_title":["Abdul Latif Jameel \u201cJameel Motorsport\u201du ba\u015flatt\u0131"],"news_summary":["<p>Abdul Latif Jameel, \u2018Jameel Motorsport\u2019un lansman\u0131yla spordaki yetenekleri destekleme taahh\u00fcd\u00fcn\u00fc s\u00fcrd\u00fcr\u00fcyor<\/p>\n"],"news-location":["Jeddah, Saudi Arabia"],"wpcf-featured-news":["1"],"wpcf-featured-on-news-page":["1"],"publish_mobile":["a:1:{i:0;s:3:\"yes\";}"],"_publish_mobile":["field_5bfa8eb2e65cf"],"mobile_featured_image":["https:\/\/media.alj.com\/app\/uploads\/2023\/12\/Jameel-Motorsport-Launch-Ceremony-1-scaled.jpg"],"_mobile_featured_image":["field_5c3b204983dea"],"content_series_applied":[""],"_content_series_applied":["field_60f3d3faf82ac"],"featured_on_listing_page":["1"],"_featured_on_listing_page":["field_62458ea7383c3"],"wpcf-show-at-homepage-first-sec-secondary-slider":["1"],"wpcf-news-publish_date":["1703548800"],"wpcf-news-downloadable_file":[""],"wpcf-video-description":[""],"wpcf-layoutvideourl":[""],"wpcf-video-thumb":[""],"wpcf-social4-svg":[""],"wpcf-social4-background-image":[""],"wpcf-social4-text":[""],"wpcf-social4-url":[""],"wpcf-social3-svg":[""],"wpcf-social3-background-image":[""],"wpcf-social3-text":[""],"wpcf-social3-url":[""],"wpcf-social-text-svg-square":[""],"wpcf-social-text-image-square":[""],"wpcf-social-text-text-square":[""],"wpcf-social-text-url-square":[""],"wpcf-social2-svg":[""],"wpcf-social2-background-image":[""],"wpcf-social2-text":[""],"wpcf-social2-url":[""],"wpcf-social-svg-square":[""],"wpcf-social-image-square":[""],"wpcf-social-text-square":[""],"wpcf-social-url-square":[""],"wpcf-social1-svg":[""],"wpcf-social1-background-image":[""],"wpcf-social1-text":[""],"wpcf-social1-url":[""],"wpcf-quotes-with-auther-text-1":[""],"wpcf-card_article_with_title_content":[""],"wpcf-card_article_content":["write your content"],"wpcf-quotes-with-auther-text":[""],"_bsf_post_type":["0"],"_bsf_item_review_type":["none"],"_wpml_media_duplicate":["1"],"_wpml_media_featured":["1"],"_yoast_wpseo_primary_newscategory":["149"],"_yoast_wpseo_focuskw":["Abdul Latif Jameel \u201cJameel Motorsport\u201du ba\u015flatt\u0131"],"_yoast_wpseo_metadesc":["Abdul Latif Jameel, 'Jameel Motorsport'u ba\u015flatarak sportif yetenekleri ve 2030 Suudi Vizyonu'nu destekleme konusundaki kararl\u0131l\u0131\u011f\u0131n\u0131 s\u00fcrd\u00fcr\u00fcyor. Devam\u0131n\u0131 oku."],"_yoast_wpseo_linkdex":["61"],"_yoast_wpseo_content_score":["30"],"_yoast_wpseo_estimated-reading-time-minutes":[""],"_yoast_wpseo_wordproof_timestamp":[""],"_oembed_67c0840379fb01be26b656fef6fdd867":["<iframe title=\"\u062c\u0645\u064a\u0644 \u0644\u0631\u064a\u0627\u0636\u0629 \u0627\u0644\u0633\u064a\u0627\u0631\u0627\u062a - \u0641\u064a\u062f\u064a\u0648 \u062a\u0648\u062b\u064a\u0642\u064a (Short: AR VO \/ Subs)\" width=\"640\" height=\"360\" src=\"https:\/\/www.youtube.com\/embed\/VISYV0ovZqI?feature=oembed\" frameborder=\"0\" allow=\"accelerometer; autoplay; clipboard-write; encrypted-media; gyroscope; picture-in-picture; web-share\" allowfullscreen><\/iframe>"],"_oembed_time_67c0840379fb01be26b656fef6fdd867":["1703585771"],"_thumbnail_id":["112265"],"_edit_lock":["1713942493:25"],"_edit_last":["25"],"_wp_old_slug":["abdul-latif-jameel-continues-its-commitment-to-nurturing-sporting-talent-with-launch-of-jameel-motorsport"],"wpcf-projecttitle":[""],"wpcf-projectdescription":[""],"wpcf-projectimage-video1":["image"],"wpcf-projectimage-1":[""],"wpcf-projectvideo-1":[""],"wpcf-projectdescription-1":[""],"wpcf-projectimage-video2":["image"],"wpcf-projectimage-2":[""],"wpcf-projectvideo-2":[""],"wpcf-projectdescription-2":[""],"wpcf-projectimage-video3":["image"],"wpcf-projectimage-3":[""],"wpcf-projectvideo-3":[""],"wpcf-projectdescription-3":[""],"wpcf-projectimage-video4":["image"],"wpcf-projectimage-4":[""],"wpcf-projectvideo-4":[""],"wpcf-projectdescription-4":[""],"_last_translation_edit_mode":["native-editor"],"_yoast_wpseo_title":["Jameel Motorsport'la Tan\u0131\u015f\u0131n | Abdul Latif Jameel\u00ae"],"wpcf-card-image":[""],"_wpcf-card-image-sort-order":["a:1:{i:0;i:1761944;}"],"amazonS3_cache":["a:6:{s:86:\"\/\/alj.com\/app\/uploads\/2023\/12\/Jameel-Motorsport-Logotype-Video-Poster-Image-scaled.jpg\";a:2:{s:2:\"id\";i:112289;s:11:\"source_type\";s:13:\"media-library\";}s:92:\"\/\/media.alj.com\/app\/uploads\/2023\/12\/Jameel-Motorsport-Logotype-Video-Poster-Image-scaled.jpg\";a:2:{s:2:\"id\";i:112289;s:11:\"source_type\";s:13:\"media-library\";}s:85:\"\/\/alj.com\/app\/uploads\/2023\/12\/Jameel-Motorsport-Heritage-Video-Full-EN-VO-AR-Subs.mp4\";a:2:{s:2:\"id\";s:6:\"112266\";s:11:\"source_type\";s:13:\"media-library\";}s:91:\"\/\/media.alj.com\/app\/uploads\/2023\/12\/Jameel-Motorsport-Heritage-Video-Full-EN-VO-AR-Subs.mp4\";a:2:{s:2:\"id\";s:6:\"112266\";s:11:\"source_type\";s:13:\"media-library\";}s:70:\"\/\/alj.com\/app\/uploads\/2023\/12\/Jameel-Motorsport-Video-Poster-Image.png\";a:2:{s:2:\"id\";s:6:\"112273\";s:11:\"source_type\";s:13:\"media-library\";}s:76:\"\/\/media.alj.com\/app\/uploads\/2023\/12\/Jameel-Motorsport-Video-Poster-Image.png\";a:2:{s:2:\"id\";s:6:\"112273\";s:11:\"source_type\";s:13:\"media-library\";}}"]},"_links":{"self":[{"href":"https:\/\/alj.com\/tr\/wp-json\/wp\/v2\/news\/112560"}],"collection":[{"href":"https:\/\/alj.com\/tr\/wp-json\/wp\/v2\/news"}],"about":[{"href":"https:\/\/alj.com\/tr\/wp-json\/wp\/v2\/types\/news"}],"wp:featuredmedia":[{"embeddable":true,"href":"https:\/\/alj.com\/tr\/wp-json\/wp\/v2\/media\/112265"}],"wp:attachment":[{"href":"https:\/\/alj.com\/tr\/wp-json\/wp\/v2\/media?parent=112560"}],"wp:term":[{"taxonomy":"post_tag","embeddable":true,"href":"https:\/\/alj.com\/tr\/wp-json\/wp\/v2\/tags?post=112560"},{"taxonomy":"newscategory","embeddable":true,"href":"https:\/\/alj.com\/tr\/wp-json\/wp\/v2\/newscategory?post=112560"}],"curies":[{"name":"wp","href":"https:\/\/api.w.org\/{rel}","templated":true}]}}