{"id":113662,"date":"2024-01-16T08:17:24","date_gmt":"2024-01-16T08:17:24","guid":{"rendered":"https:\/\/alj.com\/news\/toyota-turkiye-opens-2024-with-two-new-accolades\/"},"modified":"2024-06-11T10:00:17","modified_gmt":"2024-06-11T10:00:17","slug":"toyota-turkiye-opens-2024-with-two-new-accolades","status":"publish","type":"news","link":"https:\/\/alj.com\/tr\/news\/toyota-turkiye-opens-2024-with-two-new-accolades\/","title":{"rendered":"Toyota T\u00fcrkiye 2024&#8217;e iki yeni \u00f6d\u00fclle girdi"},"content":{"rendered":"<p><img decoding=\"async\" loading=\"lazy\" class=\"size-full wp-image-113040 aligncenter\" src=\"https:\/\/media.alj.com\/app\/uploads\/2024\/01\/Picture1-1.png\" alt=\"Toyota Turkey awards Jan 2024\" width=\"1869\" height=\"723\" srcset=\"https:\/\/media.alj.com\/app\/uploads\/2024\/01\/Picture1-1.png 1869w, https:\/\/media.alj.com\/app\/uploads\/2024\/01\/Picture1-1-300x116.png 300w, https:\/\/media.alj.com\/app\/uploads\/2024\/01\/Picture1-1-1024x396.png 1024w, https:\/\/media.alj.com\/app\/uploads\/2024\/01\/Picture1-1-150x58.png 150w, https:\/\/media.alj.com\/app\/uploads\/2024\/01\/Picture1-1-768x297.png 768w, https:\/\/media.alj.com\/app\/uploads\/2024\/01\/Picture1-1-1536x594.png 1536w\" sizes=\"(max-width: 1869px) 100vw, 1869px\" \/><\/p>\n<p>Abdul Latif Jameel Motors\u2019un T\u00fcrkiye\u2019deki faaliyetleri, bir de\u011fil iki prestijli sekt\u00f6r \u00f6d\u00fclle 2024\u2019te ola\u011fan\u00fcst\u00fc bir kutlamayla ba\u015flad\u0131.<\/p>\n<p>Master of Events by ACE of M.I.C.E. <strong>\u201c2023 En \u0130yi Incentive Etkinli\u011fi \u00d6d\u00fcl\u00fcn\u00fc\u201d <\/strong>ve Otomotiv Distrib\u00fct\u00f6rleri ve Mobilite Derne\u011fi (<a href=\"https:\/\/www.odmd.org.tr\/\">ODMD<\/a>) 2023 Sat\u0131\u015f ve \u0130leti\u015fim Gladyat\u00f6rleri \u00d6d\u00fclleri\u2019nde verilen<strong> \u20182023 En \u0130yi Sosyal Sorumluluk Projesi \u00d6d\u00fcl\u00fcn\u00fc\u2019<\/strong> kazand\u0131\u011f\u0131m\u0131z\u0131 duyurmaktan gurur duyuyoruz.<\/p>\n<p><img decoding=\"async\" loading=\"lazy\" class=\"size-full wp-image-113018 aligncenter\" src=\"https:\/\/media.alj.com\/app\/uploads\/2024\/01\/1.-ace-of-mice-t.png\" alt=\"Toyota Turkey awards Jan 2024\" width=\"1873\" height=\"1357\" srcset=\"https:\/\/media.alj.com\/app\/uploads\/2024\/01\/1.-ace-of-mice-t.png 1873w, https:\/\/media.alj.com\/app\/uploads\/2024\/01\/1.-ace-of-mice-t-300x217.png 300w, https:\/\/media.alj.com\/app\/uploads\/2024\/01\/1.-ace-of-mice-t-1024x742.png 1024w, https:\/\/media.alj.com\/app\/uploads\/2024\/01\/1.-ace-of-mice-t-150x109.png 150w, https:\/\/media.alj.com\/app\/uploads\/2024\/01\/1.-ace-of-mice-t-768x556.png 768w, https:\/\/media.alj.com\/app\/uploads\/2024\/01\/1.-ace-of-mice-t-1536x1113.png 1536w\" sizes=\"(max-width: 1873px) 100vw, 1873px\" \/><\/p>\n<p>5-6 Ocak 2024 tarihleri aras\u0131nda d\u00fczenlenen <a href=\"http:\/\/miceodulleri.com\/en\/master-of-events\/\">Master of Events by ACE of M.I.C.E.<\/a> \u00d6d\u00fclleri i\u015f m\u00fckemmelli\u011finde ola\u011fan\u00fcst\u00fc ba\u015far\u0131lar sergileyen turizm ve \u2018Toplant\u0131lar, Te\u015fvikler, Konferanslar ve Sergiler\u2019 (M.I.C.E.) sekt\u00f6rlerinden \u00f6nemli akt\u00f6rlerin ba\u015far\u0131lar\u0131n\u0131 kutlad\u0131.<\/p>\n<p>En \u0130yi Incentive Etkinli\u011fi \u00d6d\u00fcl\u00fc, Toyota T\u00fcrkiye Bayi Toplant\u0131s\u0131n\u0131 ve T\u00fcrkiye Cumhuriyeti\u2019nin y\u00fcz\u00fcnc\u00fc y\u0131l kutlamalar\u0131nda ba\u015fkent Ankara\u2019da d\u00fczenlenen Yeni Toyota C-HR Hibrit Lansman Etkinli\u011fini d\u00fczenleyen Toyota T\u00fcrkiye ekibimize verildi.<\/p>\n<p>Ola\u011fan\u00fcst\u00fc ekibimiz i\u00e7in bir \u00f6d\u00fcl yeterli de\u011fildi ve ODMD Gladyat\u00f6rleri 2023 Sat\u0131\u015f ve \u0130leti\u015fim \u00d6d\u00fclleri\u2019nde \u201cEn \u0130yi Sosyal Sorumluluk Projesi 2023\u201d \u00f6d\u00fcl\u00fcn\u00fc de eve g\u00f6t\u00fcrd\u00fcler.<\/p>\n<p><img decoding=\"async\" loading=\"lazy\" class=\"size-full wp-image-113025 aligncenter\" src=\"https:\/\/media.alj.com\/app\/uploads\/2024\/01\/2.-ODMDFotograf-2.png\" alt=\"\" width=\"647\" height=\"575\" srcset=\"https:\/\/media.alj.com\/app\/uploads\/2024\/01\/2.-ODMDFotograf-2.png 647w, https:\/\/media.alj.com\/app\/uploads\/2024\/01\/2.-ODMDFotograf-2-300x267.png 300w, https:\/\/media.alj.com\/app\/uploads\/2024\/01\/2.-ODMDFotograf-2-150x133.png 150w\" sizes=\"(max-width: 647px) 100vw, 647px\" \/><\/p>\n<ol start=\"11\">\n<li>kez verilen ODMD Gladyat\u00f6rleri \u00d6d\u00fclleri, T\u00fcrk otomotiv sekt\u00f6r\u00fcnde yenilik\u00e7i ileti\u015fim ve sat\u0131\u015f sergileyen en iyi markalar\u0131 onurland\u0131r\u0131yor.<\/li>\n<\/ol>\n<p>G\u00f6rme engelli bireylerin ula\u015f\u0131m\u0131 i\u00e7in \u00e7al\u0131\u015fan bir \u015firket olan <a href=\"https:\/\/www.blindlook.com\/\">BlindLook<\/a> ile ortakla\u015fa geli\u015ftirilen Toyota T\u00fcrkiye\u2019nin Beyaz Baston ve Web Sitesi Sesli Sim\u00fclasyon projeleri, bu y\u0131lki \u00f6d\u00fcl\u00fcn kazananlar\u0131 oldu ve bu da sekt\u00f6rde s\u0131kl\u0131kla unutulan ula\u015f\u0131m kullan\u0131c\u0131lar\u0131 toplulu\u011funa olan ba\u011fl\u0131l\u0131\u011f\u0131n\u0131 ve ileri g\u00f6r\u00fc\u015fl\u00fc yakla\u015f\u0131m\u0131n\u0131 bir kez daha vurgulad\u0131.<\/p>\n<p>Bu iki \u00f6d\u00fcl\u00fcn ba\u015far\u0131s\u0131 ku\u015fkusuz t\u00fcm Toyota T\u00fcrkiye ekibinin sergiledi\u011fi ola\u011fan\u00fcst\u00fc tutku ve adanm\u0131\u015fl\u0131\u011fa atfedilebilir.<\/p>\n<p>Toyota T\u00fcrkiye hakk\u0131nda daha fazla bilgi i\u00e7in <a href=\"https:\/\/link.edgepilot.com\/s\/d0c8415c\/8bLODkjL4EOkG9EX5NyEoA?u=https:\/\/www.toyota.com.tr\/\">https:\/\/link.edgepilot.com\/s\/d0c8415c\/8bLODkjL4EOkG9EX5NyEoA?u=https:\/\/www.toyota.com.tr\/<\/a> adresini ziyaret edin.<\/p>\n","protected":false},"featured_media":113069,"template":"","tags":[],"newscategory":[150],"acf":[],"yoast_head":"<!-- This site is optimized with the Yoast SEO plugin v21.5 - https:\/\/yoast.com\/wordpress\/plugins\/seo\/ -->\n<title>Toyota T\u00fcrkiye&#039;ye 2 Prestijli \u00d6d\u00fcl | Abdul Latif Jameel\u00ae<\/title>\n<meta name=\"description\" content=\"Abdul Latif Jameel Motors T\u00fcrkiye iki \u00f6nemli \u00f6d\u00fcl ald\u0131: &#039;En \u0130yi Te\u015fvik Etkinli\u011fi 2023&#039; ve &#039;En \u0130yi Sosyal Sorumluluk Projesi \u00d6d\u00fcl\u00fc 2023&#039;. Devam\u0131n\u0131 oku.\" \/>\n<meta name=\"robots\" content=\"index, follow, max-snippet:-1, max-image-preview:large, max-video-preview:-1\" \/>\n<link rel=\"canonical\" href=\"https:\/\/alj.com\/tr\/news\/toyota-turkiye-opens-2024-with-two-new-accolades\/\" \/>\n<meta property=\"og:locale\" content=\"tr_TR\" \/>\n<meta property=\"og:type\" content=\"article\" \/>\n<meta property=\"og:title\" content=\"Toyota T\u00fcrkiye&#039;ye 2 Prestijli \u00d6d\u00fcl | Abdul Latif Jameel\u00ae\" \/>\n<meta property=\"og:description\" content=\"Abdul Latif Jameel Motors T\u00fcrkiye iki \u00f6nemli \u00f6d\u00fcl ald\u0131: &#039;En \u0130yi Te\u015fvik Etkinli\u011fi 2023&#039; ve &#039;En \u0130yi Sosyal Sorumluluk Projesi \u00d6d\u00fcl\u00fc 2023&#039;. Devam\u0131n\u0131 oku.\" \/>\n<meta property=\"og:url\" content=\"https:\/\/alj.com\/tr\/news\/toyota-turkiye-opens-2024-with-two-new-accolades\/\" \/>\n<meta property=\"og:site_name\" content=\"Abdul Latif Jameel\" \/>\n<meta property=\"article:publisher\" content=\"https:\/\/www.facebook.com\/Abdul.Latif.Jameel.Official\" \/>\n<meta property=\"article:modified_time\" content=\"2024-06-11T10:00:17+00:00\" \/>\n<meta property=\"og:image\" content=\"https:\/\/media.alj.com\/app\/uploads\/2024\/01\/1.-ace-of-mice-t-copy-1.jpg\" \/>\n\t<meta property=\"og:image:width\" content=\"1000\" \/>\n\t<meta property=\"og:image:height\" content=\"554\" \/>\n\t<meta property=\"og:image:type\" content=\"image\/jpeg\" \/>\n<meta name=\"twitter:card\" content=\"summary_large_image\" \/>\n<meta name=\"twitter:label1\" content=\"Est. reading time\" \/>\n\t<meta name=\"twitter:data1\" content=\"2 minutes\" \/>\n<script type=\"application\/ld+json\" class=\"yoast-schema-graph\">{\"@context\":\"https:\/\/schema.org\",\"@graph\":[{\"@type\":\"WebPage\",\"@id\":\"https:\/\/alj.com\/tr\/news\/toyota-turkiye-opens-2024-with-two-new-accolades\/\",\"url\":\"https:\/\/alj.com\/tr\/news\/toyota-turkiye-opens-2024-with-two-new-accolades\/\",\"name\":\"Toyota T\u00fcrkiye'ye 2 Prestijli \u00d6d\u00fcl | Abdul Latif Jameel\u00ae\",\"isPartOf\":{\"@id\":\"https:\/\/alj.com\/en\/#website\"},\"datePublished\":\"2024-01-16T08:17:24+00:00\",\"dateModified\":\"2024-06-11T10:00:17+00:00\",\"description\":\"Abdul Latif Jameel Motors T\u00fcrkiye iki \u00f6nemli \u00f6d\u00fcl ald\u0131: 'En \u0130yi Te\u015fvik Etkinli\u011fi 2023' ve 'En \u0130yi Sosyal Sorumluluk Projesi \u00d6d\u00fcl\u00fc 2023'. Devam\u0131n\u0131 oku.\",\"breadcrumb\":{\"@id\":\"https:\/\/alj.com\/tr\/news\/toyota-turkiye-opens-2024-with-two-new-accolades\/#breadcrumb\"},\"inLanguage\":\"tr\",\"potentialAction\":[{\"@type\":\"ReadAction\",\"target\":[\"https:\/\/alj.com\/tr\/news\/toyota-turkiye-opens-2024-with-two-new-accolades\/\"]}]},{\"@type\":\"BreadcrumbList\",\"@id\":\"https:\/\/alj.com\/tr\/news\/toyota-turkiye-opens-2024-with-two-new-accolades\/#breadcrumb\",\"itemListElement\":[{\"@type\":\"ListItem\",\"position\":1,\"name\":\"Home\",\"item\":\"https:\/\/alj.com\/tr\/\"},{\"@type\":\"ListItem\",\"position\":2,\"name\":\"News\",\"item\":\"https:\/\/alj.com\/en\/news\/\"},{\"@type\":\"ListItem\",\"position\":3,\"name\":\"Toyota T\u00fcrkiye 2024&#8217;e iki yeni \u00f6d\u00fclle girdi\"}]},{\"@type\":\"WebSite\",\"@id\":\"https:\/\/alj.com\/en\/#website\",\"url\":\"https:\/\/alj.com\/en\/\",\"name\":\"Abdul Latif Jameel\",\"description\":\"Abdul Latif Jameel\",\"potentialAction\":[{\"@type\":\"SearchAction\",\"target\":{\"@type\":\"EntryPoint\",\"urlTemplate\":\"https:\/\/alj.com\/en\/?s={search_term_string}\"},\"query-input\":\"required name=search_term_string\"}],\"inLanguage\":\"tr\"}]}<\/script>\n<!-- \/ Yoast SEO plugin. -->","yoast_head_json":{"title":"Toyota T\u00fcrkiye'ye 2 Prestijli \u00d6d\u00fcl | Abdul Latif Jameel\u00ae","description":"Abdul Latif Jameel Motors T\u00fcrkiye iki \u00f6nemli \u00f6d\u00fcl ald\u0131: 'En \u0130yi Te\u015fvik Etkinli\u011fi 2023' ve 'En \u0130yi Sosyal Sorumluluk Projesi \u00d6d\u00fcl\u00fc 2023'. Devam\u0131n\u0131 oku.","robots":{"index":"index","follow":"follow","max-snippet":"max-snippet:-1","max-image-preview":"max-image-preview:large","max-video-preview":"max-video-preview:-1"},"canonical":"https:\/\/alj.com\/tr\/news\/toyota-turkiye-opens-2024-with-two-new-accolades\/","og_locale":"tr_TR","og_type":"article","og_title":"Toyota T\u00fcrkiye'ye 2 Prestijli \u00d6d\u00fcl | Abdul Latif Jameel\u00ae","og_description":"Abdul Latif Jameel Motors T\u00fcrkiye iki \u00f6nemli \u00f6d\u00fcl ald\u0131: 'En \u0130yi Te\u015fvik Etkinli\u011fi 2023' ve 'En \u0130yi Sosyal Sorumluluk Projesi \u00d6d\u00fcl\u00fc 2023'. Devam\u0131n\u0131 oku.","og_url":"https:\/\/alj.com\/tr\/news\/toyota-turkiye-opens-2024-with-two-new-accolades\/","og_site_name":"Abdul Latif Jameel","article_publisher":"https:\/\/www.facebook.com\/Abdul.Latif.Jameel.Official","article_modified_time":"2024-06-11T10:00:17+00:00","og_image":[{"width":1000,"height":554,"url":"https:\/\/media.alj.com\/app\/uploads\/2024\/01\/1.-ace-of-mice-t-copy-1.jpg","type":"image\/jpeg"}],"twitter_card":"summary_large_image","twitter_misc":{"Est. reading time":"2 minutes"},"schema":{"@context":"https:\/\/schema.org","@graph":[{"@type":"WebPage","@id":"https:\/\/alj.com\/tr\/news\/toyota-turkiye-opens-2024-with-two-new-accolades\/","url":"https:\/\/alj.com\/tr\/news\/toyota-turkiye-opens-2024-with-two-new-accolades\/","name":"Toyota T\u00fcrkiye'ye 2 Prestijli \u00d6d\u00fcl | Abdul Latif Jameel\u00ae","isPartOf":{"@id":"https:\/\/alj.com\/en\/#website"},"datePublished":"2024-01-16T08:17:24+00:00","dateModified":"2024-06-11T10:00:17+00:00","description":"Abdul Latif Jameel Motors T\u00fcrkiye iki \u00f6nemli \u00f6d\u00fcl ald\u0131: 'En \u0130yi Te\u015fvik Etkinli\u011fi 2023' ve 'En \u0130yi Sosyal Sorumluluk Projesi \u00d6d\u00fcl\u00fc 2023'. Devam\u0131n\u0131 oku.","breadcrumb":{"@id":"https:\/\/alj.com\/tr\/news\/toyota-turkiye-opens-2024-with-two-new-accolades\/#breadcrumb"},"inLanguage":"tr","potentialAction":[{"@type":"ReadAction","target":["https:\/\/alj.com\/tr\/news\/toyota-turkiye-opens-2024-with-two-new-accolades\/"]}]},{"@type":"BreadcrumbList","@id":"https:\/\/alj.com\/tr\/news\/toyota-turkiye-opens-2024-with-two-new-accolades\/#breadcrumb","itemListElement":[{"@type":"ListItem","position":1,"name":"Home","item":"https:\/\/alj.com\/tr\/"},{"@type":"ListItem","position":2,"name":"News","item":"https:\/\/alj.com\/en\/news\/"},{"@type":"ListItem","position":3,"name":"Toyota T\u00fcrkiye 2024&#8217;e iki yeni \u00f6d\u00fclle girdi"}]},{"@type":"WebSite","@id":"https:\/\/alj.com\/en\/#website","url":"https:\/\/alj.com\/en\/","name":"Abdul Latif Jameel","description":"Abdul Latif Jameel","potentialAction":[{"@type":"SearchAction","target":{"@type":"EntryPoint","urlTemplate":"https:\/\/alj.com\/en\/?s={search_term_string}"},"query-input":"required name=search_term_string"}],"inLanguage":"tr"}]}},"post-meta-fields":{"push_notification":["no"],"_push_notification":["field_5c3b1fb67034d"],"_wpml_word_count":["{\"total\":377,\"to_translate\":{\"ar\":377,\"zh-hans\":377,\"fr\":377,\"ja\":377,\"es\":377,\"tr\":377}}"],"news_slider_short_title":["Toyota T\u00fcrkiye 2024'e iki yeni \u00f6d\u00fclle girdi"],"news_summary":["<p>Abdul Latif Jameel Motors\u2019un T\u00fcrkiye\u2019deki faaliyetleri, bir de\u011fil iki prestijli sekt\u00f6r \u00f6d\u00fclle 2024\u2019te ola\u011fan\u00fcst\u00fc bir kutlamayla ba\u015flad\u0131.<\/p>\n"],"news-location":["\u0130stanbul, T\u00fcrkiye"],"wpcf-featured-news":["0"],"wpcf-featured-on-news-page":["0"],"publish_mobile":["a:1:{i:0;s:3:\"yes\";}"],"_publish_mobile":["field_5bfa8eb2e65cf"],"mobile_featured_image":["https:\/\/media.alj.com\/app\/uploads\/2024\/01\/Untitled-1.jpg"],"_mobile_featured_image":["field_5c3b204983dea"],"featured_on_listing_page":["0"],"_featured_on_listing_page":["field_62458ea7383c3"],"content_series_applied":[""],"_content_series_applied":["field_60f3d3faf82ac"],"wpcf-news-publish_date":["1705363200"],"wpcf-news-downloadable_file":[""],"wpcf-video-description":[""],"wpcf-layoutvideourl":[""],"wpcf-video-thumb":[""],"wpcf-social4-svg":[""],"wpcf-social4-background-image":[""],"wpcf-social4-text":[""],"wpcf-social4-url":[""],"wpcf-social3-svg":[""],"wpcf-social3-background-image":[""],"wpcf-social3-text":[""],"wpcf-social3-url":[""],"wpcf-social-text-svg-square":[""],"wpcf-social-text-image-square":[""],"wpcf-social-text-text-square":[""],"wpcf-social-text-url-square":[""],"wpcf-social2-svg":[""],"wpcf-social2-background-image":[""],"wpcf-social2-text":[""],"wpcf-social2-url":[""],"wpcf-social-svg-square":[""],"wpcf-social-image-square":[""],"wpcf-social-text-square":[""],"wpcf-social-url-square":[""],"wpcf-social1-svg":[""],"wpcf-social1-background-image":[""],"wpcf-social1-text":[""],"wpcf-social1-url":[""],"wpcf-quotes-with-auther-text-1":[""],"wpcf-card_article_with_title_content":[""],"wpcf-card_article_content":["write your content"],"wpcf-quotes-with-auther-text":[""],"_bsf_post_type":["0"],"_bsf_item_review_type":["none"],"_wpml_media_duplicate":["1"],"_wpml_media_featured":["1"],"_yoast_wpseo_primary_newscategory":["150"],"_yoast_wpseo_title":["Toyota T\u00fcrkiye'ye 2 Prestijli \u00d6d\u00fcl | Abdul Latif Jameel\u00ae"],"_yoast_wpseo_metadesc":["Abdul Latif Jameel Motors T\u00fcrkiye iki \u00f6nemli \u00f6d\u00fcl ald\u0131: 'En \u0130yi Te\u015fvik Etkinli\u011fi 2023' ve 'En \u0130yi Sosyal Sorumluluk Projesi \u00d6d\u00fcl\u00fc 2023'. Devam\u0131n\u0131 oku."],"_yoast_wpseo_content_score":["60"],"_yoast_wpseo_estimated-reading-time-minutes":[""],"_yoast_wpseo_wordproof_timestamp":[""],"wpcf-show-at-homepage-first-sec-secondary-slider":["2"],"wpcf-wpcf-at-a-glance-or-perspective":["1"],"_thumbnail_id":["113069"],"_edit_lock":["1718099915:25"],"_edit_last":["25"],"wpcf-projecttitle":[""],"wpcf-projectdescription":[""],"wpcf-projectimage-video1":["image"],"wpcf-projectimage-1":[""],"wpcf-projectvideo-1":[""],"wpcf-projectdescription-1":[""],"wpcf-projectimage-video2":["image"],"wpcf-projectimage-2":[""],"wpcf-projectvideo-2":[""],"wpcf-projectdescription-2":[""],"wpcf-projectimage-video3":["image"],"wpcf-projectimage-3":[""],"wpcf-projectvideo-3":[""],"wpcf-projectdescription-3":[""],"wpcf-projectimage-video4":["image"],"wpcf-projectimage-4":[""],"wpcf-projectvideo-4":[""],"wpcf-projectdescription-4":[""],"_last_translation_edit_mode":["native-editor"],"wpcf-card-image":[""],"_wpcf-card-image-sort-order":["a:1:{i:0;i:1789794;}"],"amazonS3_cache":["a:6:{s:44:\"\/\/alj.com\/app\/uploads\/2024\/01\/Picture1-1.png\";a:2:{s:2:\"id\";i:113040;s:11:\"source_type\";s:13:\"media-library\";}s:50:\"\/\/media.alj.com\/app\/uploads\/2024\/01\/Picture1-1.png\";a:2:{s:2:\"id\";i:113040;s:11:\"source_type\";s:13:\"media-library\";}s:50:\"\/\/alj.com\/app\/uploads\/2024\/01\/1.-ace-of-mice-t.png\";a:2:{s:2:\"id\";i:113018;s:11:\"source_type\";s:13:\"media-library\";}s:56:\"\/\/media.alj.com\/app\/uploads\/2024\/01\/1.-ace-of-mice-t.png\";a:2:{s:2:\"id\";i:113018;s:11:\"source_type\";s:13:\"media-library\";}s:51:\"\/\/alj.com\/app\/uploads\/2024\/01\/2.-ODMDFotograf-2.png\";a:2:{s:2:\"id\";i:113025;s:11:\"source_type\";s:13:\"media-library\";}s:57:\"\/\/media.alj.com\/app\/uploads\/2024\/01\/2.-ODMDFotograf-2.png\";a:2:{s:2:\"id\";i:113025;s:11:\"source_type\";s:13:\"media-library\";}}"]},"_links":{"self":[{"href":"https:\/\/alj.com\/tr\/wp-json\/wp\/v2\/news\/113662"}],"collection":[{"href":"https:\/\/alj.com\/tr\/wp-json\/wp\/v2\/news"}],"about":[{"href":"https:\/\/alj.com\/tr\/wp-json\/wp\/v2\/types\/news"}],"wp:featuredmedia":[{"embeddable":true,"href":"https:\/\/alj.com\/tr\/wp-json\/wp\/v2\/media\/113069"}],"wp:attachment":[{"href":"https:\/\/alj.com\/tr\/wp-json\/wp\/v2\/media?parent=113662"}],"wp:term":[{"taxonomy":"post_tag","embeddable":true,"href":"https:\/\/alj.com\/tr\/wp-json\/wp\/v2\/tags?post=113662"},{"taxonomy":"newscategory","embeddable":true,"href":"https:\/\/alj.com\/tr\/wp-json\/wp\/v2\/newscategory?post=113662"}],"curies":[{"name":"wp","href":"https:\/\/api.w.org\/{rel}","templated":true}]}}