{"id":113824,"date":"2024-03-05T10:24:35","date_gmt":"2024-03-05T10:24:35","guid":{"rendered":"https:\/\/alj.com\/?post_type=news&#038;p=113824"},"modified":"2024-06-11T10:01:00","modified_gmt":"2024-06-11T10:01:00","slug":"abdul-latif-jameels-management-trainee-program-wins-gold-stevie-award-for-innovative-achievement-in-human-resources","status":"publish","type":"news","link":"https:\/\/alj.com\/tr\/news\/abdul-latif-jameels-management-trainee-program-wins-gold-stevie-award-for-innovative-achievement-in-human-resources\/","title":{"rendered":"Abdul Latif Jameel\u2019in Y\u00f6netici Yeti\u015ftirme Program\u0131, Stevie\u00ae \u00f6d\u00fcllerinde \u0130nsan Kaynaklar\u0131nda Yenilik\u00e7i Ba\u015far\u0131 alan\u0131nda Alt\u0131n madalya kazand\u0131"},"content":{"rendered":"<p><img decoding=\"async\" loading=\"lazy\" class=\"alignright wp-image-113517 size-thumbnail\" src=\"https:\/\/media.alj.com\/app\/uploads\/2024\/01\/GOLD-2024-STEVIE-WINNER-150x145.jpg\" alt=\"GOLD 2024 STEVIE WINNER\" width=\"150\" height=\"145\" srcset=\"https:\/\/media.alj.com\/app\/uploads\/2024\/01\/GOLD-2024-STEVIE-WINNER-150x145.jpg 150w, https:\/\/media.alj.com\/app\/uploads\/2024\/01\/GOLD-2024-STEVIE-WINNER-300x290.jpg 300w, https:\/\/media.alj.com\/app\/uploads\/2024\/01\/GOLD-2024-STEVIE-WINNER.jpg 460w\" sizes=\"(max-width: 150px) 100vw, 150px\" \/><\/p>\n<p>Abdul Latif Jameel\u2019in Kurumsal \u0130K ve Kaizen ekibi, yetenek geli\u015ftirmede en yeni \u00f6nc\u00fc giri\u015fimimiz olan Abdul Latif Jameel Y\u00f6netici Yeti\u015ftirme Program\u0131\u2019n\u0131n ald\u0131\u011f\u0131 bu \u00f6d\u00fcl ile onurland\u0131r\u0131ld\u0131.<\/p>\n<p>Bu program, 2024 Orta Do\u011fu ve Kuzey Afrika <strong>Stevie<sup>\u00ae<\/sup> \u00d6d\u00fcllerinde<\/strong>, <strong>\u2018\u0130nsan Kaynaklar\u0131nda Yenilik\u00e7i Ba\u015far\u0131\u2019<\/strong> alan\u0131nda <strong>&#8216;Alt\u0131n&#8217; <\/strong>madalyaya lay\u0131k g\u00f6r\u00fcld\u00fc.<\/p>\n<p>Orta Do\u011fu ve Kuzey Afrika\u2019dan 900\u2019den fazla aday aras\u0131ndan se\u00e7ilen kazananlar d\u00fcnya \u00e7ap\u0131nda 150 end\u00fcstri uzman\u0131ndan olu\u015fan bir j\u00fcri heyeti taraf\u0131ndan de\u011ferlendirildi.<\/p>\n<p><iframe loading=\"lazy\" title=\"Welcome to the Abdul Latif Jameel Management Training Program (EN VO Subs)\" width=\"640\" height=\"360\" src=\"https:\/\/www.youtube.com\/embed\/TV8MRH-59Gc?feature=oembed\" frameborder=\"0\" allow=\"accelerometer; autoplay; clipboard-write; encrypted-media; gyroscope; picture-in-picture; web-share\" referrerpolicy=\"strict-origin-when-cross-origin\" allowfullscreen><\/iframe><\/p>\n<p>&nbsp;<\/p>\n<p>Bu program e\u011fitim, liderlik geli\u015fimi, mentorluk, grup ko\u00e7lu\u011fu, bireysel g\u00f6revler ve i\u015f rekabetinin b\u00fct\u00fcnc\u00fcl bir kar\u0131\u015f\u0131m\u0131 yoluyla yeni nesil liderler yeti\u015ftirmeyi ama\u00e7layan \u00f6nc\u00fc bir programd\u0131r.<\/p>\n<p><iframe loading=\"lazy\" title=\"Abdul Latif Jameel Management Trainee Program - Mariana Merino (EN VO Subs)\" width=\"640\" height=\"360\" src=\"https:\/\/www.youtube.com\/embed\/u1evLXyDPD8?feature=oembed\" frameborder=\"0\" allow=\"accelerometer; autoplay; clipboard-write; encrypted-media; gyroscope; picture-in-picture; web-share\" referrerpolicy=\"strict-origin-when-cross-origin\" allowfullscreen><\/iframe><\/p>\n<p>Mariana Merino, Abdul Latif Jameel, \u0130K Uzmanl\u0131k Merkezi Genel M\u00fcd\u00fcr\u00fc \u015fu yorumda bulundu:<\/p>\n<blockquote><p>\u201cAbdul Latif Jameel Y\u00f6netici Yeti\u015ftirme Program\u0131 bir \u0130K giri\u015fiminden \u00e7ok daha fazlas\u0131d\u0131r.<\/p>\n<p>Bunun, gelecek vadeden gen\u00e7leri, daha da belirsiz bir i\u015f d\u00fcnyas\u0131nda potansiyellerini ger\u00e7ekle\u015ftirmeleri i\u00e7in gereken beceri ve deneyimlerle donatmak \u00fczere tasarlanm\u0131\u015f, yetenek geli\u015fimi i\u00e7in d\u00f6n\u00fc\u015ft\u00fcr\u00fcc\u00fc bir plan oldu\u011funu g\u00f6r\u00fcyoruz.\u201d<\/p><\/blockquote>\n<figure id=\"attachment_113510\" aria-describedby=\"caption-attachment-113510\" style=\"width: 215px\" class=\"wp-caption alignleft\"><img decoding=\"async\" loading=\"lazy\" class=\"size-medium wp-image-113510\" src=\"https:\/\/media.alj.com\/app\/uploads\/2024\/01\/Marian-Merino-215x300.png\" alt=\"Mariana Merino\" width=\"215\" height=\"300\" srcset=\"https:\/\/media.alj.com\/app\/uploads\/2024\/01\/Marian-Merino-215x300.png 215w, https:\/\/media.alj.com\/app\/uploads\/2024\/01\/Marian-Merino-107x150.png 107w, https:\/\/media.alj.com\/app\/uploads\/2024\/01\/Marian-Merino.png 434w\" sizes=\"(max-width: 215px) 100vw, 215px\" \/><figcaption id=\"caption-attachment-113510\" class=\"wp-caption-text\">Mariana Merino<br \/>Managing Director<br \/>HR Center of Expertise<br \/>Abdul Latif Jameel<\/figcaption><\/figure>\n<p>\u0130lk grubun ses getiren ba\u015far\u0131s\u0131, program\u0131n inovatif ve kapsaml\u0131 oldu\u011funu kan\u0131tlad\u0131\u011f\u0131 i\u00e7in kurumsal \u0130K ekibi, yeni y\u00f6netici adaylar\u0131ndan olu\u015fan ikinci grubumuzu i\u015fe al\u0131\u015ft\u0131r\u0131yor.<\/p>\n<p>Abdul Latif Jameel Y\u00f6netici Yeti\u015ftirme Program\u0131, yetenek geli\u015ftirme ve s\u00fcre\u00e7 geli\u015ftirme i\u00e7in sundu\u011fu rol modeli ve de\u011fi\u015fime y\u00fcksek uyum yetene\u011fi ile sekt\u00f6r lideri j\u00fcriler taraf\u0131ndan takdir edildi.<\/p>\n<p>Ger\u00e7ek hayattaki g\u00f6revler, mentor rehberli\u011fi ve sanal i\u015f rotasyonlar\u0131n\u0131 da i\u00e7eren bu yenilik\u00e7i \u00e7er\u00e7evenin, ger\u00e7ekten iyi donan\u0131ml\u0131 gelece\u011fin profesyonellerini yeti\u015ftirmeye y\u00f6nelik bir taahh\u00fct sergiledi\u011fini ifade eden j\u00fcri, bu programdan ger\u00e7ek anlamda etkilendi.<\/p>\n<p>Middle East &amp; North Africa Stevie Awards<sup>\u00ae<\/sup> Orta Do\u011fu ve Kuzey Afrika\u2019daki 18 \u00fclkede i\u015f yerinde inovasyonu takdir eden tek i\u015f \u00f6d\u00fcl program\u0131d\u0131r. 22 y\u0131ll\u0131k ge\u00e7mi\u015fiyle Stevie Awards<sup>\u00ae<\/sup>, d\u00fcnyan\u0131n \u00f6nde gelen i\u015f \u00f6d\u00fclleri aras\u0131nda g\u00f6r\u00fclmektedir.<\/p>\n<p><iframe loading=\"lazy\" title=\"Abdul Latif Jameel Management Trainee Program Jaser Al Hawiti (EN VO Subs)\" width=\"640\" height=\"360\" src=\"https:\/\/www.youtube.com\/embed\/gPPKzMHRa2w?feature=oembed\" frameborder=\"0\" allow=\"accelerometer; autoplay; clipboard-write; encrypted-media; gyroscope; picture-in-picture; web-share\" referrerpolicy=\"strict-origin-when-cross-origin\" allowfullscreen><\/iframe><\/p>\n<figure id=\"attachment_114699\" aria-describedby=\"caption-attachment-114699\" style=\"width: 300px\" class=\"wp-caption alignleft\"><img decoding=\"async\" loading=\"lazy\" class=\"wp-image-114699 size-medium\" src=\"https:\/\/media.alj.com\/app\/uploads\/2024\/03\/Mariana_Award_02-300x278.jpg\" alt=\"Image of Marian Merino receiving the Gold Stevie award for Innovative Achievement in Human Resources\" width=\"300\" height=\"278\" srcset=\"https:\/\/media.alj.com\/app\/uploads\/2024\/03\/Mariana_Award_02-300x278.jpg 300w, https:\/\/media.alj.com\/app\/uploads\/2024\/03\/Mariana_Award_02-150x139.jpg 150w, https:\/\/media.alj.com\/app\/uploads\/2024\/03\/Mariana_Award_02-768x713.jpg 768w, https:\/\/media.alj.com\/app\/uploads\/2024\/03\/Mariana_Award_02.jpg 886w\" sizes=\"(max-width: 300px) 100vw, 300px\" \/><figcaption id=\"caption-attachment-114699\" class=\"wp-caption-text\">Mariana Merino, Managing Director, HR Center of Expertise, Abdul Latif Jameel<\/figcaption><\/figure>\n<p>\u00c7ok say\u0131daki Y\u00f6netici Yeti\u015ftirme Program\u0131 ba\u015far\u0131 hikayelerinden baz\u0131lar\u0131n\u0131 i\u00e7eren \u00f6zel Abdul Latif Jameel video serisini izlemek i\u00e7in \u00e7alma listemizi <a href=\"https:\/\/bit.ly\/3tW1ymS\">buradan<\/a> ziyaret edebilirsiniz.<\/p>\n<p>Abdul Latif Jameel\u2019deki <a href=\"https:\/\/alj.com\/en\/about\/careers\/\">kariyerler<\/a> hakk\u0131nda daha fazla bilgi edinin veya Abdul Latif Jameel Y\u00f6netici Yeti\u015ftirme Program\u0131 \u0130nteraktif Bro\u015f\u00fcr\u00fcne <a href=\"https:\/\/indd.adobe.com\/view\/5952920f-ad72-4165-929e-1daa4878914e\">buradan<\/a> g\u00f6z at\u0131n.<\/p>\n","protected":false},"featured_media":114697,"template":"","tags":[],"newscategory":[150],"acf":[],"yoast_head":"<!-- This site is optimized with the Yoast SEO plugin v21.5 - https:\/\/yoast.com\/wordpress\/plugins\/seo\/ -->\n<title>\u0130K ve Kaizen Ekibi Alt\u0131n Madalya Kazand\u0131 | Abdul Latif Jameel\u00ae<\/title>\n<meta name=\"description\" content=\"Abdul Latif Jameel&#039;in \u0130K ve Kaizen ekibi, yenilik\u00e7i Y\u00f6netici Yeti\u015ftirme Program\u0131&#039;yla 900 MENA aday\u0131 aras\u0131ndan Gold Stevie\u00ae \u00d6d\u00fcl\u00fc&#039;n\u00fc kazand\u0131. Daha fazlas\u0131.\" \/>\n<meta name=\"robots\" content=\"index, follow, max-snippet:-1, max-image-preview:large, max-video-preview:-1\" \/>\n<link rel=\"canonical\" href=\"https:\/\/alj.com\/tr\/news\/abdul-latif-jameels-management-trainee-program-wins-gold-stevie-award-for-innovative-achievement-in-human-resources\/\" \/>\n<meta property=\"og:locale\" content=\"tr_TR\" \/>\n<meta property=\"og:type\" content=\"article\" \/>\n<meta property=\"og:title\" content=\"\u0130K ve Kaizen Ekibi Alt\u0131n Madalya Kazand\u0131 | Abdul Latif Jameel\u00ae\" \/>\n<meta property=\"og:description\" content=\"Abdul Latif Jameel&#039;in \u0130K ve Kaizen ekibi, yenilik\u00e7i Y\u00f6netici Yeti\u015ftirme Program\u0131&#039;yla 900 MENA aday\u0131 aras\u0131ndan Gold Stevie\u00ae \u00d6d\u00fcl\u00fc&#039;n\u00fc kazand\u0131. Daha fazlas\u0131.\" \/>\n<meta property=\"og:url\" content=\"https:\/\/alj.com\/tr\/news\/abdul-latif-jameels-management-trainee-program-wins-gold-stevie-award-for-innovative-achievement-in-human-resources\/\" \/>\n<meta property=\"og:site_name\" content=\"Abdul Latif Jameel\" \/>\n<meta property=\"article:publisher\" content=\"https:\/\/www.facebook.com\/Abdul.Latif.Jameel.Official\" \/>\n<meta property=\"article:modified_time\" content=\"2024-06-11T10:01:00+00:00\" \/>\n<meta property=\"og:image\" content=\"https:\/\/media.alj.com\/app\/uploads\/2024\/03\/Mariana_Award_01.jpg\" \/>\n\t<meta property=\"og:image:width\" content=\"784\" \/>\n\t<meta property=\"og:image:height\" content=\"719\" \/>\n\t<meta property=\"og:image:type\" content=\"image\/jpeg\" \/>\n<meta name=\"twitter:card\" content=\"summary_large_image\" \/>\n<meta name=\"twitter:label1\" content=\"Est. reading time\" \/>\n\t<meta name=\"twitter:data1\" content=\"3 minutes\" \/>\n<script type=\"application\/ld+json\" class=\"yoast-schema-graph\">{\"@context\":\"https:\/\/schema.org\",\"@graph\":[{\"@type\":\"WebPage\",\"@id\":\"https:\/\/alj.com\/tr\/news\/abdul-latif-jameels-management-trainee-program-wins-gold-stevie-award-for-innovative-achievement-in-human-resources\/\",\"url\":\"https:\/\/alj.com\/tr\/news\/abdul-latif-jameels-management-trainee-program-wins-gold-stevie-award-for-innovative-achievement-in-human-resources\/\",\"name\":\"\u0130K ve Kaizen Ekibi Alt\u0131n Madalya Kazand\u0131 | Abdul Latif Jameel\u00ae\",\"isPartOf\":{\"@id\":\"https:\/\/alj.com\/en\/#website\"},\"datePublished\":\"2024-03-05T10:24:35+00:00\",\"dateModified\":\"2024-06-11T10:01:00+00:00\",\"description\":\"Abdul Latif Jameel'in \u0130K ve Kaizen ekibi, yenilik\u00e7i Y\u00f6netici Yeti\u015ftirme Program\u0131'yla 900 MENA aday\u0131 aras\u0131ndan Gold Stevie\u00ae \u00d6d\u00fcl\u00fc'n\u00fc kazand\u0131. Daha fazlas\u0131.\",\"breadcrumb\":{\"@id\":\"https:\/\/alj.com\/tr\/news\/abdul-latif-jameels-management-trainee-program-wins-gold-stevie-award-for-innovative-achievement-in-human-resources\/#breadcrumb\"},\"inLanguage\":\"tr\",\"potentialAction\":[{\"@type\":\"ReadAction\",\"target\":[\"https:\/\/alj.com\/tr\/news\/abdul-latif-jameels-management-trainee-program-wins-gold-stevie-award-for-innovative-achievement-in-human-resources\/\"]}]},{\"@type\":\"BreadcrumbList\",\"@id\":\"https:\/\/alj.com\/tr\/news\/abdul-latif-jameels-management-trainee-program-wins-gold-stevie-award-for-innovative-achievement-in-human-resources\/#breadcrumb\",\"itemListElement\":[{\"@type\":\"ListItem\",\"position\":1,\"name\":\"Home\",\"item\":\"https:\/\/alj.com\/tr\/\"},{\"@type\":\"ListItem\",\"position\":2,\"name\":\"News\",\"item\":\"https:\/\/alj.com\/en\/news\/\"},{\"@type\":\"ListItem\",\"position\":3,\"name\":\"Abdul Latif Jameel\u2019in Y\u00f6netici Yeti\u015ftirme Program\u0131, Stevie\u00ae \u00f6d\u00fcllerinde \u0130nsan Kaynaklar\u0131nda Yenilik\u00e7i Ba\u015far\u0131 alan\u0131nda Alt\u0131n madalya kazand\u0131\"}]},{\"@type\":\"WebSite\",\"@id\":\"https:\/\/alj.com\/en\/#website\",\"url\":\"https:\/\/alj.com\/en\/\",\"name\":\"Abdul Latif Jameel\",\"description\":\"Abdul Latif Jameel\",\"potentialAction\":[{\"@type\":\"SearchAction\",\"target\":{\"@type\":\"EntryPoint\",\"urlTemplate\":\"https:\/\/alj.com\/en\/?s={search_term_string}\"},\"query-input\":\"required name=search_term_string\"}],\"inLanguage\":\"tr\"}]}<\/script>\n<!-- \/ Yoast SEO plugin. -->","yoast_head_json":{"title":"\u0130K ve Kaizen Ekibi Alt\u0131n Madalya Kazand\u0131 | Abdul Latif Jameel\u00ae","description":"Abdul Latif Jameel'in \u0130K ve Kaizen ekibi, yenilik\u00e7i Y\u00f6netici Yeti\u015ftirme Program\u0131'yla 900 MENA aday\u0131 aras\u0131ndan Gold Stevie\u00ae \u00d6d\u00fcl\u00fc'n\u00fc kazand\u0131. Daha fazlas\u0131.","robots":{"index":"index","follow":"follow","max-snippet":"max-snippet:-1","max-image-preview":"max-image-preview:large","max-video-preview":"max-video-preview:-1"},"canonical":"https:\/\/alj.com\/tr\/news\/abdul-latif-jameels-management-trainee-program-wins-gold-stevie-award-for-innovative-achievement-in-human-resources\/","og_locale":"tr_TR","og_type":"article","og_title":"\u0130K ve Kaizen Ekibi Alt\u0131n Madalya Kazand\u0131 | Abdul Latif Jameel\u00ae","og_description":"Abdul Latif Jameel'in \u0130K ve Kaizen ekibi, yenilik\u00e7i Y\u00f6netici Yeti\u015ftirme Program\u0131'yla 900 MENA aday\u0131 aras\u0131ndan Gold Stevie\u00ae \u00d6d\u00fcl\u00fc'n\u00fc kazand\u0131. Daha fazlas\u0131.","og_url":"https:\/\/alj.com\/tr\/news\/abdul-latif-jameels-management-trainee-program-wins-gold-stevie-award-for-innovative-achievement-in-human-resources\/","og_site_name":"Abdul Latif Jameel","article_publisher":"https:\/\/www.facebook.com\/Abdul.Latif.Jameel.Official","article_modified_time":"2024-06-11T10:01:00+00:00","og_image":[{"width":784,"height":719,"url":"https:\/\/media.alj.com\/app\/uploads\/2024\/03\/Mariana_Award_01.jpg","type":"image\/jpeg"}],"twitter_card":"summary_large_image","twitter_misc":{"Est. reading time":"3 minutes"},"schema":{"@context":"https:\/\/schema.org","@graph":[{"@type":"WebPage","@id":"https:\/\/alj.com\/tr\/news\/abdul-latif-jameels-management-trainee-program-wins-gold-stevie-award-for-innovative-achievement-in-human-resources\/","url":"https:\/\/alj.com\/tr\/news\/abdul-latif-jameels-management-trainee-program-wins-gold-stevie-award-for-innovative-achievement-in-human-resources\/","name":"\u0130K ve Kaizen Ekibi Alt\u0131n Madalya Kazand\u0131 | Abdul Latif Jameel\u00ae","isPartOf":{"@id":"https:\/\/alj.com\/en\/#website"},"datePublished":"2024-03-05T10:24:35+00:00","dateModified":"2024-06-11T10:01:00+00:00","description":"Abdul Latif Jameel'in \u0130K ve Kaizen ekibi, yenilik\u00e7i Y\u00f6netici Yeti\u015ftirme Program\u0131'yla 900 MENA aday\u0131 aras\u0131ndan Gold Stevie\u00ae \u00d6d\u00fcl\u00fc'n\u00fc kazand\u0131. Daha fazlas\u0131.","breadcrumb":{"@id":"https:\/\/alj.com\/tr\/news\/abdul-latif-jameels-management-trainee-program-wins-gold-stevie-award-for-innovative-achievement-in-human-resources\/#breadcrumb"},"inLanguage":"tr","potentialAction":[{"@type":"ReadAction","target":["https:\/\/alj.com\/tr\/news\/abdul-latif-jameels-management-trainee-program-wins-gold-stevie-award-for-innovative-achievement-in-human-resources\/"]}]},{"@type":"BreadcrumbList","@id":"https:\/\/alj.com\/tr\/news\/abdul-latif-jameels-management-trainee-program-wins-gold-stevie-award-for-innovative-achievement-in-human-resources\/#breadcrumb","itemListElement":[{"@type":"ListItem","position":1,"name":"Home","item":"https:\/\/alj.com\/tr\/"},{"@type":"ListItem","position":2,"name":"News","item":"https:\/\/alj.com\/en\/news\/"},{"@type":"ListItem","position":3,"name":"Abdul Latif Jameel\u2019in Y\u00f6netici Yeti\u015ftirme Program\u0131, Stevie\u00ae \u00f6d\u00fcllerinde \u0130nsan Kaynaklar\u0131nda Yenilik\u00e7i Ba\u015far\u0131 alan\u0131nda Alt\u0131n madalya kazand\u0131"}]},{"@type":"WebSite","@id":"https:\/\/alj.com\/en\/#website","url":"https:\/\/alj.com\/en\/","name":"Abdul Latif Jameel","description":"Abdul Latif Jameel","potentialAction":[{"@type":"SearchAction","target":{"@type":"EntryPoint","urlTemplate":"https:\/\/alj.com\/en\/?s={search_term_string}"},"query-input":"required name=search_term_string"}],"inLanguage":"tr"}]}},"post-meta-fields":{"wpcf-projecttitle":[""],"wpcf-projectdescription":[""],"wpcf-projectimage-video1":["image"],"wpcf-projectimage-1":[""],"wpcf-projectvideo-1":[""],"wpcf-projectdescription-1":[""],"wpcf-projectimage-video2":["image"],"wpcf-projectimage-2":[""],"wpcf-projectvideo-2":[""],"wpcf-projectdescription-2":[""],"wpcf-projectimage-video3":["image"],"wpcf-projectimage-3":[""],"wpcf-projectvideo-3":[""],"wpcf-projectdescription-3":[""],"wpcf-projectimage-video4":["image"],"wpcf-projectimage-4":[""],"wpcf-projectvideo-4":[""],"wpcf-projectdescription-4":[""],"_thumbnail_id":["114697"],"push_notification":["no"],"_push_notification":["field_5c3b1fb67034d"],"_wpml_word_count":["{\"total\":541,\"to_translate\":{\"ar\":541,\"zh-hans\":541,\"fr\":541,\"ja\":541,\"es\":541,\"tr\":541}}"],"wpcf-featured-news":["0"],"wpcf-featured-on-news-page":["0"],"publish_mobile":[""],"_publish_mobile":["field_5bfa8eb2e65cf"],"mobile_featured_image":["https:\/\/media.alj.com\/app\/uploads\/2024\/03\/Mobile-featured-image.jpg"],"_mobile_featured_image":["field_5c3b204983dea"],"featured_on_listing_page":["0"],"_featured_on_listing_page":["field_62458ea7383c3"],"content_series_applied":[""],"_content_series_applied":["field_60f3d3faf82ac"],"wpcf-news-downloadable_file":[""],"wpcf-video-description":[""],"wpcf-layoutvideourl":[""],"wpcf-video-thumb":[""],"wpcf-social4-svg":[""],"wpcf-social4-background-image":[""],"wpcf-social4-text":[""],"wpcf-social4-url":[""],"wpcf-social3-svg":[""],"wpcf-social3-background-image":[""],"wpcf-social3-text":[""],"wpcf-social3-url":[""],"wpcf-social-text-svg-square":[""],"wpcf-social-text-image-square":[""],"wpcf-social-text-text-square":[""],"wpcf-social-text-url-square":[""],"wpcf-social2-svg":[""],"wpcf-social2-background-image":[""],"wpcf-social2-text":[""],"wpcf-social2-url":[""],"wpcf-social-svg-square":[""],"wpcf-social-image-square":[""],"wpcf-social-text-square":[""],"wpcf-social-url-square":[""],"wpcf-social1-svg":[""],"wpcf-social1-background-image":[""],"wpcf-social1-text":[""],"wpcf-social1-url":[""],"wpcf-quotes-with-auther-text-1":[""],"wpcf-card_article_with_title_content":[""],"wpcf-card_article_content":["write your content"],"wpcf-quotes-with-auther-text":[""],"_bsf_post_type":["0"],"_bsf_item_review_type":["none"],"_wpml_media_duplicate":["1"],"_wpml_media_featured":["1"],"_yoast_wpseo_primary_newscategory":["150"],"_yoast_wpseo_content_score":["60"],"_yoast_wpseo_estimated-reading-time-minutes":[""],"_yoast_wpseo_wordproof_timestamp":[""],"news_slider_short_title":["2024\u2019teki Stevie\u00ae \u00f6d\u00fcllerinde Alt\u0131n madalya kazand\u0131"],"news_summary":["<p>Abdul Latif Jameel\u2019in Y\u00f6netici Yeti\u015ftirme Program\u0131, 2024 Orta Do\u011fu ve Kuzey Afrika Stevie<sup>\u00ae<\/sup> \u00d6d\u00fcllerinde, \u2018\u0130nsan Kaynaklar\u0131nda Yenilik\u00e7i Ba\u015far\u0131\u2019 alan\u0131nda 'Alt\u0131n' madalyaya lay\u0131k g\u00f6r\u00fcld\u00fc.<\/p>\n"],"news-location":["Ras Al Khaimah, BAE"],"wpcf-show-at-homepage-first-sec-secondary-slider":["2"],"wpcf-news-publish_date":["1706227200"],"_yoast_wpseo_title":["\u0130K ve Kaizen Ekibi Alt\u0131n Madalya Kazand\u0131 | Abdul Latif Jameel\u00ae"],"_yoast_wpseo_metadesc":["Abdul Latif Jameel'in \u0130K ve Kaizen ekibi, yenilik\u00e7i Y\u00f6netici Yeti\u015ftirme Program\u0131'yla 900 MENA aday\u0131 aras\u0131ndan Gold Stevie\u00ae \u00d6d\u00fcl\u00fc'n\u00fc kazand\u0131. Daha fazlas\u0131."],"wpcf-wpcf-at-a-glance-or-perspective":["1"],"_oembed_fed2131e322886b550e44000f9d6a376":["<iframe title=\"Abdul Latif Jameel Management Trainee Program - Mariana Merino (EN VO Subs)\" width=\"640\" height=\"360\" src=\"https:\/\/www.youtube.com\/embed\/u1evLXyDPD8?feature=oembed\" frameborder=\"0\" allow=\"accelerometer; autoplay; clipboard-write; encrypted-media; gyroscope; picture-in-picture; web-share\" allowfullscreen><\/iframe>"],"_oembed_time_fed2131e322886b550e44000f9d6a376":["1710240507"],"_oembed_0051df0b561f0cda513f78cd0e818753":["<iframe title=\"Welcome to the Abdul Latif Jameel Management Training Program (EN VO Subs)\" width=\"640\" height=\"360\" src=\"https:\/\/www.youtube.com\/embed\/TV8MRH-59Gc?feature=oembed\" frameborder=\"0\" allow=\"accelerometer; autoplay; clipboard-write; encrypted-media; gyroscope; picture-in-picture; web-share\" referrerpolicy=\"strict-origin-when-cross-origin\" allowfullscreen><\/iframe>"],"_oembed_time_0051df0b561f0cda513f78cd0e818753":["1718100072"],"_oembed_97b9ee76a0ffee7977d3c9d1307385ef":["<iframe title=\"Abdul Latif Jameel Management Trainee Program - Nisan I\u0307zgo\u0308ren (EN VO Subs)\" width=\"640\" height=\"360\" src=\"https:\/\/www.youtube.com\/embed\/DjRrxFduBI0?feature=oembed\" frameborder=\"0\" allow=\"accelerometer; autoplay; clipboard-write; encrypted-media; gyroscope; picture-in-picture; web-share\" allowfullscreen><\/iframe>"],"_oembed_time_97b9ee76a0ffee7977d3c9d1307385ef":["1710240676"],"_oembed_1dd8c781cbae4735fe5d7f60fc56b545":["<iframe title=\"Abdul Latif Jameel Management Trainee Program Jaser Al Hawiti (EN VO Subs)\" width=\"640\" height=\"360\" src=\"https:\/\/www.youtube.com\/embed\/gPPKzMHRa2w?feature=oembed\" frameborder=\"0\" allow=\"accelerometer; autoplay; clipboard-write; encrypted-media; gyroscope; picture-in-picture; web-share\" referrerpolicy=\"strict-origin-when-cross-origin\" allowfullscreen><\/iframe>"],"_oembed_time_1dd8c781cbae4735fe5d7f60fc56b545":["1718100073"],"_edit_lock":["1718099943:25"],"_edit_last":["25"],"_last_translation_edit_mode":["native-editor"],"_oembed_df1ae46837c485f351ea778945cbbae2":["<iframe title=\"Abdul Latif Jameel Management Trainee Program - Mariana Merino (EN VO Subs)\" width=\"640\" height=\"360\" src=\"https:\/\/www.youtube.com\/embed\/u1evLXyDPD8?feature=oembed\" frameborder=\"0\" allow=\"accelerometer; autoplay; clipboard-write; encrypted-media; gyroscope; picture-in-picture; web-share\" referrerpolicy=\"strict-origin-when-cross-origin\" allowfullscreen><\/iframe>"],"_oembed_time_df1ae46837c485f351ea778945cbbae2":["1718100073"],"news_business_sector":["\u015eirket"],"wpcf-card-image":[""],"_wpcf-card-image-sort-order":["a:1:{i:0;i:1789927;}"],"amazonS3_cache":["a:12:{s:57:\"\/\/alj.com\/app\/uploads\/2024\/01\/GOLD-2024-STEVIE-WINNER.jpg\";a:2:{s:2:\"id\";i:113517;s:11:\"source_type\";s:13:\"media-library\";}s:65:\"\/\/alj.com\/app\/uploads\/2024\/01\/GOLD-2024-STEVIE-WINNER-150x145.jpg\";a:2:{s:2:\"id\";i:113517;s:11:\"source_type\";s:13:\"media-library\";}s:63:\"\/\/media.alj.com\/app\/uploads\/2024\/01\/GOLD-2024-STEVIE-WINNER.jpg\";a:2:{s:2:\"id\";i:113517;s:11:\"source_type\";s:13:\"media-library\";}s:71:\"\/\/media.alj.com\/app\/uploads\/2024\/01\/GOLD-2024-STEVIE-WINNER-150x145.jpg\";a:2:{s:2:\"id\";i:113517;s:11:\"source_type\";s:13:\"media-library\";}s:47:\"\/\/alj.com\/app\/uploads\/2024\/01\/Marian-Merino.png\";a:2:{s:2:\"id\";i:113510;s:11:\"source_type\";s:13:\"media-library\";}s:55:\"\/\/alj.com\/app\/uploads\/2024\/01\/Marian-Merino-215x300.png\";a:2:{s:2:\"id\";i:113510;s:11:\"source_type\";s:13:\"media-library\";}s:53:\"\/\/media.alj.com\/app\/uploads\/2024\/01\/Marian-Merino.png\";a:2:{s:2:\"id\";i:113510;s:11:\"source_type\";s:13:\"media-library\";}s:61:\"\/\/media.alj.com\/app\/uploads\/2024\/01\/Marian-Merino-215x300.png\";a:2:{s:2:\"id\";i:113510;s:11:\"source_type\";s:13:\"media-library\";}s:50:\"\/\/alj.com\/app\/uploads\/2024\/03\/Mariana_Award_02.jpg\";a:2:{s:2:\"id\";i:114699;s:11:\"source_type\";s:13:\"media-library\";}s:58:\"\/\/alj.com\/app\/uploads\/2024\/03\/Mariana_Award_02-300x278.jpg\";a:2:{s:2:\"id\";i:114699;s:11:\"source_type\";s:13:\"media-library\";}s:56:\"\/\/media.alj.com\/app\/uploads\/2024\/03\/Mariana_Award_02.jpg\";a:2:{s:2:\"id\";i:114699;s:11:\"source_type\";s:13:\"media-library\";}s:64:\"\/\/media.alj.com\/app\/uploads\/2024\/03\/Mariana_Award_02-300x278.jpg\";a:2:{s:2:\"id\";i:114699;s:11:\"source_type\";s:13:\"media-library\";}}"]},"_links":{"self":[{"href":"https:\/\/alj.com\/tr\/wp-json\/wp\/v2\/news\/113824"}],"collection":[{"href":"https:\/\/alj.com\/tr\/wp-json\/wp\/v2\/news"}],"about":[{"href":"https:\/\/alj.com\/tr\/wp-json\/wp\/v2\/types\/news"}],"wp:featuredmedia":[{"embeddable":true,"href":"https:\/\/alj.com\/tr\/wp-json\/wp\/v2\/media\/114697"}],"wp:attachment":[{"href":"https:\/\/alj.com\/tr\/wp-json\/wp\/v2\/media?parent=113824"}],"wp:term":[{"taxonomy":"post_tag","embeddable":true,"href":"https:\/\/alj.com\/tr\/wp-json\/wp\/v2\/tags?post=113824"},{"taxonomy":"newscategory","embeddable":true,"href":"https:\/\/alj.com\/tr\/wp-json\/wp\/v2\/newscategory?post=113824"}],"curies":[{"name":"wp","href":"https:\/\/api.w.org\/{rel}","templated":true}]}}