{"id":114144,"date":"2024-01-17T06:43:29","date_gmt":"2024-01-17T06:43:29","guid":{"rendered":"https:\/\/alj.com\/news\/lexus-turkiye-wins-best-public-relations-event-award\/"},"modified":"2025-07-08T06:40:38","modified_gmt":"2025-07-08T06:40:38","slug":"lexus-turkiye-wins-best-public-relations-event-award","status":"publish","type":"news","link":"https:\/\/alj.com\/tr\/news\/lexus-turkiye-wins-best-public-relations-event-award\/","title":{"rendered":"Lexus T\u00fcrkiye \u2018En \u0130yi Halkla \u0130li\u015fkiler Etkinli\u011fi\u2019 \u00f6d\u00fcl\u00fcn\u00fc kazand\u0131."},"content":{"rendered":"<p>Abdul Latif Jameel T\u00fcrkiye, ba\u015far\u0131l\u0131 bir \u015fekilde ba\u015flad\u0131\u011f\u0131 2024 y\u0131l\u0131nda bir di\u011fer \u00f6nemli \u00f6d\u00fcll\u00fc daha kazand\u0131. <a href=\"https:\/\/jameelmotors.com\">Abdul Latif Jameel Motors<\/a>\u2019un bir par\u00e7as\u0131 olan <a href=\"https:\/\/www.lexus.com.tr\/\">Lexus T\u00fcrkiye<\/a> ekibi, 2023\u2019te yeni Lexus LM Modelinin yenilik\u00e7i bas\u0131n lansman\u0131 i\u00e7in <a href=\"https:\/\/miceodulleri.com\/en\/\">MICE ACE<\/a> taraf\u0131ndan verilen &#8220;En \u0130yi Halkla \u0130li\u015fkiler Etkinli\u011fi&#8221; \u00f6d\u00fcl\u00fcn\u00fc kazand\u0131.<\/p>\n<p><img decoding=\"async\" loading=\"lazy\" class=\"size-full wp-image-113206 aligncenter\" src=\"https:\/\/media.alj.com\/app\/uploads\/2024\/01\/Lexus-LM350h-Award.jpg\" alt=\"Lexus LM350h &amp; Award\" width=\"1501\" height=\"629\" srcset=\"https:\/\/media.alj.com\/app\/uploads\/2024\/01\/Lexus-LM350h-Award.jpg 1501w, https:\/\/media.alj.com\/app\/uploads\/2024\/01\/Lexus-LM350h-Award-300x126.jpg 300w, https:\/\/media.alj.com\/app\/uploads\/2024\/01\/Lexus-LM350h-Award-1024x429.jpg 1024w, https:\/\/media.alj.com\/app\/uploads\/2024\/01\/Lexus-LM350h-Award-150x63.jpg 150w, https:\/\/media.alj.com\/app\/uploads\/2024\/01\/Lexus-LM350h-Award-768x322.jpg 768w\" sizes=\"(max-width: 1501px) 100vw, 1501px\" \/><\/p>\n<p>Yunanistan\u2019\u0131n Selanik \u015fehrinde d\u00fczenlenen Lexus LM lansman\u0131, T\u00fcrkiye Cumhuriyeti\u2019nin 100. y\u0131l d\u00f6n\u00fcm\u00fcne adanm\u0131\u015ft\u0131. Hareket halindeki bir arac\u0131n i\u00e7inden canl\u0131 yay\u0131nla interaktif bir bas\u0131n konferans\u0131 yap\u0131lan bu etkinlik d\u00fcnyada bir ilki ger\u00e7ekle\u015ftirmi\u015fti.<\/p>\n<p><img decoding=\"async\" loading=\"lazy\" class=\"size-full wp-image-113213 aligncenter\" src=\"https:\/\/media.alj.com\/app\/uploads\/2024\/01\/Lexus-LM350h-ile-Hostes-ve-Pilotlarla-karsilama-yaparken-a.jpg\" alt=\"Lexus LM350h ile Hostes ve Pilotlarla karsilama yaparken\" width=\"1632\" height=\"647\" srcset=\"https:\/\/media.alj.com\/app\/uploads\/2024\/01\/Lexus-LM350h-ile-Hostes-ve-Pilotlarla-karsilama-yaparken-a.jpg 1632w, https:\/\/media.alj.com\/app\/uploads\/2024\/01\/Lexus-LM350h-ile-Hostes-ve-Pilotlarla-karsilama-yaparken-a-300x119.jpg 300w, https:\/\/media.alj.com\/app\/uploads\/2024\/01\/Lexus-LM350h-ile-Hostes-ve-Pilotlarla-karsilama-yaparken-a-1024x406.jpg 1024w, https:\/\/media.alj.com\/app\/uploads\/2024\/01\/Lexus-LM350h-ile-Hostes-ve-Pilotlarla-karsilama-yaparken-a-150x59.jpg 150w, https:\/\/media.alj.com\/app\/uploads\/2024\/01\/Lexus-LM350h-ile-Hostes-ve-Pilotlarla-karsilama-yaparken-a-768x304.jpg 768w, https:\/\/media.alj.com\/app\/uploads\/2024\/01\/Lexus-LM350h-ile-Hostes-ve-Pilotlarla-karsilama-yaparken-a-1536x609.jpg 1536w\" sizes=\"(max-width: 1632px) 100vw, 1632px\" \/>Son derece yenilik\u00e7i ve ilgi \u00e7ekici olan bu etkinlik konseptinde Selanik\u2019teki bir otel, birinci s\u0131n\u0131f bir hava yolu business lounge alan\u0131na d\u00f6n\u00fc\u015ft\u00fcr\u00fcld\u00fc.<\/p>\n<p>Ger\u00e7ek hayattaki biletler, bagaj etiketleri, lounge giri\u015f davet kart\u0131 ve \u201cFly Lexus\u201d havaalan\u0131 tarz\u0131 duyurular\u0131n bulundu\u011fu bu etkinlikte t\u00fcm <a href=\"https:\/\/www.lexus.com.tr\/\">Lexus T\u00fcrkiye<\/a> misafirleri, \u00f6zel havaalan\u0131 seyahat deneyimini ya\u015fam\u0131\u015ft\u0131r ve bu deneyim Lexus\u2019un \u2018Making Luxury Personal\u2019 (Ki\u015fiselle\u015ftirilmi\u015f L\u00fcks)yakla\u015f\u0131m\u0131na uygun \u015fekilde sunulmu\u015ftur.<\/p>\n<p><img decoding=\"async\" loading=\"lazy\" class=\"alignright wp-image-113223 size-medium\" src=\"https:\/\/media.alj.com\/app\/uploads\/2024\/01\/Lexus-LM350h_Ataturk-Evi_Selanik-1-239x300.jpg\" alt=\"Lexus LM350h_Ataturk Evi_Selanik (1)\" width=\"239\" height=\"300\" srcset=\"https:\/\/media.alj.com\/app\/uploads\/2024\/01\/Lexus-LM350h_Ataturk-Evi_Selanik-1-239x300.jpg 239w, https:\/\/media.alj.com\/app\/uploads\/2024\/01\/Lexus-LM350h_Ataturk-Evi_Selanik-1-814x1024.jpg 814w, https:\/\/media.alj.com\/app\/uploads\/2024\/01\/Lexus-LM350h_Ataturk-Evi_Selanik-1-119x150.jpg 119w, https:\/\/media.alj.com\/app\/uploads\/2024\/01\/Lexus-LM350h_Ataturk-Evi_Selanik-1-768x966.jpg 768w, https:\/\/media.alj.com\/app\/uploads\/2024\/01\/Lexus-LM350h_Ataturk-Evi_Selanik-1-1222x1536.jpg 1222w, https:\/\/media.alj.com\/app\/uploads\/2024\/01\/Lexus-LM350h_Ataturk-Evi_Selanik-1-1629x2048.jpg 1629w, https:\/\/media.alj.com\/app\/uploads\/2024\/01\/Lexus-LM350h_Ataturk-Evi_Selanik-1-scaled.jpg 2036w\" sizes=\"(max-width: 239px) 100vw, 239px\" \/>Konuklar havaalan\u0131n\u0131n birinci s\u0131n\u0131f lounge alan\u0131nda dinlenirken, benzersiz bir \u2018birinci s\u0131n\u0131f konfor\u2019 sunan Lexus LM modelleri, \u2018Fly Lexus\u2019 filosunu olu\u015fturmu\u015ftur.<\/p>\n<p>\u00d6zel duyurular e\u015fli\u011finde Lexus LM modellerinin VIP arka koltuklar\u0131na ula\u015fan misafirlere, ara\u00e7 i\u00e7indeyken u\u00e7aklardaki \u2018Kaptan\u2019 anonsundan ilham alan seslendirmelerle modelin \u00f6zellikleri tan\u0131t\u0131ld\u0131.<\/p>\n<p>Konuklar, s\u00fcr\u00fcc\u00fc koltu\u011funda pilot \u00fcniformas\u0131 ile bekleyen bir kaptan ve \u00f6n yolcu koltu\u011funda \u015f\u0131k bir hava yolu k\u0131yafet giyen bir hostes taraf\u0131ndan kar\u015f\u0131land\u0131.<\/p>\n<p>Lexus T\u00fcrkiye\u2019nin lansman s\u00fcrprizleri, hareket halindeki bir ara\u00e7ta canl\u0131 d\u00fczenlenen d\u00fcnyadaki ilk interaktif bas\u0131n konferans\u0131 oldu\u011funa inan\u0131lan bas\u0131n brifingiyle Lexus LM\u2019in i\u00e7inde devam etti.<\/p>\n<p>\u00dcr\u00fcn ayr\u0131nt\u0131lar\u0131n\u0131 izleyen misafirler, ara\u00e7 i\u00e7indeki \u00f6zellikleri ayn\u0131 anda deneyimleme \u015fans\u0131na sahip oldu.<\/p>\n<p>Bas\u0131n toplant\u0131s\u0131ndan sonra konuklar, T\u00fcrkiye Cumhuriyeti\u2019nin 100. y\u0131ld\u00f6n\u00fcm\u00fcnde \u00f6zel, t\u00fcr\u00fcn\u00fcn tek \u00f6rne\u011fi olan bu etkinli\u011fi deneyimlemek i\u00e7in Lexus LM\u2019de \u00fcnl\u00fc tarih\u00e7i, yazar ve profesyonel rehber <a href=\"https:\/\/www.saffetemretonguc.com\/hakkinda\/\">Saffet Emre Tongu\u00e7<\/a>\u2019un e\u015fli\u011finde <a href=\"https:\/\/www.ktb.gov.tr\/TR-96346\/selanik-ataturk-evi.html\">Atat\u00fcrk Evi M\u00fczesi<\/a>\u2019ni ziyaret etti.<\/p>\n<div style=\"width: 640px;\" class=\"wp-video\"><!--[if lt IE 9]><script>document.createElement('video');<\/script><![endif]-->\n<video class=\"wp-video-shortcode\" id=\"video-114144-1\" width=\"640\" height=\"360\" preload=\"metadata\" controls=\"controls\"><source type=\"video\/mp4\" src=\"https:\/\/media.alj.com\/app\/uploads\/2024\/01\/Lexus-LM-Etkinlik-Filmi-30sn.mp4?_=1\" \/><a href=\"https:\/\/media.alj.com\/app\/uploads\/2024\/01\/Lexus-LM-Etkinlik-Filmi-30sn.mp4\">https:\/\/media.alj.com\/app\/uploads\/2024\/01\/Lexus-LM-Etkinlik-Filmi-30sn.mp4<\/a><\/video><\/div>\n<p>Lexus T\u00fcrkiye hakk\u0131nda daha fazla bilgi i\u00e7in <a href=\"https:\/\/www.lexus.com.tr\/\">https:\/\/www.lexus.com.tr\/<\/a> adresini ziyaret edin<\/p>\n","protected":false},"featured_media":113199,"template":"","tags":[],"newscategory":[150],"acf":[],"yoast_head":"<!-- This site is optimized with the Yoast SEO plugin v21.5 - https:\/\/yoast.com\/wordpress\/plugins\/seo\/ -->\n<title>Lexus T\u00fcrkiye &#039;En \u0130yi PR Etkinli\u011fi&#039; \u00f6d\u00fcl\u00fc | Abdul Latif Jameel\u00ae<\/title>\n<meta name=\"description\" content=\"ALJ Motors&#039;un bir par\u00e7as\u0131 olan Lexus T\u00fcrkiye, 2023&#039;te yeni Lexus LM Modelinin yenilik\u00e7i lansman\u0131 ile &quot;En \u0130yi PR Etkinli\u011fi&quot; \u00f6d\u00fcl\u00fcn\u00fc kazand\u0131. Daha fazlas\u0131.\" \/>\n<meta name=\"robots\" content=\"index, follow, max-snippet:-1, max-image-preview:large, max-video-preview:-1\" \/>\n<link rel=\"canonical\" href=\"https:\/\/alj.com\/tr\/news\/lexus-turkiye-wins-best-public-relations-event-award\/\" \/>\n<meta property=\"og:locale\" content=\"tr_TR\" \/>\n<meta property=\"og:type\" content=\"article\" \/>\n<meta property=\"og:title\" content=\"Lexus T\u00fcrkiye &#039;En \u0130yi PR Etkinli\u011fi&#039; \u00f6d\u00fcl\u00fc | Abdul Latif Jameel\u00ae\" \/>\n<meta property=\"og:description\" content=\"ALJ Motors&#039;un bir par\u00e7as\u0131 olan Lexus T\u00fcrkiye, 2023&#039;te yeni Lexus LM Modelinin yenilik\u00e7i lansman\u0131 ile &quot;En \u0130yi PR Etkinli\u011fi&quot; \u00f6d\u00fcl\u00fcn\u00fc kazand\u0131. Daha fazlas\u0131.\" \/>\n<meta property=\"og:url\" content=\"https:\/\/alj.com\/tr\/news\/lexus-turkiye-wins-best-public-relations-event-award\/\" \/>\n<meta property=\"og:site_name\" content=\"Abdul Latif Jameel\" \/>\n<meta property=\"article:publisher\" content=\"https:\/\/www.facebook.com\/Abdul.Latif.Jameel.Official\" \/>\n<meta property=\"article:modified_time\" content=\"2025-07-08T06:40:38+00:00\" \/>\n<meta property=\"og:image\" content=\"https:\/\/media.alj.com\/app\/uploads\/2024\/01\/Ace-of-Mice_Lexus-Turkey_Best-PR-Award-a.jpg\" \/>\n\t<meta property=\"og:image:width\" content=\"584\" \/>\n\t<meta property=\"og:image:height\" content=\"336\" \/>\n\t<meta property=\"og:image:type\" content=\"image\/jpeg\" \/>\n<meta name=\"twitter:card\" content=\"summary_large_image\" \/>\n<meta name=\"twitter:label1\" content=\"Est. reading time\" \/>\n\t<meta name=\"twitter:data1\" content=\"2 minutes\" \/>\n<script type=\"application\/ld+json\" class=\"yoast-schema-graph\">{\"@context\":\"https:\/\/schema.org\",\"@graph\":[{\"@type\":\"WebPage\",\"@id\":\"https:\/\/alj.com\/tr\/news\/lexus-turkiye-wins-best-public-relations-event-award\/\",\"url\":\"https:\/\/alj.com\/tr\/news\/lexus-turkiye-wins-best-public-relations-event-award\/\",\"name\":\"Lexus T\u00fcrkiye 'En \u0130yi PR Etkinli\u011fi' \u00f6d\u00fcl\u00fc | Abdul Latif Jameel\u00ae\",\"isPartOf\":{\"@id\":\"https:\/\/alj.com\/en\/#website\"},\"datePublished\":\"2024-01-17T06:43:29+00:00\",\"dateModified\":\"2025-07-08T06:40:38+00:00\",\"description\":\"ALJ Motors'un bir par\u00e7as\u0131 olan Lexus T\u00fcrkiye, 2023'te yeni Lexus LM Modelinin yenilik\u00e7i lansman\u0131 ile \\\\\\\"En \u0130yi PR Etkinli\u011fi\\\\\\\" \u00f6d\u00fcl\u00fcn\u00fc kazand\u0131. Daha fazlas\u0131.\",\"breadcrumb\":{\"@id\":\"https:\/\/alj.com\/tr\/news\/lexus-turkiye-wins-best-public-relations-event-award\/#breadcrumb\"},\"inLanguage\":\"tr\",\"potentialAction\":[{\"@type\":\"ReadAction\",\"target\":[\"https:\/\/alj.com\/tr\/news\/lexus-turkiye-wins-best-public-relations-event-award\/\"]}]},{\"@type\":\"BreadcrumbList\",\"@id\":\"https:\/\/alj.com\/tr\/news\/lexus-turkiye-wins-best-public-relations-event-award\/#breadcrumb\",\"itemListElement\":[{\"@type\":\"ListItem\",\"position\":1,\"name\":\"Home\",\"item\":\"https:\/\/alj.com\/tr\/\"},{\"@type\":\"ListItem\",\"position\":2,\"name\":\"News\",\"item\":\"https:\/\/alj.com\/en\/news\/\"},{\"@type\":\"ListItem\",\"position\":3,\"name\":\"Lexus T\u00fcrkiye \u2018En \u0130yi Halkla \u0130li\u015fkiler Etkinli\u011fi\u2019 \u00f6d\u00fcl\u00fcn\u00fc kazand\u0131.\"}]},{\"@type\":\"WebSite\",\"@id\":\"https:\/\/alj.com\/en\/#website\",\"url\":\"https:\/\/alj.com\/en\/\",\"name\":\"Abdul Latif Jameel\",\"description\":\"Abdul Latif Jameel\",\"potentialAction\":[{\"@type\":\"SearchAction\",\"target\":{\"@type\":\"EntryPoint\",\"urlTemplate\":\"https:\/\/alj.com\/en\/?s={search_term_string}\"},\"query-input\":\"required name=search_term_string\"}],\"inLanguage\":\"tr\"}]}<\/script>\n<!-- \/ Yoast SEO plugin. -->","yoast_head_json":{"title":"Lexus T\u00fcrkiye 'En \u0130yi PR Etkinli\u011fi' \u00f6d\u00fcl\u00fc | Abdul Latif Jameel\u00ae","description":"ALJ Motors'un bir par\u00e7as\u0131 olan Lexus T\u00fcrkiye, 2023'te yeni Lexus LM Modelinin yenilik\u00e7i lansman\u0131 ile \"En \u0130yi PR Etkinli\u011fi\" \u00f6d\u00fcl\u00fcn\u00fc kazand\u0131. Daha fazlas\u0131.","robots":{"index":"index","follow":"follow","max-snippet":"max-snippet:-1","max-image-preview":"max-image-preview:large","max-video-preview":"max-video-preview:-1"},"canonical":"https:\/\/alj.com\/tr\/news\/lexus-turkiye-wins-best-public-relations-event-award\/","og_locale":"tr_TR","og_type":"article","og_title":"Lexus T\u00fcrkiye 'En \u0130yi PR Etkinli\u011fi' \u00f6d\u00fcl\u00fc | Abdul Latif Jameel\u00ae","og_description":"ALJ Motors'un bir par\u00e7as\u0131 olan Lexus T\u00fcrkiye, 2023'te yeni Lexus LM Modelinin yenilik\u00e7i lansman\u0131 ile \"En \u0130yi PR Etkinli\u011fi\" \u00f6d\u00fcl\u00fcn\u00fc kazand\u0131. Daha fazlas\u0131.","og_url":"https:\/\/alj.com\/tr\/news\/lexus-turkiye-wins-best-public-relations-event-award\/","og_site_name":"Abdul Latif Jameel","article_publisher":"https:\/\/www.facebook.com\/Abdul.Latif.Jameel.Official","article_modified_time":"2025-07-08T06:40:38+00:00","og_image":[{"width":584,"height":336,"url":"https:\/\/media.alj.com\/app\/uploads\/2024\/01\/Ace-of-Mice_Lexus-Turkey_Best-PR-Award-a.jpg","type":"image\/jpeg"}],"twitter_card":"summary_large_image","twitter_misc":{"Est. reading time":"2 minutes"},"schema":{"@context":"https:\/\/schema.org","@graph":[{"@type":"WebPage","@id":"https:\/\/alj.com\/tr\/news\/lexus-turkiye-wins-best-public-relations-event-award\/","url":"https:\/\/alj.com\/tr\/news\/lexus-turkiye-wins-best-public-relations-event-award\/","name":"Lexus T\u00fcrkiye 'En \u0130yi PR Etkinli\u011fi' \u00f6d\u00fcl\u00fc | Abdul Latif Jameel\u00ae","isPartOf":{"@id":"https:\/\/alj.com\/en\/#website"},"datePublished":"2024-01-17T06:43:29+00:00","dateModified":"2025-07-08T06:40:38+00:00","description":"ALJ Motors'un bir par\u00e7as\u0131 olan Lexus T\u00fcrkiye, 2023'te yeni Lexus LM Modelinin yenilik\u00e7i lansman\u0131 ile \\\"En \u0130yi PR Etkinli\u011fi\\\" \u00f6d\u00fcl\u00fcn\u00fc kazand\u0131. Daha fazlas\u0131.","breadcrumb":{"@id":"https:\/\/alj.com\/tr\/news\/lexus-turkiye-wins-best-public-relations-event-award\/#breadcrumb"},"inLanguage":"tr","potentialAction":[{"@type":"ReadAction","target":["https:\/\/alj.com\/tr\/news\/lexus-turkiye-wins-best-public-relations-event-award\/"]}]},{"@type":"BreadcrumbList","@id":"https:\/\/alj.com\/tr\/news\/lexus-turkiye-wins-best-public-relations-event-award\/#breadcrumb","itemListElement":[{"@type":"ListItem","position":1,"name":"Home","item":"https:\/\/alj.com\/tr\/"},{"@type":"ListItem","position":2,"name":"News","item":"https:\/\/alj.com\/en\/news\/"},{"@type":"ListItem","position":3,"name":"Lexus T\u00fcrkiye \u2018En \u0130yi Halkla \u0130li\u015fkiler Etkinli\u011fi\u2019 \u00f6d\u00fcl\u00fcn\u00fc kazand\u0131."}]},{"@type":"WebSite","@id":"https:\/\/alj.com\/en\/#website","url":"https:\/\/alj.com\/en\/","name":"Abdul Latif Jameel","description":"Abdul Latif Jameel","potentialAction":[{"@type":"SearchAction","target":{"@type":"EntryPoint","urlTemplate":"https:\/\/alj.com\/en\/?s={search_term_string}"},"query-input":"required name=search_term_string"}],"inLanguage":"tr"}]}},"post-meta-fields":{"push_notification":["no"],"_push_notification":["field_5c3b1fb67034d"],"_wpml_word_count":["{\"total\":511,\"to_translate\":{\"ar\":511,\"zh-hans\":511,\"fr\":511,\"ja\":511,\"es\":511,\"tr\":511}}"],"news_slider_short_title":["Lexus T\u00fcrkiye \u2018En \u0130yi Halkla \u0130li\u015fkiler Etkinli\u011fi\u2019 \u00f6d\u00fcl\u00fcn\u00fc kazand\u0131."],"news_summary":["<p>Abdul Latif Jameel T\u00fcrkiye, ba\u015far\u0131l\u0131 bir \u015fekilde ba\u015flad\u0131\u011f\u0131 2024 y\u0131l\u0131nda bir di\u011fer \u00f6nemli \u00f6d\u00fcll\u00fc daha kazand\u0131. <a href=\"https:\/\/jameelmotors.com\">Abdul Latif Jameel Motors<\/a>\u2019un bir par\u00e7as\u0131 olan <a href=\"https:\/\/www.lexus.com.tr\/\">Lexus T\u00fcrkiye<\/a> ekibi, 2023\u2019te yeni Lexus LM Modelinin yenilik\u00e7i bas\u0131n lansman\u0131 i\u00e7in <a href=\"https:\/\/miceodulleri.com\/en\/\">MICE ACE<\/a> taraf\u0131ndan verilen \"En \u0130yi Halkla \u0130li\u015fkiler Etkinli\u011fi\" \u00f6d\u00fcl\u00fcn\u00fc kazand\u0131.<\/p>\n"],"wpcf-featured-news":["0"],"wpcf-featured-on-news-page":["0"],"publish_mobile":["a:1:{i:0;s:3:\"yes\";}"],"_publish_mobile":["field_5bfa8eb2e65cf"],"mobile_featured_image":["https:\/\/media.alj.com\/app\/uploads\/2024\/01\/Ace-of-Mice_Lexus-Turkey_Best-PR-Award-a.jpg"],"_mobile_featured_image":["field_5c3b204983dea"],"content_series_applied":[""],"_content_series_applied":["field_60f3d3faf82ac"],"featured_on_listing_page":["0"],"_featured_on_listing_page":["field_62458ea7383c3"],"wpcf-wpcf-at-a-glance-or-perspective":["1"],"wpcf-show-at-homepage-first-sec-secondary-slider":["2"],"wpcf-news-downloadable_file":[""],"wpcf-video-description":[""],"wpcf-layoutvideourl":[""],"wpcf-video-thumb":[""],"wpcf-social4-svg":[""],"wpcf-social4-background-image":[""],"wpcf-social4-text":[""],"wpcf-social4-url":[""],"wpcf-social3-svg":[""],"wpcf-social3-background-image":[""],"wpcf-social3-text":[""],"wpcf-social3-url":[""],"wpcf-social-text-svg-square":[""],"wpcf-social-text-image-square":[""],"wpcf-social-text-text-square":[""],"wpcf-social-text-url-square":[""],"wpcf-social2-svg":[""],"wpcf-social2-background-image":[""],"wpcf-social2-text":[""],"wpcf-social2-url":[""],"wpcf-social-svg-square":[""],"wpcf-social-image-square":[""],"wpcf-social-text-square":[""],"wpcf-social-url-square":[""],"wpcf-social1-svg":[""],"wpcf-social1-background-image":[""],"wpcf-social1-text":[""],"wpcf-social1-url":[""],"wpcf-quotes-with-auther-text-1":[""],"wpcf-card_article_with_title_content":[""],"wpcf-card_article_content":["write your content"],"wpcf-quotes-with-auther-text":[""],"_bsf_post_type":["0"],"_bsf_item_review_type":["none"],"_wpml_media_duplicate":["1"],"_wpml_media_featured":["1"],"_yoast_wpseo_primary_newscategory":["150"],"_yoast_wpseo_focuskw":["Lexus T\u00fcrkiye \u2018En \u0130yi Halkla \u0130li\u015fkiler Etkinli\u011fi\u2019 \u00f6d\u00fcl\u00fcn\u00fc kazand\u0131."],"_yoast_wpseo_linkdex":["51"],"_yoast_wpseo_content_score":["60"],"_yoast_wpseo_estimated-reading-time-minutes":[""],"_yoast_wpseo_wordproof_timestamp":[""],"_yoast_wpseo_metadesc":["ALJ Motors'un bir par\u00e7as\u0131 olan Lexus T\u00fcrkiye, 2023'te yeni Lexus LM Modelinin yenilik\u00e7i lansman\u0131 ile \\\"En \u0130yi PR Etkinli\u011fi\\\" \u00f6d\u00fcl\u00fcn\u00fc kazand\u0131. Daha fazlas\u0131."],"news-location":["\u0130stanbul, T\u00fcrkiye"],"wpcf-news-publish_date":["1705449600"],"_yoast_wpseo_title":["Lexus T\u00fcrkiye 'En \u0130yi PR Etkinli\u011fi' \u00f6d\u00fcl\u00fc | Abdul Latif Jameel\u00ae"],"_thumbnail_id":["113199"],"_edit_lock":["1751956748:21"],"_edit_last":["21"],"wpcf-projecttitle":[""],"wpcf-projectdescription":[""],"wpcf-projectimage-video1":["image"],"wpcf-projectimage-1":[""],"wpcf-projectvideo-1":[""],"wpcf-projectdescription-1":[""],"wpcf-projectimage-video2":["image"],"wpcf-projectimage-2":[""],"wpcf-projectvideo-2":[""],"wpcf-projectdescription-2":[""],"wpcf-projectimage-video3":["image"],"wpcf-projectimage-3":[""],"wpcf-projectvideo-3":[""],"wpcf-projectdescription-3":[""],"wpcf-projectimage-video4":["image"],"wpcf-projectimage-4":[""],"wpcf-projectvideo-4":[""],"wpcf-projectdescription-4":[""],"_last_translation_edit_mode":["native-editor"],"amazonS3_cache":["a:12:{s:52:\"\/\/alj.com\/app\/uploads\/2024\/01\/Lexus-LM350h-Award.jpg\";a:2:{s:2:\"id\";i:113206;s:11:\"source_type\";s:13:\"media-library\";}s:58:\"\/\/media.alj.com\/app\/uploads\/2024\/01\/Lexus-LM350h-Award.jpg\";a:2:{s:2:\"id\";i:113206;s:11:\"source_type\";s:13:\"media-library\";}s:92:\"\/\/alj.com\/app\/uploads\/2024\/01\/Lexus-LM350h-ile-Hostes-ve-Pilotlarla-karsilama-yaparken-a.jpg\";a:2:{s:2:\"id\";i:113213;s:11:\"source_type\";s:13:\"media-library\";}s:98:\"\/\/media.alj.com\/app\/uploads\/2024\/01\/Lexus-LM350h-ile-Hostes-ve-Pilotlarla-karsilama-yaparken-a.jpg\";a:2:{s:2:\"id\";i:113213;s:11:\"source_type\";s:13:\"media-library\";}s:68:\"\/\/alj.com\/app\/uploads\/2024\/01\/Lexus-LM350h_Ataturk-Evi_Selanik-1.jpg\";a:2:{s:2:\"id\";i:113223;s:11:\"source_type\";s:13:\"media-library\";}s:76:\"\/\/alj.com\/app\/uploads\/2024\/01\/Lexus-LM350h_Ataturk-Evi_Selanik-1-239x300.jpg\";a:2:{s:2:\"id\";i:113223;s:11:\"source_type\";s:13:\"media-library\";}s:81:\"\/\/media.alj.com\/app\/uploads\/2024\/01\/Lexus-LM350h_Ataturk-Evi_Selanik-1-scaled.jpg\";a:2:{s:2:\"id\";i:113223;s:11:\"source_type\";s:13:\"media-library\";}s:82:\"\/\/media.alj.com\/app\/uploads\/2024\/01\/Lexus-LM350h_Ataturk-Evi_Selanik-1-239x300.jpg\";a:2:{s:2:\"id\";i:113223;s:11:\"source_type\";s:13:\"media-library\";}s:62:\"\/\/alj.com\/app\/uploads\/2024\/01\/Lexus-LM-Etkinlik-Filmi-30sn.mp4\";a:2:{s:2:\"id\";s:6:\"113185\";s:11:\"source_type\";s:13:\"media-library\";}s:68:\"\/\/media.alj.com\/app\/uploads\/2024\/01\/Lexus-LM-Etkinlik-Filmi-30sn.mp4\";a:2:{s:2:\"id\";s:6:\"113185\";s:11:\"source_type\";s:13:\"media-library\";}s:74:\"\/\/media.alj.com\/app\/uploads\/2024\/01\/Lexus-LM350h_Ataturk-Evi_Selanik-1.jpg\";a:2:{s:2:\"id\";i:113223;s:11:\"source_type\";s:13:\"media-library\";}s:75:\"\/\/alj.com\/app\/uploads\/2024\/01\/Lexus-LM350h_Ataturk-Evi_Selanik-1-scaled.jpg\";a:2:{s:2:\"id\";i:113223;s:11:\"source_type\";s:13:\"media-library\";}}"],"_":["field_6746fdff672ad"],"wpcf-card-image":[""],"_wpcf-card-image-sort-order":["a:1:{i:0;i:1962208;}"]},"_links":{"self":[{"href":"https:\/\/alj.com\/tr\/wp-json\/wp\/v2\/news\/114144"}],"collection":[{"href":"https:\/\/alj.com\/tr\/wp-json\/wp\/v2\/news"}],"about":[{"href":"https:\/\/alj.com\/tr\/wp-json\/wp\/v2\/types\/news"}],"wp:featuredmedia":[{"embeddable":true,"href":"https:\/\/alj.com\/tr\/wp-json\/wp\/v2\/media\/113199"}],"wp:attachment":[{"href":"https:\/\/alj.com\/tr\/wp-json\/wp\/v2\/media?parent=114144"}],"wp:term":[{"taxonomy":"post_tag","embeddable":true,"href":"https:\/\/alj.com\/tr\/wp-json\/wp\/v2\/tags?post=114144"},{"taxonomy":"newscategory","embeddable":true,"href":"https:\/\/alj.com\/tr\/wp-json\/wp\/v2\/newscategory?post=114144"}],"curies":[{"name":"wp","href":"https:\/\/api.w.org\/{rel}","templated":true}]}}