{"id":11534,"date":"2017-04-12T05:38:57","date_gmt":"2017-04-12T05:38:57","guid":{"rendered":"http:\/\/alj.corp.staging.omniaconnect.net\/tr\/news\/art-jameel-enters-new-phase-development\/"},"modified":"2020-05-14T12:50:48","modified_gmt":"2020-05-14T12:50:48","slug":"art-jameel-enters-new-phase-development","status":"publish","type":"news","link":"https:\/\/alj.com\/tr\/news\/art-jameel-enters-new-phase-development\/","title":{"rendered":"Art Jameel geli\u015fimin yeni bir safhas\u0131na giri\u015f yap\u0131yor"},"content":{"rendered":"<p>Orta Do\u011fu\u2019da sanat\u0131, e\u011fitimi ve k\u00fclt\u00fcr miras\u0131n\u0131 destekleyen kar amac\u0131 g\u00fctmeyen bir kurulu\u015f olan Art Jameel bug\u00fcn bu b\u00f6lgede ve \u00f6tesinde geli\u015fmekte olan k\u00fclt\u00fcr ortam\u0131n\u0131 zenginle\u015ftirmek i\u00e7in tasarlanm\u0131\u015f bir dizi giri\u015fim a\u00e7\u0131klad\u0131.<\/p>\n<p>Art Jameel sergiler, e\u011fitim giri\u015fimleri, kurumsal ortakl\u0131klar ve topluluk eri\u015fimleri i\u00e7eren g\u00fc\u00e7l\u00fc ge\u00e7mi\u015fine yaslanarak bug\u00fcn yap\u0131lan iki \u00f6nemli a\u00e7\u0131klama ile vurgulanan yeni bir geli\u015fme a\u015famas\u0131na giriyor: Dubai\u2019de 2018 k\u0131\u015f mevsiminde a\u00e7\u0131lacak olan yeni bir Sanat Merkezi ve New York Metropolitan Sanat M\u00fczesinin Orta Do\u011fu\u2019dan modern ve \u00e7a\u011fda\u015f sanat\u00e7\u0131lar\u0131n eserlerini elde etmesini sa\u011flamak \u00fczere M\u00fcze ile uzun vadeli bir ortakl\u0131k.<\/p>\n<p>Dubai\u2019de kar amac\u0131 g\u00fctmeyen ilk \u00e7a\u011fda\u015f sanat kurumlar\u0131ndan birisi olan Jameel Dubai Sanat Merkezi, Jameel Sanat Koleksiyonundan al\u0131nan eserler ile olu\u015fturulan k\u00fcrat\u00f6rl\u00fc sergiler ve ayr\u0131ca b\u00f6lgesel ve uluslararas\u0131 bireysel ve karma sergiler d\u00fczenleyecek. Jameel Sanat Merkezi \u2013 \u0130ngiltere k\u00f6kenli Serie Architects \u015firketi taraf\u0131ndan tasarlanm\u0131\u015f 10.000 metre karelik \u00fc\u00e7 katl\u0131 disiplinler aras\u0131 bir mek\u00e2n \u2013 e\u011fitim ve ara\u015ft\u0131rma giri\u015fimleri i\u00e7in bir merkez halinde tasarlanm\u0131\u015ft\u0131r ve geni\u015f anlamdaki programlar\u0131 yerel, b\u00f6lgesel ve uluslararas\u0131 sanat\u00e7\u0131lar, k\u00fcrat\u00f6rler ve kurulu\u015flar aras\u0131nda i\u015fbirli\u011fini ve ortakl\u0131klar\u0131 i\u00e7ermektedir. Art Jameel sergilerin ve koleksiyonlar\u0131n programlanmas\u0131 hakk\u0131nda dan\u0131\u015fmanl\u0131k yapmak \u00fczere bir K\u00fcrat\u00f6rl\u00fck Konseyi geli\u015ftirmektedir ve halen New York Dia Art Foundation direkt\u00f6r\u00fc Jessica Morgan\u2019\u0131 ve Sharjah\u2019da ve New York\u2019ta \u00e7al\u0131\u015fan k\u00fcrat\u00f6r ve yazar Murtaza Vali\u2019yi i\u00e7ermektedir.<\/p>\n<p>Dubai\u2019nin K\u00fclt\u00fcr K\u00f6y\u00fcn\u00fcn ucunda yer alan ve Dubai Creek\u2019e bakan Merkezde 1.000 metre kareden fazla \u00f6zel galeri alan\u0131 ve ayr\u0131ca GCC ve genel olarak Arap d\u00fcnyas\u0131 sanat\u00e7\u0131lar\u0131 ve k\u00fclt\u00fcr hareketleri i\u00e7in 300 metre karelik eri\u015fime a\u00e7\u0131k bir ara\u015ft\u0131rma merkezi, ilave esnek etkinlik alanlar\u0131, bir \u00e7at\u0131 teras\u0131 (film g\u00f6sterme ve etkinlikler i\u00e7in ayr\u0131lm\u0131\u015ft\u0131r) bir d\u0131\u015f mek\u00e2n heykel alan\u0131 ve bir kafe, restoran ve kitap\u00e7\u0131 bulunmaktad\u0131r.<\/p>\n<p>Tan\u0131nm\u0131\u015f peyzaj mimar\u0131 Anouk Vogel binay\u0131 vurgulayan avlular\u0131n konsepti i\u00e7in \u00e7\u00f6l canl\u0131 ya\u015fam\u0131ndan ilham alm\u0131\u015ft\u0131r: her d\u0131\u015f kap\u0131 mek\u00e2n\u0131 belirli bir \u00e7\u00f6l ortam\u0131n\u0131 temsil edecek ve BAE\u2019den ve d\u00fcnyan\u0131n \u00e7e\u015fitli yerlerinden elde edilen baz\u0131 nadir bitkiler i\u00e7erecektir.<\/p>\n<p>Art Jameel Ba\u015fkan\u0131 <a href=\"https:\/\/alj.com\/en\/our-people\/fady-jameel\/\">Fady Mohammed Jameel<\/a> \u015fu \u015fekilde a\u00e7\u0131klama yapm\u0131\u015ft\u0131r: \u201cArt Jameel i\u00e7in yeni bir geli\u015fme a\u015famas\u0131na girmi\u015f olmaktan memnunluk duyuyoruz \u2013 Suudi Arabistan\u2019da ve Arap D\u00fcnyas\u0131nda ve uluslararas\u0131 alanda programlar\u0131m\u0131z\u0131 g\u00fc\u00e7lendiriyoruz ve ayr\u0131ca ilk daimi mek\u00e2n\u0131m\u0131z olan Jameel Dubai Sanat Merkezini kuruyoruz. Benzer \u015fekilde, d\u00fcnyada en \u00e7ok ziyaret edilenler aras\u0131nda bulunan ansiklopedik m\u00fczelerden birisi olan Metropolitan Sanat M\u00fczesi ile bir ortakl\u0131k kurmam\u0131z b\u00f6lgedeki \u00e7a\u011fda\u015f sanat\u00e7\u0131lar\u0131 daha iyi desteklememizi sa\u011flamaktad\u0131r ve kendileri eserlerini geni\u015f bir uluslararas\u0131 topluluk ile payla\u015fabilmektedir. Bu \u00f6nemli vizyonu ger\u00e7ekle\u015ftirmek i\u00e7in bir dizi ortak ile yak\u0131n \u015fekilde \u00e7al\u0131\u015fmaktan mutluluk duyuyoruz.\u201d<\/p>\n<p>Art Jameel\u2019in The Met ile ortakl\u0131\u011f\u0131 bu kurulu\u015fun Orta Do\u011fulu sanat\u00e7\u0131lar\u0131n profilini y\u00fckseltmeyi ve uluslararas\u0131 diyalo\u011fu geli\u015ftirmeyi i\u00e7eren temel g\u00f6revini devam ettirmektedir.<\/p>\n<p>Art Jameel Vakf\u0131 eserler elde etmek, k\u00fcresel \u00e7a\u011fda\u015f programlama yapmak ve e\u011fitim kaynaklar\u0131n\u0131 Arap\u00e7aya terc\u00fcme etmek dahil olmak \u00fczere The Met M\u00fczesinin Orta Do\u011fu giri\u015fimleri ile ilgili faaliyetlerini desteklemek amac\u0131 ile The Met ile i\u015fbirli\u011fi i\u00e7inde kurulmu\u015ftur. Bu vak\u0131f yak\u0131n bir s\u00fcre \u00f6nce M\u0131s\u0131rl\u0131 sanat\u00e7\u0131 Maha Maamoun\u2019un iki eserini M\u00fczenin elde etmesine destek sa\u011flam\u0131\u015ft\u0131r: tek kanal video 2026 (2010) ve \u0130\u00e7 Turizm I (2005) isimli bir seriden alt\u0131 foto\u011fraf. Maamoun her iki eserinde de reklamlar, filmler, televizyon ve foto\u011fraf\u00e7\u0131l\u0131k dahil olmak \u00fczere \u00e7o\u011falt\u0131labilir g\u00f6r\u00fcnt\u00fcler ekonomisinde Kahire kentinin nas\u0131l dola\u015f\u0131mda bulundu\u011funu anlatmaktad\u0131r.<\/p>\n<p>Metropolitan Sanat M\u00fczesinde Orta Do\u011fu, Kuzey Afrika ve T\u00fcrkiye Modern ve \u00c7a\u011fda\u015f Sanat K\u00fcrat\u00f6r Yard\u0131mc\u0131s\u0131 olan Clare Davies bu ortakl\u0131k hakk\u0131nda bir de\u011ferlendirme yaparak \u015funlar\u0131 s\u00f6yledi: \u201cArt Jameel\u2019in deste\u011fi m\u00fczenin b\u00f6lgedeki en heyecan verici \u00e7a\u011fda\u015f uygulamalar\u0131 ve etkili modern eserleri kendi zengin koleksiyonlar\u0131 ve \u00e7e\u015fitlili\u011fe sahip izleyicileri ile ileti\u015fime sokmas\u0131n\u0131 sa\u011flamaktad\u0131r.<\/p>\n<p>Art Jameel\u2019in The Met ile yeni i\u015fbirli\u011fine ek olarak mevcut ortakl\u0131klar\u0131 da 2017\u2019de geli\u015fmeye devam etmektedir. Art Jameel\u2019in Victoria &amp; Albert M\u00fczesi ile olan ili\u015fkisi Jameel \u0130slam Sanat\u0131 Galerisi ve iki y\u0131lda bir verilen prestijli Jameel Prize i\u00e7in destek sa\u011flarken Prens\u2019in Geleneksel Sanatlar Okulu ile uzun bir ge\u00e7mi\u015fe sahip olan ortakl\u0131k da Kahire\u2019de ve Cidde\u2019de beraberce y\u00f6netilen k\u00fclt\u00fcrel miras enstit\u00fcleri ve \u2013 2019\u2019da a\u00e7\u0131l\u0131yor \u2013 \u0130sko\u00e7ya\u2019da Dumfries House\u2019ta b\u00fcy\u00fck bir yeni enstit\u00fc kurulmas\u0131 ve geli\u015ftirilmesi ile sonu\u00e7lanm\u0131\u015ft\u0131r. Art Jameel a\u00e7\u0131k hava Cidde Heykel M\u00fczesinin ve geli\u015ftirilmekte olan daha ba\u015fka projelerin s\u00fcrekli \u015fekilde geli\u015ftirilmesi dahil olmak \u00fczere Suudi Arabistan\u2019da sanat\u0131 destekleyen projelere ba\u011fl\u0131l\u0131\u011f\u0131n\u0131 s\u00fcrd\u00fcrmektedir.<\/p>\n<p>Ge\u00e7en y\u0131l atanan Art Jameel Direkt\u00f6r\u00fc <a href=\"https:\/\/www.alj.com\/tr\/our-people\/antonia-carver\/\">Antonia Carver<\/a> \u015funlar\u0131 s\u00f6yledi: \u201cDinamik bir b\u00fcy\u00fcme ve yenilenme d\u00f6nemine girdi\u011fimiz, programlar\u0131 geni\u015fletti\u011fimiz ve yeni ortakl\u0131klar geli\u015ftirdi\u011fimiz bu durum Art Jameel i\u00e7in heyecan verici bir and\u0131r. Sergi d\u00fczenleme alan\u0131nda yeni programlar ve e\u011fitim, ara\u015ft\u0131rma ve yay\u0131nc\u0131l\u0131k i\u00e7in yeni giri\u015fimler geli\u015ftirerek sanat\u0131 ve k\u00fclt\u00fcr miras\u0131n\u0131 destekleme yolculu\u011fu i\u00e7inde bulunuyoruz.\u201d\u00a0<\/p>\n<p>Jameel Dubai Sanat Merkezinin 2018 k\u0131\u015f mevsiminde a\u00e7\u0131lmas\u0131 \u00f6ncesinde kurulu\u015f Dubai\u2019de Alserkal Caddesinde sergiler, projeler, sohbetler ve etkinlikler i\u00e7eren dinamik bir programa sahip olan ge\u00e7ici bir Proje Mek\u00e2n\u0131 a\u00e7m\u0131\u015ft\u0131r. Basel Abbas ve Ruanne Abou-Rahme taraf\u0131ndan ger\u00e7ekle\u015ftirilen be\u015f kanall\u0131 bir video i\u00e7eren a\u00e7\u0131l\u0131\u015f sergisi Jameel Sanat Koleksiyonundan m\u00fcnferit eserlere odaklanan bir dizinin par\u00e7as\u0131n\u0131 olu\u015fturmaktad\u0131r.<\/p>\n<p>&nbsp;<\/p>\n","protected":false},"featured_media":9924,"template":"","tags":[],"newscategory":[],"acf":[],"yoast_head":"<!-- This site is optimized with the Yoast SEO plugin v21.5 - https:\/\/yoast.com\/wordpress\/plugins\/seo\/ -->\n<title>Art Jameel, Geli\u015fimin Yeni Safhas\u0131na Ad\u0131m At\u0131yor | Abdul Latif Jameel\u00ae<\/title>\n<meta name=\"description\" content=\"Art Jameel, Dubai&#039;deki yeni bir Sanat Merkezi ve New York Metropolitan M\u00fczesi ile uzun vadeli bir ortakl\u0131kla ilgili iki \u00f6nemli duyuru yapt\u0131.\" \/>\n<meta name=\"robots\" content=\"index, follow, max-snippet:-1, max-image-preview:large, max-video-preview:-1\" \/>\n<link rel=\"canonical\" href=\"https:\/\/alj.com\/tr\/news\/art-jameel-enters-new-phase-development\/\" \/>\n<meta property=\"og:locale\" content=\"tr_TR\" \/>\n<meta property=\"og:type\" content=\"article\" \/>\n<meta property=\"og:title\" content=\"Art Jameel, Geli\u015fimin Yeni Safhas\u0131na Ad\u0131m At\u0131yor | Abdul Latif Jameel\u00ae\" \/>\n<meta property=\"og:description\" content=\"Art Jameel, Dubai&#039;deki yeni bir Sanat Merkezi ve New York Metropolitan M\u00fczesi ile uzun vadeli bir ortakl\u0131kla ilgili iki \u00f6nemli duyuru yapt\u0131.\" \/>\n<meta property=\"og:url\" content=\"https:\/\/alj.com\/tr\/news\/art-jameel-enters-new-phase-development\/\" \/>\n<meta property=\"og:site_name\" content=\"Abdul Latif Jameel\" \/>\n<meta property=\"article:publisher\" content=\"https:\/\/www.facebook.com\/Abdul.Latif.Jameel.Official\" \/>\n<meta property=\"article:modified_time\" content=\"2020-05-14T12:50:48+00:00\" \/>\n<meta property=\"og:image\" content=\"https:\/\/media.alj.com\/app\/uploads\/2017\/05\/Jameel-Arts-Centre-northside-view-from-the-Creek-Serie-Architects.jpg\" \/>\n\t<meta property=\"og:image:width\" content=\"5000\" \/>\n\t<meta property=\"og:image:height\" content=\"5000\" \/>\n\t<meta property=\"og:image:type\" content=\"image\/jpeg\" \/>\n<meta name=\"twitter:card\" content=\"summary_large_image\" \/>\n<meta name=\"twitter:label1\" content=\"Est. reading time\" \/>\n\t<meta name=\"twitter:data1\" content=\"5 minutes\" \/>\n<script type=\"application\/ld+json\" class=\"yoast-schema-graph\">{\"@context\":\"https:\/\/schema.org\",\"@graph\":[{\"@type\":\"WebPage\",\"@id\":\"https:\/\/alj.com\/tr\/news\/art-jameel-enters-new-phase-development\/\",\"url\":\"https:\/\/alj.com\/tr\/news\/art-jameel-enters-new-phase-development\/\",\"name\":\"Art Jameel, Geli\u015fimin Yeni Safhas\u0131na Ad\u0131m At\u0131yor | Abdul Latif Jameel\u00ae\",\"isPartOf\":{\"@id\":\"https:\/\/alj.com\/en\/#website\"},\"datePublished\":\"2017-04-12T05:38:57+00:00\",\"dateModified\":\"2020-05-14T12:50:48+00:00\",\"description\":\"Art Jameel, Dubai'deki yeni bir Sanat Merkezi ve New York Metropolitan M\u00fczesi ile uzun vadeli bir ortakl\u0131kla ilgili iki \u00f6nemli duyuru yapt\u0131.\",\"breadcrumb\":{\"@id\":\"https:\/\/alj.com\/tr\/news\/art-jameel-enters-new-phase-development\/#breadcrumb\"},\"inLanguage\":\"tr\",\"potentialAction\":[{\"@type\":\"ReadAction\",\"target\":[\"https:\/\/alj.com\/tr\/news\/art-jameel-enters-new-phase-development\/\"]}]},{\"@type\":\"BreadcrumbList\",\"@id\":\"https:\/\/alj.com\/tr\/news\/art-jameel-enters-new-phase-development\/#breadcrumb\",\"itemListElement\":[{\"@type\":\"ListItem\",\"position\":1,\"name\":\"Home\",\"item\":\"https:\/\/alj.com\/tr\/\"},{\"@type\":\"ListItem\",\"position\":2,\"name\":\"News\",\"item\":\"https:\/\/alj.com\/en\/news\/\"},{\"@type\":\"ListItem\",\"position\":3,\"name\":\"Art Jameel geli\u015fimin yeni bir safhas\u0131na giri\u015f yap\u0131yor\"}]},{\"@type\":\"WebSite\",\"@id\":\"https:\/\/alj.com\/en\/#website\",\"url\":\"https:\/\/alj.com\/en\/\",\"name\":\"Abdul Latif Jameel\",\"description\":\"Abdul Latif Jameel\",\"potentialAction\":[{\"@type\":\"SearchAction\",\"target\":{\"@type\":\"EntryPoint\",\"urlTemplate\":\"https:\/\/alj.com\/en\/?s={search_term_string}\"},\"query-input\":\"required name=search_term_string\"}],\"inLanguage\":\"tr\"}]}<\/script>\n<!-- \/ Yoast SEO plugin. -->","yoast_head_json":{"title":"Art Jameel, Geli\u015fimin Yeni Safhas\u0131na Ad\u0131m At\u0131yor | Abdul Latif Jameel\u00ae","description":"Art Jameel, Dubai'deki yeni bir Sanat Merkezi ve New York Metropolitan M\u00fczesi ile uzun vadeli bir ortakl\u0131kla ilgili iki \u00f6nemli duyuru yapt\u0131.","robots":{"index":"index","follow":"follow","max-snippet":"max-snippet:-1","max-image-preview":"max-image-preview:large","max-video-preview":"max-video-preview:-1"},"canonical":"https:\/\/alj.com\/tr\/news\/art-jameel-enters-new-phase-development\/","og_locale":"tr_TR","og_type":"article","og_title":"Art Jameel, Geli\u015fimin Yeni Safhas\u0131na Ad\u0131m At\u0131yor | Abdul Latif Jameel\u00ae","og_description":"Art Jameel, Dubai'deki yeni bir Sanat Merkezi ve New York Metropolitan M\u00fczesi ile uzun vadeli bir ortakl\u0131kla ilgili iki \u00f6nemli duyuru yapt\u0131.","og_url":"https:\/\/alj.com\/tr\/news\/art-jameel-enters-new-phase-development\/","og_site_name":"Abdul Latif Jameel","article_publisher":"https:\/\/www.facebook.com\/Abdul.Latif.Jameel.Official","article_modified_time":"2020-05-14T12:50:48+00:00","og_image":[{"width":5000,"height":5000,"url":"https:\/\/media.alj.com\/app\/uploads\/2017\/05\/Jameel-Arts-Centre-northside-view-from-the-Creek-Serie-Architects.jpg","type":"image\/jpeg"}],"twitter_card":"summary_large_image","twitter_misc":{"Est. reading time":"5 minutes"},"schema":{"@context":"https:\/\/schema.org","@graph":[{"@type":"WebPage","@id":"https:\/\/alj.com\/tr\/news\/art-jameel-enters-new-phase-development\/","url":"https:\/\/alj.com\/tr\/news\/art-jameel-enters-new-phase-development\/","name":"Art Jameel, Geli\u015fimin Yeni Safhas\u0131na Ad\u0131m At\u0131yor | Abdul Latif Jameel\u00ae","isPartOf":{"@id":"https:\/\/alj.com\/en\/#website"},"datePublished":"2017-04-12T05:38:57+00:00","dateModified":"2020-05-14T12:50:48+00:00","description":"Art Jameel, Dubai'deki yeni bir Sanat Merkezi ve New York Metropolitan M\u00fczesi ile uzun vadeli bir ortakl\u0131kla ilgili iki \u00f6nemli duyuru yapt\u0131.","breadcrumb":{"@id":"https:\/\/alj.com\/tr\/news\/art-jameel-enters-new-phase-development\/#breadcrumb"},"inLanguage":"tr","potentialAction":[{"@type":"ReadAction","target":["https:\/\/alj.com\/tr\/news\/art-jameel-enters-new-phase-development\/"]}]},{"@type":"BreadcrumbList","@id":"https:\/\/alj.com\/tr\/news\/art-jameel-enters-new-phase-development\/#breadcrumb","itemListElement":[{"@type":"ListItem","position":1,"name":"Home","item":"https:\/\/alj.com\/tr\/"},{"@type":"ListItem","position":2,"name":"News","item":"https:\/\/alj.com\/en\/news\/"},{"@type":"ListItem","position":3,"name":"Art Jameel geli\u015fimin yeni bir safhas\u0131na giri\u015f yap\u0131yor"}]},{"@type":"WebSite","@id":"https:\/\/alj.com\/en\/#website","url":"https:\/\/alj.com\/en\/","name":"Abdul Latif Jameel","description":"Abdul Latif Jameel","potentialAction":[{"@type":"SearchAction","target":{"@type":"EntryPoint","urlTemplate":"https:\/\/alj.com\/en\/?s={search_term_string}"},"query-input":"required name=search_term_string"}],"inLanguage":"tr"}]}},"post-meta-fields":{"_alp_processed":["1499338975"],"news_summary":["<p>Orta Do\u011fu\u2019da sanat\u0131, e\u011fitimi ve k\u00fclt\u00fcr miras\u0131n\u0131 destekleyen kar amac\u0131 g\u00fctmeyen bir kurulu\u015f olan Art Jameel bug\u00fcn bu b\u00f6lgede ve \u00f6tesinde geli\u015fmekte olan k\u00fclt\u00fcr ort.<\/p>\n"],"news-location":["Dubai, Birle\u015fik Arap Emirlikleri"],"_webdados_fb_open_graph_specific_image":[""],"wpcf-featured-news":["1"],"wpcf-show-news-at-homepage":["0"],"wpcf-news-at-a-glance":["0"],"is_latest_news":["1"],"is_news_perspective":["0"],"_yoast_wpseo_title":["Art Jameel, Geli\u015fimin Yeni Safhas\u0131na Ad\u0131m At\u0131yor | Abdul Latif Jameel\u00ae"],"_yoast_wpseo_metadesc":["Art Jameel, Dubai'deki yeni bir Sanat Merkezi ve New York Metropolitan M\u00fczesi ile uzun vadeli bir ortakl\u0131kla ilgili iki \u00f6nemli duyuru yapt\u0131."],"_yoast_wpseo_content_score":["30"],"_thumbnail_id":["9924"],"news_slider_short_title":["Art Jameel yeni bir geli\u015fme a\u015famas\u0131na giriyor"],"push_notification":["no"],"_push_notification":["field_5c3b1fb67034d"],"publish_mobile":[""],"_publish_mobile":["field_5bfa8eb2e65cf"],"mobile_featured_image":["https:\/\/alj.com\/app\/themes\/alj\/assets\/images\/defaultmobilethumb.jpg"],"_mobile_featured_image":["field_5c3b204983dea"],"_wpml_media_duplicate":["1"],"_wp_attachment_metadata":[""],"_wpcf-card-image-sort-order":["a:1:{i:0;i:715609;}"],"_last_translation_edit_mode":["native-editor"],"post_views_count_2019Sep":["28"],"post_views_count_2019Oct":["31"],"post_views_count_2019Nov":["17"],"post_views_count_2019Dec":["22"],"_yoast_wpseo_primary_newscategory":[""],"post_views_count_2020Jan":["20"],"post_views_count_2020Feb":["18"],"post_views_count_2020Mar":["21"],"post_views_count_2020Apr":["31"],"post_views_count_2020May":["27"],"news_business_sector":["Jameel Toplulu\u011fu"],"media_resources":["11533"],"wpcf-news-publish_date":["1489622400"],"wpcf-news-downloadable_file":["https:\/\/www.alj.com\/app\/uploads\/2017\/04\/Art-Jameel-yeni-bir-geli\u015fme-a\u015famas\u0131na-giriyor.pdf"],"wpcf-card-image":[""],"_bsf_post_type":["0"],"_bsf_item_review_type":["none"],"post_views_count_2020Jun":["25"],"post_views_count_2020Jul":["18"],"post_views_count_2020Aug":["13"],"post_views_count_2020Sep":["14"],"post_views_count_2020Oct":["21"],"post_views_count_2020Nov":["17"],"post_views_count_2020Dec":["14"],"post_views_count_2021Jan":["19"],"post_views_count_2021Feb":["19"],"post_views_count_2021Mar":["28"],"post_views_count_2021Apr":["19"],"post_views_count_2021May":["15"],"post_views_count_2021Jun":["4"],"post_views_count_2021Jul":["9"],"post_views_total_count":["9"]},"_links":{"self":[{"href":"https:\/\/alj.com\/tr\/wp-json\/wp\/v2\/news\/11534"}],"collection":[{"href":"https:\/\/alj.com\/tr\/wp-json\/wp\/v2\/news"}],"about":[{"href":"https:\/\/alj.com\/tr\/wp-json\/wp\/v2\/types\/news"}],"wp:featuredmedia":[{"embeddable":true,"href":"https:\/\/alj.com\/tr\/wp-json\/wp\/v2\/media\/9924"}],"wp:attachment":[{"href":"https:\/\/alj.com\/tr\/wp-json\/wp\/v2\/media?parent=11534"}],"wp:term":[{"taxonomy":"post_tag","embeddable":true,"href":"https:\/\/alj.com\/tr\/wp-json\/wp\/v2\/tags?post=11534"},{"taxonomy":"newscategory","embeddable":true,"href":"https:\/\/alj.com\/tr\/wp-json\/wp\/v2\/newscategory?post=11534"}],"curies":[{"name":"wp","href":"https:\/\/api.w.org\/{rel}","templated":true}]}}