{"id":115443,"date":"2024-03-11T06:53:31","date_gmt":"2024-03-11T06:53:31","guid":{"rendered":"https:\/\/alj.com\/news\/polish-driver-wins-first-place-at-third-edition-of-rally-jameel-on-international-womens-day\/"},"modified":"2024-06-11T09:55:16","modified_gmt":"2024-06-11T09:55:16","slug":"polish-driver-wins-first-place-at-third-edition-of-rally-jameel-on-international-womens-day","status":"publish","type":"news","link":"https:\/\/alj.com\/tr\/news\/polish-driver-wins-first-place-at-third-edition-of-rally-jameel-on-international-womens-day\/","title":{"rendered":"Polonyal\u0131 S\u00fcr\u00fcc\u00fc, Uluslararas\u0131 Kad\u0131nlar G\u00fcn\u00fc\u2019nde \u00dc\u00e7\u00fcnc\u00fc Kez D\u00fczenlenen Rally Jameel\u2019de Birincilik Kazand\u0131"},"content":{"rendered":"<p>B\u00f6lgedeki kad\u0131nlar i\u00e7in d\u00fcnya standartlar\u0131nda heyecan verici bir navigasyon rallisi olan Rally Jameel\u2019in \u00fc\u00e7\u00fcnc\u00fcs\u00fc, Uluslararas\u0131 Kad\u0131nlar G\u00fcn\u00fc\u2019nde Rabigh\u2019deki Kral Abdullah Ekonomik \u015eehrinde (KAEC) tamamlad\u0131. Team Sandstorm Express\u2019ten Polonyal\u0131 s\u00fcr\u00fcc\u00fc Ewelina Chlebowska ve Alman yard\u0131mc\u0131 s\u00fcr\u00fcc\u00fcs\u00fc Hanna Riehle, \u00fc\u00e7\u00fcnc\u00fc kez d\u00fczenlenen bu rallide \u00fcst \u00fcste ikinci kez birinci oldular.<\/p>\n<p>Team Obiyya\u2019dan Suudi s\u00fcr\u00fcc\u00fc Maha Al Hamali ve Amerikal\u0131 yard\u0131mc\u0131 s\u00fcr\u00fcc\u00fcs\u00fc Eleanor Coker ikinci s\u0131ray\u0131 ald\u0131lar ve Team Altawkilat\u2019tan \u0130ngiliz s\u00fcr\u00fcc\u00fc Catherine Munnings ve \u0130sve\u00e7li yard\u0131mc\u0131 s\u00fcr\u00fcc\u00fcs\u00fc Catalina Floberg \u00fc\u00e7\u00fcnc\u00fc s\u0131ray\u0131 ald\u0131.<\/p>\n<p>Jameel Motorsport taraf\u0131ndan organize edilen ve FIA Kad\u0131n Motorsporlar\u0131 ve Suudi Otomobil ve Motosiklet Federasyonu (SAMF) taraf\u0131ndan desteklenen Rally Jameel, 36 \u00fclkeden 110 s\u00fcr\u00fcc\u00fc ve yard\u0131mc\u0131 s\u00fcr\u00fcc\u00fc ile rekor d\u00fczeyde k\u00fcresel kat\u0131l\u0131ma tan\u0131k oldu. Yar\u0131\u015f, Suudi Arabistan\u2019\u0131n en g\u00fczel \u015fehirleri olan Ha\u2019il, AlUla, Umluj ve Yanbu\u2019dan ba\u015flayarak 1600 km boyunca ilerleyen bir rotan\u0131n ard\u0131ndan Rabigh\u2019deki Kral Abdullah Ekonomik \u015eehri\u2019nde (KAEC) son buldu.<\/p>\n<p>Bu etkinlik \u0130sve\u00e7 Otomobil Sporlar\u0131 Federasyonu, \u0130rlanda Motor Sporlar\u0131, China Hanwei Motor Sporlar\u0131 Ekibi ve Toyota Gazoo Racing Jordan gibi otomobil federasyonlar\u0131n\u0131n ve \u015firketlerinin varl\u0131\u011f\u0131 ile ba\u015far\u0131l\u0131 bir uluslararas\u0131 kat\u0131l\u0131m sa\u011flad\u0131. Bu, Rally Jameel\u2019in motor sporlar\u0131nda kad\u0131nlar\u0131 g\u00fc\u00e7lendirmeye olan ba\u011fl\u0131l\u0131\u011f\u0131n\u0131 ve macera turizmini te\u015fvik etmek i\u00e7in Krall\u0131\u011f\u0131n Vizyon 2030\u2019u ile uyumu vurguluyor.<\/p>\n<p>Abdul Latif Jameel Motors Pazarlama ve \u0130leti\u015fim Direkt\u00f6r\u00fc Munir Khoja \u015funlar\u0131 s\u00f6yledi:<\/p>\n<blockquote><p>\u201cRally Jameel\u2019in Uluslararas\u0131 Kad\u0131nlar G\u00fcn\u00fc\u2019nde \u00fc\u00e7\u00fcnc\u00fc kez d\u00fczenlenen yar\u0131\u015f\u0131n\u0131n sonuna gelmi\u015fken kat\u0131lan t\u00fcm cesur kad\u0131nlar\u0131 tebrik etmek istiyorum. Kad\u0131nlar\u0131 bir araya getiren ilgi \u00e7ekici bir motor sporlar\u0131 deneyimi sunan bu y\u0131lki yar\u0131\u015f, k\u00fcresel \u00e7apta \u00e7ekti\u011fi ilgi ve yar\u0131\u015fmac\u0131lar\u0131n sergiledi\u011fi azim ile ola\u011fan\u00fcst\u00fc d\u00fczeyde bir uluslararas\u0131 kat\u0131l\u0131ma tan\u0131kl\u0131k etti. Rally Jameel, Suudi Arabistan\u2019\u0131n kad\u0131nlar\u0131 g\u00fc\u00e7lendirmeyi ve macera turizmini te\u015fvik etmeyi ama\u00e7layan \u00e7e\u015fitlilik programlar\u0131n\u0131 destekleme taahh\u00fcd\u00fcm\u00fcz\u00fcn parlak bir \u00f6rne\u011fidir. Rally Jameel\u2019de \u00fcst \u00fcste ikinci kez \u015fampiyon olan ve benzersiz bir beceri ve dayan\u0131kl\u0131l\u0131k sergileyen Sandstorm Express\u2019ten Ewelina Chlebowska ve Hanna Riehle\u2019yi tebrik ediyorum\u201d.<\/p><\/blockquote>\n<p>Sandstorm Express ekibinden Polonyal\u0131 \u015fampiyon s\u00fcr\u00fcc\u00fc Ewelina Chlebowska \u015funlar\u0131 s\u00f6yledi:<\/p>\n<blockquote><p>\u201cRally Jameel\u2019deki herkese destek ve te\u015fvikleri i\u00e7in en i\u00e7ten te\u015fekk\u00fcrlerimizi sunuyorum. \u00dc\u00e7\u00fcnc\u00fc kez d\u00fczenlenen bu yar\u0131\u015f\u0131 tekrar kazanmak harika bir onur ve ortakl\u0131\u011f\u0131m\u0131z\u0131n bir kan\u0131t\u0131 olan bu inan\u0131lmaz ekip \u00e7al\u0131\u015fmas\u0131 olmadan bunu ba\u015faramazd\u0131k. Hanna ile ayn\u0131 tak\u0131mda olmaktan b\u00fcy\u00fck gurur duyuyorum ve birlikte ekip \u00e7al\u0131\u015fmas\u0131yla her \u015feyin m\u00fcmk\u00fcn oldu\u011funu kan\u0131tlad\u0131k. Bu zafer, s\u0131k\u0131 \u00e7al\u0131\u015fmam\u0131z\u0131n ve azmin bir kan\u0131t\u0131d\u0131r ve Rally Jameel\u2019de bir kez daha \u015fampiyon olmaktan dolay\u0131 son derece onur duyuyoruz.\u201d<\/p><\/blockquote>\n<table>\n<tbody>\n<tr>\n<td colspan=\"3\" width=\"601\"><strong>Rally Jameel\u2019in 2024 \u00dc\u00e7\u00fcnc\u00fc Yar\u0131\u015f\u0131nda kategorilerin son s\u0131n\u0131fland\u0131rmas\u0131<\/strong><\/td>\n<\/tr>\n<tr>\n<td width=\"56\"><strong>1<\/strong><\/td>\n<td width=\"161\"><strong>AW4<\/strong><strong> Kategorisinde ilk \u00fc\u00e7 kazanan:<\/strong><\/p>\n<p><strong>\u00a0<\/strong><\/td>\n<td width=\"384\">1.\u00a0\u00a0\u00a0\u00a0\u00a0\u00a0 Birincilik: Geely Alwallan Racin ekibinden Merehin Albaz ve yard\u0131mc\u0131 s\u00fcr\u00fcc\u00fc Faridah Abdullah.<\/p>\n<p>2.\u00a0\u00a0\u00a0\u00a0\u00a0\u00a0 \u0130kincilik: Motorsport Ireland ekibinden Patricia Denning ve yard\u0131mc\u0131 s\u00fcr\u00fcc\u00fcs\u00fc Gretchen Swinburne.<\/p>\n<p>3.\u00a0\u00a0\u00a0\u00a0\u00a0\u00a0 \u00dc\u00e7\u00fcnc\u00fcl\u00fck: Jameel Motorsport ekibinden Reem Al Aboud ve yard\u0131mc\u0131 s\u00fcr\u00fcc\u00fcs\u00fc Margot Llobera.<\/td>\n<\/tr>\n<tr>\n<td width=\"56\"><strong>2<\/strong><\/td>\n<td width=\"161\"><strong>PT4<\/strong><strong> Kategorisinde ilk \u00fc\u00e7 kazanan:<\/strong><\/p>\n<p><strong>\u00a0<\/strong><\/td>\n<td width=\"384\">1.\u00a0\u00a0\u00a0\u00a0\u00a0\u00a0 Birincilik: Obiyya ekibinden Maha Al Hamali ve yard\u0131mc\u0131 s\u00fcr\u00fcc\u00fcs\u00fc Eleanor Coker.<\/p>\n<p>2.\u00a0\u00a0\u00a0\u00a0\u00a0\u00a0 \u0130kincilik: Beyrut ekibinden Joanna Hassoun ve yard\u0131mc\u0131 s\u00fcr\u00fcc\u00fcs\u00fc Dolyne Schlink.<\/p>\n<p>3.\u00a0\u00a0\u00a0\u00a0\u00a0\u00a0 \u00dc\u00e7\u00fcnc\u00fcl\u00fck: Bakhashab Sisters ekibinden Fawzia Bakhashab ve yard\u0131mc\u0131 s\u00fcr\u00fcc\u00fcs\u00fc Calheine Taye Perry.<\/td>\n<\/tr>\n<tr>\n<td width=\"56\"><strong>3<\/strong><\/td>\n<td width=\"161\"><strong>PT6<\/strong><strong> Kategorisinde ilk \u00fc\u00e7 kazanan:<\/strong><\/p>\n<p><strong>\u00a0<\/strong><\/td>\n<td width=\"384\">1.\u00a0\u00a0\u00a0\u00a0\u00a0\u00a0 Birincilik: Sandstorm Express ekibinden Ewelina Chlebowska ve yard\u0131mc\u0131 s\u00fcr\u00fcc\u00fcs\u00fc Hanna Riehle<\/p>\n<p>2.\u00a0\u00a0\u00a0\u00a0\u00a0\u00a0 \u0130kincilik: Jameel Motorsport ekibinden Dania Akeel ve yard\u0131mc\u0131 s\u00fcr\u00fcc\u00fcs\u00fc Syndiely Wade.<\/p>\n<p>3.\u00a0\u00a0\u00a0\u00a0\u00a0\u00a0 \u00dc\u00e7\u00fcnc\u00fcl\u00fck: Samara ekibinden Samara Alghamdi ve yard\u0131mc\u0131 s\u00fcr\u00fcc\u00fcs\u00fc Sara Garcia.<\/td>\n<\/tr>\n<tr>\n<td width=\"56\"><strong>4<\/strong><\/td>\n<td width=\"161\"><strong>PT8<\/strong><strong> Kategorisinde ilk \u00fc\u00e7 kazanan:<\/strong><\/p>\n<p><strong>\u00a0<\/strong><\/td>\n<td width=\"384\">1.\u00a0\u00a0\u00a0\u00a0\u00a0\u00a0 Birincilik: Altawkilat ekibinden Catherine Munnings ve yard\u0131mc\u0131 s\u00fcr\u00fcc\u00fcs\u00fc Catalina Floberg.<\/p>\n<p>2.\u00a0\u00a0\u00a0\u00a0\u00a0\u00a0 \u0130kincilik: Hama Tuwaiq ekibinden Enas Hamza ve yard\u0131mc\u0131 s\u00fcr\u00fcc\u00fcs\u00fc Noura Al Doriei.<\/p>\n<p>3.\u00a0\u00a0\u00a0\u00a0\u00a0\u00a0 \u00dc\u00e7\u00fcnc\u00fcl\u00fck: Tair Albarr ekibinden Mona Kurdi ve yard\u0131mc\u0131 s\u00fcr\u00fcc\u00fcs\u00fc Mayada Alturki.<\/td>\n<\/tr>\n<tr>\n<td width=\"56\"><strong>5<\/strong><\/td>\n<td width=\"161\"><strong>PTH4<\/strong><strong> Kategorisinde ilk \u00fc\u00e7 kazanan:<\/strong><\/p>\n<p><strong>\u00a0<\/strong><\/td>\n<td width=\"384\">1.\u00a0\u00a0\u00a0\u00a0\u00a0\u00a0 Birincilik: Lexus ekibinden Fatma Banaz ve yard\u0131mc\u0131 s\u00fcr\u00fcc\u00fcs\u00fc Aur\u00e9lia Roquesalane.<\/p>\n<p>2.\u00a0\u00a0\u00a0\u00a0\u00a0\u00a0 \u0130kincilik: Lexus ekibinden Samar Rahbini ve yard\u0131mc\u0131 s\u00fcr\u00fcc\u00fcs\u00fc Antonia De Roissard<\/p>\n<p>3.\u00a0\u00a0\u00a0\u00a0\u00a0\u00a0 \u00dc\u00e7\u00fcnc\u00fcl\u00fck: Lexus ekibinden Mashael Alhowaish ve yard\u0131mc\u0131 s\u00fcr\u00fcc\u00fcs\u00fc Anette Fjeld.<\/td>\n<\/tr>\n<tr>\n<td width=\"56\"><strong>6<\/strong><\/td>\n<td width=\"161\"><strong>PR<\/strong><strong> Kategorisinde ilk \u00fc\u00e7 kazanan:<\/strong><\/p>\n<p><strong>\u00a0<\/strong><\/td>\n<td width=\"384\">1.\u00a0\u00a0\u00a0\u00a0\u00a0\u00a0 Birincilik: LMG Racing Club ekibinden Laura-Marie Geissler ve yard\u0131mc\u0131 s\u00fcr\u00fcc\u00fcs\u00fc Pochola Hernandez.<\/p>\n<p>2.\u00a0\u00a0\u00a0\u00a0\u00a0\u00a0 \u0130kincilik: Samara ekibinden Samara Alghamdi ve yard\u0131mc\u0131 s\u00fcr\u00fcc\u00fcs\u00fc Sara Garcia.<\/p>\n<p>3.\u00a0\u00a0\u00a0\u00a0\u00a0\u00a0 \u00dc\u00e7\u00fcnc\u00fcl\u00fck: Yara Bou Monsef ekibinden Yara Bou Monsef ve yard\u0131mc\u0131 s\u00fcr\u00fcc\u00fcs\u00fc Raquel Cecilia.<\/td>\n<\/tr>\n<\/tbody>\n<\/table>\n","protected":false},"featured_media":115085,"template":"","tags":[],"newscategory":[149],"acf":[],"yoast_head":"<!-- This site is optimized with the Yoast SEO plugin v21.5 - https:\/\/yoast.com\/wordpress\/plugins\/seo\/ -->\n<title>\u00dc\u00e7\u00fcnc\u00fc Jameel Rallisi Sona Erdi | Abdul Latif Jameel\u00ae<\/title>\n<meta name=\"description\" content=\"Kad\u0131nlara y\u00f6nelik d\u00fcnya \u00e7ap\u0131nda heyecan verici bir seyir rallisi olan Rally Jameel, D\u00fcnya Kad\u0131nlar G\u00fcn\u00fc&#039;nde Rabigh&#039;te 3.s\u00fcn\u00fc tamamlad\u0131. Daha fazlas\u0131n\u0131 ke\u015ffedin.\" \/>\n<meta name=\"robots\" content=\"index, follow, max-snippet:-1, max-image-preview:large, max-video-preview:-1\" \/>\n<link rel=\"canonical\" href=\"https:\/\/alj.com\/tr\/news\/polish-driver-wins-first-place-at-third-edition-of-rally-jameel-on-international-womens-day\/\" \/>\n<meta property=\"og:locale\" content=\"tr_TR\" \/>\n<meta property=\"og:type\" content=\"article\" \/>\n<meta property=\"og:title\" content=\"\u00dc\u00e7\u00fcnc\u00fc Jameel Rallisi Sona Erdi | Abdul Latif Jameel\u00ae\" \/>\n<meta property=\"og:description\" content=\"Kad\u0131nlara y\u00f6nelik d\u00fcnya \u00e7ap\u0131nda heyecan verici bir seyir rallisi olan Rally Jameel, D\u00fcnya Kad\u0131nlar G\u00fcn\u00fc&#039;nde Rabigh&#039;te 3.s\u00fcn\u00fc tamamlad\u0131. Daha fazlas\u0131n\u0131 ke\u015ffedin.\" \/>\n<meta property=\"og:url\" content=\"https:\/\/alj.com\/tr\/news\/polish-driver-wins-first-place-at-third-edition-of-rally-jameel-on-international-womens-day\/\" \/>\n<meta property=\"og:site_name\" content=\"Abdul Latif Jameel\" \/>\n<meta property=\"article:publisher\" content=\"https:\/\/www.facebook.com\/Abdul.Latif.Jameel.Official\" \/>\n<meta property=\"article:modified_time\" content=\"2024-06-11T09:55:16+00:00\" \/>\n<meta property=\"og:image\" content=\"https:\/\/media.alj.com\/app\/uploads\/2024\/03\/Rally-Jameel-Third-Edition-Winners-scaled.jpg\" \/>\n\t<meta property=\"og:image:width\" content=\"2560\" \/>\n\t<meta property=\"og:image:height\" content=\"1986\" \/>\n\t<meta property=\"og:image:type\" content=\"image\/jpeg\" \/>\n<meta name=\"twitter:card\" content=\"summary_large_image\" \/>\n<meta name=\"twitter:label1\" content=\"Est. reading time\" \/>\n\t<meta name=\"twitter:data1\" content=\"4 minutes\" \/>\n<script type=\"application\/ld+json\" class=\"yoast-schema-graph\">{\"@context\":\"https:\/\/schema.org\",\"@graph\":[{\"@type\":\"WebPage\",\"@id\":\"https:\/\/alj.com\/tr\/news\/polish-driver-wins-first-place-at-third-edition-of-rally-jameel-on-international-womens-day\/\",\"url\":\"https:\/\/alj.com\/tr\/news\/polish-driver-wins-first-place-at-third-edition-of-rally-jameel-on-international-womens-day\/\",\"name\":\"\u00dc\u00e7\u00fcnc\u00fc Jameel Rallisi Sona Erdi | Abdul Latif Jameel\u00ae\",\"isPartOf\":{\"@id\":\"https:\/\/alj.com\/en\/#website\"},\"datePublished\":\"2024-03-11T06:53:31+00:00\",\"dateModified\":\"2024-06-11T09:55:16+00:00\",\"description\":\"Kad\u0131nlara y\u00f6nelik d\u00fcnya \u00e7ap\u0131nda heyecan verici bir seyir rallisi olan Rally Jameel, D\u00fcnya Kad\u0131nlar G\u00fcn\u00fc'nde Rabigh'te 3.s\u00fcn\u00fc tamamlad\u0131. Daha fazlas\u0131n\u0131 ke\u015ffedin.\",\"breadcrumb\":{\"@id\":\"https:\/\/alj.com\/tr\/news\/polish-driver-wins-first-place-at-third-edition-of-rally-jameel-on-international-womens-day\/#breadcrumb\"},\"inLanguage\":\"tr\",\"potentialAction\":[{\"@type\":\"ReadAction\",\"target\":[\"https:\/\/alj.com\/tr\/news\/polish-driver-wins-first-place-at-third-edition-of-rally-jameel-on-international-womens-day\/\"]}]},{\"@type\":\"BreadcrumbList\",\"@id\":\"https:\/\/alj.com\/tr\/news\/polish-driver-wins-first-place-at-third-edition-of-rally-jameel-on-international-womens-day\/#breadcrumb\",\"itemListElement\":[{\"@type\":\"ListItem\",\"position\":1,\"name\":\"Home\",\"item\":\"https:\/\/alj.com\/tr\/\"},{\"@type\":\"ListItem\",\"position\":2,\"name\":\"News\",\"item\":\"https:\/\/alj.com\/en\/news\/\"},{\"@type\":\"ListItem\",\"position\":3,\"name\":\"Polonyal\u0131 S\u00fcr\u00fcc\u00fc, Uluslararas\u0131 Kad\u0131nlar G\u00fcn\u00fc\u2019nde \u00dc\u00e7\u00fcnc\u00fc Kez D\u00fczenlenen Rally Jameel\u2019de Birincilik Kazand\u0131\"}]},{\"@type\":\"WebSite\",\"@id\":\"https:\/\/alj.com\/en\/#website\",\"url\":\"https:\/\/alj.com\/en\/\",\"name\":\"Abdul Latif Jameel\",\"description\":\"Abdul Latif Jameel\",\"potentialAction\":[{\"@type\":\"SearchAction\",\"target\":{\"@type\":\"EntryPoint\",\"urlTemplate\":\"https:\/\/alj.com\/en\/?s={search_term_string}\"},\"query-input\":\"required name=search_term_string\"}],\"inLanguage\":\"tr\"}]}<\/script>\n<!-- \/ Yoast SEO plugin. -->","yoast_head_json":{"title":"\u00dc\u00e7\u00fcnc\u00fc Jameel Rallisi Sona Erdi | Abdul Latif Jameel\u00ae","description":"Kad\u0131nlara y\u00f6nelik d\u00fcnya \u00e7ap\u0131nda heyecan verici bir seyir rallisi olan Rally Jameel, D\u00fcnya Kad\u0131nlar G\u00fcn\u00fc'nde Rabigh'te 3.s\u00fcn\u00fc tamamlad\u0131. Daha fazlas\u0131n\u0131 ke\u015ffedin.","robots":{"index":"index","follow":"follow","max-snippet":"max-snippet:-1","max-image-preview":"max-image-preview:large","max-video-preview":"max-video-preview:-1"},"canonical":"https:\/\/alj.com\/tr\/news\/polish-driver-wins-first-place-at-third-edition-of-rally-jameel-on-international-womens-day\/","og_locale":"tr_TR","og_type":"article","og_title":"\u00dc\u00e7\u00fcnc\u00fc Jameel Rallisi Sona Erdi | Abdul Latif Jameel\u00ae","og_description":"Kad\u0131nlara y\u00f6nelik d\u00fcnya \u00e7ap\u0131nda heyecan verici bir seyir rallisi olan Rally Jameel, D\u00fcnya Kad\u0131nlar G\u00fcn\u00fc'nde Rabigh'te 3.s\u00fcn\u00fc tamamlad\u0131. Daha fazlas\u0131n\u0131 ke\u015ffedin.","og_url":"https:\/\/alj.com\/tr\/news\/polish-driver-wins-first-place-at-third-edition-of-rally-jameel-on-international-womens-day\/","og_site_name":"Abdul Latif Jameel","article_publisher":"https:\/\/www.facebook.com\/Abdul.Latif.Jameel.Official","article_modified_time":"2024-06-11T09:55:16+00:00","og_image":[{"width":2560,"height":1986,"url":"https:\/\/media.alj.com\/app\/uploads\/2024\/03\/Rally-Jameel-Third-Edition-Winners-scaled.jpg","type":"image\/jpeg"}],"twitter_card":"summary_large_image","twitter_misc":{"Est. reading time":"4 minutes"},"schema":{"@context":"https:\/\/schema.org","@graph":[{"@type":"WebPage","@id":"https:\/\/alj.com\/tr\/news\/polish-driver-wins-first-place-at-third-edition-of-rally-jameel-on-international-womens-day\/","url":"https:\/\/alj.com\/tr\/news\/polish-driver-wins-first-place-at-third-edition-of-rally-jameel-on-international-womens-day\/","name":"\u00dc\u00e7\u00fcnc\u00fc Jameel Rallisi Sona Erdi | Abdul Latif Jameel\u00ae","isPartOf":{"@id":"https:\/\/alj.com\/en\/#website"},"datePublished":"2024-03-11T06:53:31+00:00","dateModified":"2024-06-11T09:55:16+00:00","description":"Kad\u0131nlara y\u00f6nelik d\u00fcnya \u00e7ap\u0131nda heyecan verici bir seyir rallisi olan Rally Jameel, D\u00fcnya Kad\u0131nlar G\u00fcn\u00fc'nde Rabigh'te 3.s\u00fcn\u00fc tamamlad\u0131. Daha fazlas\u0131n\u0131 ke\u015ffedin.","breadcrumb":{"@id":"https:\/\/alj.com\/tr\/news\/polish-driver-wins-first-place-at-third-edition-of-rally-jameel-on-international-womens-day\/#breadcrumb"},"inLanguage":"tr","potentialAction":[{"@type":"ReadAction","target":["https:\/\/alj.com\/tr\/news\/polish-driver-wins-first-place-at-third-edition-of-rally-jameel-on-international-womens-day\/"]}]},{"@type":"BreadcrumbList","@id":"https:\/\/alj.com\/tr\/news\/polish-driver-wins-first-place-at-third-edition-of-rally-jameel-on-international-womens-day\/#breadcrumb","itemListElement":[{"@type":"ListItem","position":1,"name":"Home","item":"https:\/\/alj.com\/tr\/"},{"@type":"ListItem","position":2,"name":"News","item":"https:\/\/alj.com\/en\/news\/"},{"@type":"ListItem","position":3,"name":"Polonyal\u0131 S\u00fcr\u00fcc\u00fc, Uluslararas\u0131 Kad\u0131nlar G\u00fcn\u00fc\u2019nde \u00dc\u00e7\u00fcnc\u00fc Kez D\u00fczenlenen Rally Jameel\u2019de Birincilik Kazand\u0131"}]},{"@type":"WebSite","@id":"https:\/\/alj.com\/en\/#website","url":"https:\/\/alj.com\/en\/","name":"Abdul Latif Jameel","description":"Abdul Latif Jameel","potentialAction":[{"@type":"SearchAction","target":{"@type":"EntryPoint","urlTemplate":"https:\/\/alj.com\/en\/?s={search_term_string}"},"query-input":"required name=search_term_string"}],"inLanguage":"tr"}]}},"post-meta-fields":{"push_notification":["no"],"_push_notification":["field_5c3b1fb67034d"],"_wpml_word_count":["{\"total\":835,\"to_translate\":{\"ar\":835,\"zh-hans\":835,\"fr\":835,\"ja\":835,\"es\":835,\"tr\":835}}"],"news_slider_short_title":["Uluslararas\u0131 Kad\u0131nlar G\u00fcn\u00fc\u2019nde \u00dc\u00e7\u00fcnc\u00fc Kez D\u00fczenlenen Rally Jameel"],"news_summary":["<p>Polonyal\u0131 S\u00fcr\u00fcc\u00fc, Uluslararas\u0131 Kad\u0131nlar G\u00fcn\u00fc\u2019nde \u00dc\u00e7\u00fcnc\u00fc Kez D\u00fczenlenen Rally Jameel\u2019de Birincilik Kazand\u0131<\/p>\n"],"news-location":["Rabigh, Kral Abdullah Ekonomik \u015eehri (KAEC), Suudi Arabistan"],"wpcf-featured-news":["0"],"wpcf-featured-on-news-page":["0"],"publish_mobile":[""],"_publish_mobile":["field_5bfa8eb2e65cf"],"mobile_featured_image":["https:\/\/media.alj.com\/app\/uploads\/2024\/03\/Rally-Jameel-Third-Edition-Winners-scaled.jpg"],"_mobile_featured_image":["field_5c3b204983dea"],"featured_on_listing_page":["0"],"_featured_on_listing_page":["field_62458ea7383c3"],"content_series_applied":[""],"_content_series_applied":["field_60f3d3faf82ac"],"wpcf-show-at-homepage-first-sec-secondary-slider":["1"],"wpcf-news-publish_date":["1710115200"],"wpcf-news-downloadable_file":[""],"wpcf-video-description":[""],"wpcf-layoutvideourl":[""],"wpcf-video-thumb":[""],"wpcf-social4-svg":[""],"wpcf-social4-background-image":[""],"wpcf-social4-text":[""],"wpcf-social4-url":[""],"wpcf-social3-svg":[""],"wpcf-social3-background-image":[""],"wpcf-social3-text":[""],"wpcf-social3-url":[""],"wpcf-social-text-svg-square":[""],"wpcf-social-text-image-square":[""],"wpcf-social-text-text-square":[""],"wpcf-social-text-url-square":[""],"wpcf-social2-svg":[""],"wpcf-social2-background-image":[""],"wpcf-social2-text":[""],"wpcf-social2-url":[""],"wpcf-social-svg-square":[""],"wpcf-social-image-square":[""],"wpcf-social-text-square":[""],"wpcf-social-url-square":[""],"wpcf-social1-svg":[""],"wpcf-social1-background-image":[""],"wpcf-social1-text":[""],"wpcf-social1-url":[""],"wpcf-quotes-with-auther-text-1":[""],"wpcf-card_article_with_title_content":[""],"wpcf-card_article_content":["write your content"],"wpcf-quotes-with-auther-text":[""],"_bsf_post_type":["0"],"_bsf_item_review_type":["none"],"_wpml_media_duplicate":["1"],"_wpml_media_featured":["1"],"_yoast_wpseo_primary_newscategory":["149"],"_yoast_wpseo_title":["\u00dc\u00e7\u00fcnc\u00fc Jameel Rallisi Sona Erdi | Abdul Latif Jameel\u00ae"],"_yoast_wpseo_metadesc":["Kad\u0131nlara y\u00f6nelik d\u00fcnya \u00e7ap\u0131nda heyecan verici bir seyir rallisi olan Rally Jameel, D\u00fcnya Kad\u0131nlar G\u00fcn\u00fc'nde Rabigh'te 3.s\u00fcn\u00fc tamamlad\u0131. Daha fazlas\u0131n\u0131 ke\u015ffedin."],"_yoast_wpseo_content_score":["60"],"_yoast_wpseo_estimated-reading-time-minutes":[""],"_yoast_wpseo_wordproof_timestamp":[""],"_thumbnail_id":["115085"],"_edit_lock":["1718099598:25"],"_edit_last":["25"],"wpcf-projecttitle":[""],"wpcf-projectdescription":[""],"wpcf-projectimage-video1":["image"],"wpcf-projectimage-1":[""],"wpcf-projectvideo-1":[""],"wpcf-projectdescription-1":[""],"wpcf-projectimage-video2":["image"],"wpcf-projectimage-2":[""],"wpcf-projectvideo-2":[""],"wpcf-projectdescription-2":[""],"wpcf-projectimage-video3":["image"],"wpcf-projectimage-3":[""],"wpcf-projectvideo-3":[""],"wpcf-projectdescription-3":[""],"wpcf-projectimage-video4":["image"],"wpcf-projectimage-4":[""],"wpcf-projectvideo-4":[""],"wpcf-projectdescription-4":[""],"_last_translation_edit_mode":["native-editor"],"news_business_sector":["Ula\u015f\u0131m"],"wpcf-card-image":[""],"_wpcf-card-image-sort-order":["a:1:{i:0;i:1789195;}"]},"_links":{"self":[{"href":"https:\/\/alj.com\/tr\/wp-json\/wp\/v2\/news\/115443"}],"collection":[{"href":"https:\/\/alj.com\/tr\/wp-json\/wp\/v2\/news"}],"about":[{"href":"https:\/\/alj.com\/tr\/wp-json\/wp\/v2\/types\/news"}],"wp:featuredmedia":[{"embeddable":true,"href":"https:\/\/alj.com\/tr\/wp-json\/wp\/v2\/media\/115085"}],"wp:attachment":[{"href":"https:\/\/alj.com\/tr\/wp-json\/wp\/v2\/media?parent=115443"}],"wp:term":[{"taxonomy":"post_tag","embeddable":true,"href":"https:\/\/alj.com\/tr\/wp-json\/wp\/v2\/tags?post=115443"},{"taxonomy":"newscategory","embeddable":true,"href":"https:\/\/alj.com\/tr\/wp-json\/wp\/v2\/newscategory?post=115443"}],"curies":[{"name":"wp","href":"https:\/\/api.w.org\/{rel}","templated":true}]}}