{"id":119286,"date":"2025-01-07T12:14:20","date_gmt":"2025-01-07T12:14:20","guid":{"rendered":"https:\/\/alj.com\/?post_type=news&#038;p=119286"},"modified":"2025-01-07T12:14:20","modified_gmt":"2025-01-07T12:14:20","slug":"byd-turkiye-yeni-modelleriyle-birlikte-heyecan-verici-bir-donemin-kapisini-araliyor","status":"publish","type":"news","link":"https:\/\/alj.com\/tr\/news\/byd-turkiye-yeni-modelleriyle-birlikte-heyecan-verici-bir-donemin-kapisini-araliyor\/","title":{"rendered":"BYD T\u00fcrkiye, yeni modelleriyle birlikte heyecan verici bir d\u00f6nemin kap\u0131s\u0131n\u0131 aral\u0131yor"},"content":{"rendered":"<p>D\u00fcnyan\u0131n \u00f6nde gelen yeni enerjili ara\u00e7 (\u015farj edilebilir hibrit ve elektrikli) \u00fcreticisi <a href=\"https:\/\/www.byd.com\/\">BYD<\/a>, T\u00fcrkiye pazar\u0131ndaki b\u00fcy\u00fcmesini h\u0131zland\u0131r\u0131yor. Marka, mevcut \u00fcr\u00fcn yelpazesine d\u00f6rt yeni model daha ekleyerek T\u00fcrkiye\u2019deki \u00fcr\u00fcn yelpazesini alt\u0131 modele y\u00fckseltti. \u0130leri teknolojisi ve \u00e7evreci performans\u0131yla dikkat \u00e7eken BYD, yeni d\u00f6neminde hem t\u00fcketicilerin beklentilerini kar\u015f\u0131lamay\u0131 hem de sekt\u00f6rdeki konumunu daha da sa\u011flamla\u015ft\u0131rmay\u0131 hedefliyor.<\/p>\n<p><iframe loading=\"lazy\" title=\"ALJ Holding - BYD Tu\u0308rkiye Launch Event Nov 2024 (EN VO\/TR Subs)\" width=\"640\" height=\"360\" src=\"https:\/\/www.youtube.com\/embed\/X9_KF4nXiFA?feature=oembed\" frameborder=\"0\" allow=\"accelerometer; autoplay; clipboard-write; encrypted-media; gyroscope; picture-in-picture; web-share\" referrerpolicy=\"strict-origin-when-cross-origin\" allowfullscreen><\/iframe><\/p>\n<p>BYD, T\u00fcrkiye pazar\u0131nda sundu\u011fu ilk model olan tam elektrikli C-SUV <a href=\"https:\/\/www.bydauto.com.tr\/atto3\">ATTO 3<\/a>\u2019\u00fc yeni donan\u0131m \u00f6zellikleriyle, D-SUV segmentindeki \u015farj edilebilir hibrit modeli olan <a href=\"https:\/\/www.bydauto.com.tr\/sealu-dmi\">SEAL U DM-i<\/a>\u2019y\u0131 ise yenilenen fiyat\u0131yla Kas\u0131m ay\u0131nda m\u00fc\u015fterilerinin be\u011fenisine sundu. \u00dcr\u00fcn yelpazesine yeni kat\u0131lan BYD\u2019nin hatchback modeli <a href=\"https:\/\/www.bydauto.com.tr\/dolphin\">DOLPHIN<\/a> ve tam elektrikli D-SUV modeli <a href=\"https:\/\/www.bydauto.com.tr\/sealu-ev\">SEAL U EV<\/a>\u2019yi de Kas\u0131m ay\u0131nda m\u00fc\u015fterileriyle bulu\u015fturan BYD, Aral\u0131k ay\u0131nda ise E segmentindeki sedan modeli <a href=\"https:\/\/www.bydauto.com.tr\/han\">HAN<\/a> ve D segmentindeki sedan modeli <a href=\"https:\/\/www.bydauto.com.tr\/seal\">SEAL<\/a>\u2019\u0131 sat\u0131\u015fa sunarak T\u00fcrkiye\u2019deki \u00fcr\u00fcn gam\u0131n\u0131 toplam alt\u0131 modele \u00e7\u0131kard\u0131.<\/p>\n<p>Lansman, \u0130stanbul\u2019daki Rixos Tersane\u2019de d\u00fczenlenen etkileyici bir etkinlikle ger\u00e7ekle\u015fti. Etkinlikte, \u015fehrin 600 y\u0131l\u0131 a\u015fk\u0131n zengin miras\u0131 modern l\u00fcksle harmanlanarak inovasyon ve mobilitenin gelece\u011fi g\u00f6zler \u00f6n\u00fcne serildi.<\/p>\n<p>BYD\u2019nin T\u00fcrkiye\u2019deki resmi distrib\u00fct\u00f6r\u00fc, ALJ T\u00fcrkiye, etkinlikte 25 bayinin \u00f6nde gelen temsilcileri, BYD\u2019nin \u00fcst d\u00fczey y\u00f6neticileri ve modellerin tan\u0131t\u0131m\u0131n\u0131 heyecanla bekleyen 120\u2019den fazla gazeteci ve influencer\u0131 a\u011f\u0131rlad\u0131. Lansman\u0131n ard\u0131ndan ge\u00e7en 10 g\u00fcnl\u00fck s\u00fcre i\u00e7inde, BYD modellerini sat\u0131n alma talebiyle 10.000\u2019den fazla m\u00fc\u015fteri ba\u015fvurusu al\u0131nd\u0131.<\/p>\n<p>Bu etkinlik, BYD\u2019nin T\u00fcrk otomotiv pazar\u0131ndaki varl\u0131\u011f\u0131n\u0131 g\u00fc\u00e7lendirmede \u00f6nemli bir ad\u0131m oldu. Marka, rekabet\u00e7i fiyatlarla \u2018ula\u015f\u0131labilir premium\u2019 konumunu peki\u015ftirirken, her m\u00fc\u015fteriye uygun y\u00fcksek performansl\u0131 ve \u00e7evre dostu otomobiller sunmay\u0131 hedefliyor.<\/p>\n<p><a href=\"https:\/\/www.bydauto.com.tr\/\">BYD T\u00fcrkiye<\/a>\u2019nin Genel M\u00fcd\u00fcr\u00fc <a href=\"https:\/\/www.linkedin.com\/in\/ismail-ergun-b7724924\/\">\u0130smail Ergun<\/a>;<\/p>\n<p>\u201cOtomotiv sekt\u00f6r\u00fc b\u00fcy\u00fck bir d\u00f6n\u00fc\u015f\u00fcm s\u00fcrecinden ge\u00e7iyor ve bu d\u00f6n\u00fc\u015f\u00fcme \u00f6nc\u00fcl\u00fck eden markalardan biri olan BYD i\u00e7in T\u00fcrkiye\u2019de yeni bir d\u00f6nem ba\u015fl\u0131yor.<\/p>\n<p>BYD T\u00fcrkiye olarak hedefimiz, \u00fcr\u00fcn \u00e7e\u015fitlili\u011fimizi art\u0131rarak farkl\u0131 m\u00fc\u015fteri ihtiya\u00e7lar\u0131na yan\u0131t veren geni\u015f bir \u00fcr\u00fcn yelpazesi sunmak. BYD\u2019nin b\u00fcy\u00fcme ivmesi \u00f6n\u00fcm\u00fczdeki y\u0131l h\u0131zlanacak. \u00d6n\u00fcm\u00fczdeki \u00fc\u00e7 y\u0131l i\u00e7inde binek otomobil pazar\u0131nda en \u00e7ok tercih edilen ilk \u00fc\u00e7 marka aras\u0131nda yer almay\u0131 hedefliyoruz.&#8221; dedi.<\/p>\n","protected":false},"featured_media":119521,"template":"","tags":[],"newscategory":[150],"acf":[],"yoast_head":"<!-- This site is optimized with the Yoast SEO plugin v21.5 - https:\/\/yoast.com\/wordpress\/plugins\/seo\/ -->\n<title>BYD T\u00fcrkiye, yeni modelleriyle birlikte heyecan verici bir d\u00f6nemin kap\u0131s\u0131n\u0131 aral\u0131yor | Abdul Latif Jameel\u00ae<\/title>\n<meta name=\"description\" content=\"D\u00fcnyan\u0131n \u00f6nde gelen yeni enerjili ara\u00e7 (\u015farj edilebilir hibrit ve elektrikli) \u00fcreticisi BYD, T\u00fcrkiye pazar\u0131ndaki b\u00fcy\u00fcmesini h\u0131zland\u0131r\u0131yor. Marka, mevcut \u00fcr\u00fcn yelpazesine d\u00f6rt yeni model daha ekleyerek T\u00fcrkiye\u2019deki \u00fcr\u00fcn yelpazesini alt\u0131 modele y\u00fckseltti. \u0130leri teknolojisi ve \u00e7evreci performans\u0131yla dikkat \u00e7eken BYD, yeni d\u00f6neminde hem t\u00fcketicilerin beklentilerini kar\u015f\u0131lamay\u0131 hem de sekt\u00f6rdeki konumunu daha da sa\u011flamla\u015ft\u0131rmay\u0131 hedefliyor.\" \/>\n<meta name=\"robots\" content=\"index, follow, max-snippet:-1, max-image-preview:large, max-video-preview:-1\" \/>\n<link rel=\"canonical\" href=\"https:\/\/alj.com\/tr\/news\/byd-turkiye-yeni-modelleriyle-birlikte-heyecan-verici-bir-donemin-kapisini-araliyor\/\" \/>\n<meta property=\"og:locale\" content=\"tr_TR\" \/>\n<meta property=\"og:type\" content=\"article\" \/>\n<meta property=\"og:title\" content=\"BYD T\u00fcrkiye, yeni modelleriyle birlikte heyecan verici bir d\u00f6nemin kap\u0131s\u0131n\u0131 aral\u0131yor | Abdul Latif Jameel\u00ae\" \/>\n<meta property=\"og:description\" content=\"D\u00fcnyan\u0131n \u00f6nde gelen yeni enerjili ara\u00e7 (\u015farj edilebilir hibrit ve elektrikli) \u00fcreticisi BYD, T\u00fcrkiye pazar\u0131ndaki b\u00fcy\u00fcmesini h\u0131zland\u0131r\u0131yor. Marka, mevcut \u00fcr\u00fcn yelpazesine d\u00f6rt yeni model daha ekleyerek T\u00fcrkiye\u2019deki \u00fcr\u00fcn yelpazesini alt\u0131 modele y\u00fckseltti. \u0130leri teknolojisi ve \u00e7evreci performans\u0131yla dikkat \u00e7eken BYD, yeni d\u00f6neminde hem t\u00fcketicilerin beklentilerini kar\u015f\u0131lamay\u0131 hem de sekt\u00f6rdeki konumunu daha da sa\u011flamla\u015ft\u0131rmay\u0131 hedefliyor.\" \/>\n<meta property=\"og:url\" content=\"https:\/\/alj.com\/tr\/news\/byd-turkiye-yeni-modelleriyle-birlikte-heyecan-verici-bir-donemin-kapisini-araliyor\/\" \/>\n<meta property=\"og:site_name\" content=\"Abdul Latif Jameel\" \/>\n<meta property=\"article:publisher\" content=\"https:\/\/www.facebook.com\/Abdul.Latif.Jameel.Official\" \/>\n<meta property=\"og:image\" content=\"https:\/\/media.alj.com\/app\/uploads\/2025\/01\/byd-turkiya-lunch-event-new.jpg\" \/>\n\t<meta property=\"og:image:width\" content=\"2560\" \/>\n\t<meta property=\"og:image:height\" content=\"1708\" \/>\n\t<meta property=\"og:image:type\" content=\"image\/jpeg\" \/>\n<meta name=\"twitter:card\" content=\"summary_large_image\" \/>\n<meta name=\"twitter:label1\" content=\"Est. reading time\" \/>\n\t<meta name=\"twitter:data1\" content=\"2 minutes\" \/>\n<script type=\"application\/ld+json\" class=\"yoast-schema-graph\">{\"@context\":\"https:\/\/schema.org\",\"@graph\":[{\"@type\":\"WebPage\",\"@id\":\"https:\/\/alj.com\/tr\/news\/byd-turkiye-yeni-modelleriyle-birlikte-heyecan-verici-bir-donemin-kapisini-araliyor\/\",\"url\":\"https:\/\/alj.com\/tr\/news\/byd-turkiye-yeni-modelleriyle-birlikte-heyecan-verici-bir-donemin-kapisini-araliyor\/\",\"name\":\"BYD T\u00fcrkiye, yeni modelleriyle birlikte heyecan verici bir d\u00f6nemin kap\u0131s\u0131n\u0131 aral\u0131yor | Abdul Latif Jameel\u00ae\",\"isPartOf\":{\"@id\":\"https:\/\/alj.com\/en\/#website\"},\"datePublished\":\"2025-01-07T12:14:20+00:00\",\"dateModified\":\"2025-01-07T12:14:20+00:00\",\"description\":\"D\u00fcnyan\u0131n \u00f6nde gelen yeni enerjili ara\u00e7 (\u015farj edilebilir hibrit ve elektrikli) \u00fcreticisi BYD, T\u00fcrkiye pazar\u0131ndaki b\u00fcy\u00fcmesini h\u0131zland\u0131r\u0131yor. Marka, mevcut \u00fcr\u00fcn yelpazesine d\u00f6rt yeni model daha ekleyerek T\u00fcrkiye\u2019deki \u00fcr\u00fcn yelpazesini alt\u0131 modele y\u00fckseltti. \u0130leri teknolojisi ve \u00e7evreci performans\u0131yla dikkat \u00e7eken BYD, yeni d\u00f6neminde hem t\u00fcketicilerin beklentilerini kar\u015f\u0131lamay\u0131 hem de sekt\u00f6rdeki konumunu daha da sa\u011flamla\u015ft\u0131rmay\u0131 hedefliyor.\",\"breadcrumb\":{\"@id\":\"https:\/\/alj.com\/tr\/news\/byd-turkiye-yeni-modelleriyle-birlikte-heyecan-verici-bir-donemin-kapisini-araliyor\/#breadcrumb\"},\"inLanguage\":\"tr\",\"potentialAction\":[{\"@type\":\"ReadAction\",\"target\":[\"https:\/\/alj.com\/tr\/news\/byd-turkiye-yeni-modelleriyle-birlikte-heyecan-verici-bir-donemin-kapisini-araliyor\/\"]}]},{\"@type\":\"BreadcrumbList\",\"@id\":\"https:\/\/alj.com\/tr\/news\/byd-turkiye-yeni-modelleriyle-birlikte-heyecan-verici-bir-donemin-kapisini-araliyor\/#breadcrumb\",\"itemListElement\":[{\"@type\":\"ListItem\",\"position\":1,\"name\":\"Home\",\"item\":\"https:\/\/alj.com\/tr\/\"},{\"@type\":\"ListItem\",\"position\":2,\"name\":\"News\",\"item\":\"https:\/\/alj.com\/en\/news\/\"},{\"@type\":\"ListItem\",\"position\":3,\"name\":\"BYD T\u00fcrkiye, yeni modelleriyle birlikte heyecan verici bir d\u00f6nemin kap\u0131s\u0131n\u0131 aral\u0131yor\"}]},{\"@type\":\"WebSite\",\"@id\":\"https:\/\/alj.com\/en\/#website\",\"url\":\"https:\/\/alj.com\/en\/\",\"name\":\"Abdul Latif Jameel\",\"description\":\"Abdul Latif Jameel\",\"potentialAction\":[{\"@type\":\"SearchAction\",\"target\":{\"@type\":\"EntryPoint\",\"urlTemplate\":\"https:\/\/alj.com\/en\/?s={search_term_string}\"},\"query-input\":\"required name=search_term_string\"}],\"inLanguage\":\"tr\"}]}<\/script>\n<!-- \/ Yoast SEO plugin. -->","yoast_head_json":{"title":"BYD T\u00fcrkiye, yeni modelleriyle birlikte heyecan verici bir d\u00f6nemin kap\u0131s\u0131n\u0131 aral\u0131yor | Abdul Latif Jameel\u00ae","description":"D\u00fcnyan\u0131n \u00f6nde gelen yeni enerjili ara\u00e7 (\u015farj edilebilir hibrit ve elektrikli) \u00fcreticisi BYD, T\u00fcrkiye pazar\u0131ndaki b\u00fcy\u00fcmesini h\u0131zland\u0131r\u0131yor. Marka, mevcut \u00fcr\u00fcn yelpazesine d\u00f6rt yeni model daha ekleyerek T\u00fcrkiye\u2019deki \u00fcr\u00fcn yelpazesini alt\u0131 modele y\u00fckseltti. \u0130leri teknolojisi ve \u00e7evreci performans\u0131yla dikkat \u00e7eken BYD, yeni d\u00f6neminde hem t\u00fcketicilerin beklentilerini kar\u015f\u0131lamay\u0131 hem de sekt\u00f6rdeki konumunu daha da sa\u011flamla\u015ft\u0131rmay\u0131 hedefliyor.","robots":{"index":"index","follow":"follow","max-snippet":"max-snippet:-1","max-image-preview":"max-image-preview:large","max-video-preview":"max-video-preview:-1"},"canonical":"https:\/\/alj.com\/tr\/news\/byd-turkiye-yeni-modelleriyle-birlikte-heyecan-verici-bir-donemin-kapisini-araliyor\/","og_locale":"tr_TR","og_type":"article","og_title":"BYD T\u00fcrkiye, yeni modelleriyle birlikte heyecan verici bir d\u00f6nemin kap\u0131s\u0131n\u0131 aral\u0131yor | Abdul Latif Jameel\u00ae","og_description":"D\u00fcnyan\u0131n \u00f6nde gelen yeni enerjili ara\u00e7 (\u015farj edilebilir hibrit ve elektrikli) \u00fcreticisi BYD, T\u00fcrkiye pazar\u0131ndaki b\u00fcy\u00fcmesini h\u0131zland\u0131r\u0131yor. Marka, mevcut \u00fcr\u00fcn yelpazesine d\u00f6rt yeni model daha ekleyerek T\u00fcrkiye\u2019deki \u00fcr\u00fcn yelpazesini alt\u0131 modele y\u00fckseltti. \u0130leri teknolojisi ve \u00e7evreci performans\u0131yla dikkat \u00e7eken BYD, yeni d\u00f6neminde hem t\u00fcketicilerin beklentilerini kar\u015f\u0131lamay\u0131 hem de sekt\u00f6rdeki konumunu daha da sa\u011flamla\u015ft\u0131rmay\u0131 hedefliyor.","og_url":"https:\/\/alj.com\/tr\/news\/byd-turkiye-yeni-modelleriyle-birlikte-heyecan-verici-bir-donemin-kapisini-araliyor\/","og_site_name":"Abdul Latif Jameel","article_publisher":"https:\/\/www.facebook.com\/Abdul.Latif.Jameel.Official","og_image":[{"width":2560,"height":1708,"url":"https:\/\/media.alj.com\/app\/uploads\/2025\/01\/byd-turkiya-lunch-event-new.jpg","type":"image\/jpeg"}],"twitter_card":"summary_large_image","twitter_misc":{"Est. reading time":"2 minutes"},"schema":{"@context":"https:\/\/schema.org","@graph":[{"@type":"WebPage","@id":"https:\/\/alj.com\/tr\/news\/byd-turkiye-yeni-modelleriyle-birlikte-heyecan-verici-bir-donemin-kapisini-araliyor\/","url":"https:\/\/alj.com\/tr\/news\/byd-turkiye-yeni-modelleriyle-birlikte-heyecan-verici-bir-donemin-kapisini-araliyor\/","name":"BYD T\u00fcrkiye, yeni modelleriyle birlikte heyecan verici bir d\u00f6nemin kap\u0131s\u0131n\u0131 aral\u0131yor | Abdul Latif Jameel\u00ae","isPartOf":{"@id":"https:\/\/alj.com\/en\/#website"},"datePublished":"2025-01-07T12:14:20+00:00","dateModified":"2025-01-07T12:14:20+00:00","description":"D\u00fcnyan\u0131n \u00f6nde gelen yeni enerjili ara\u00e7 (\u015farj edilebilir hibrit ve elektrikli) \u00fcreticisi BYD, T\u00fcrkiye pazar\u0131ndaki b\u00fcy\u00fcmesini h\u0131zland\u0131r\u0131yor. Marka, mevcut \u00fcr\u00fcn yelpazesine d\u00f6rt yeni model daha ekleyerek T\u00fcrkiye\u2019deki \u00fcr\u00fcn yelpazesini alt\u0131 modele y\u00fckseltti. \u0130leri teknolojisi ve \u00e7evreci performans\u0131yla dikkat \u00e7eken BYD, yeni d\u00f6neminde hem t\u00fcketicilerin beklentilerini kar\u015f\u0131lamay\u0131 hem de sekt\u00f6rdeki konumunu daha da sa\u011flamla\u015ft\u0131rmay\u0131 hedefliyor.","breadcrumb":{"@id":"https:\/\/alj.com\/tr\/news\/byd-turkiye-yeni-modelleriyle-birlikte-heyecan-verici-bir-donemin-kapisini-araliyor\/#breadcrumb"},"inLanguage":"tr","potentialAction":[{"@type":"ReadAction","target":["https:\/\/alj.com\/tr\/news\/byd-turkiye-yeni-modelleriyle-birlikte-heyecan-verici-bir-donemin-kapisini-araliyor\/"]}]},{"@type":"BreadcrumbList","@id":"https:\/\/alj.com\/tr\/news\/byd-turkiye-yeni-modelleriyle-birlikte-heyecan-verici-bir-donemin-kapisini-araliyor\/#breadcrumb","itemListElement":[{"@type":"ListItem","position":1,"name":"Home","item":"https:\/\/alj.com\/tr\/"},{"@type":"ListItem","position":2,"name":"News","item":"https:\/\/alj.com\/en\/news\/"},{"@type":"ListItem","position":3,"name":"BYD T\u00fcrkiye, yeni modelleriyle birlikte heyecan verici bir d\u00f6nemin kap\u0131s\u0131n\u0131 aral\u0131yor"}]},{"@type":"WebSite","@id":"https:\/\/alj.com\/en\/#website","url":"https:\/\/alj.com\/en\/","name":"Abdul Latif Jameel","description":"Abdul Latif Jameel","potentialAction":[{"@type":"SearchAction","target":{"@type":"EntryPoint","urlTemplate":"https:\/\/alj.com\/en\/?s={search_term_string}"},"query-input":"required name=search_term_string"}],"inLanguage":"tr"}]}},"post-meta-fields":{"push_notification":["no"],"_push_notification":["field_5c3b1fb67034d"],"_wpml_word_count":["{\"total\":568,\"to_translate\":{\"ar\":568,\"zh-hans\":568,\"fr\":568,\"ja\":568,\"es\":568,\"tr\":568}}"],"_oembed_9ee41e59101f0ba1cce681ea78db400e":["<iframe title=\"Jameel Motors - BYD Tu\u0308rkiye Launch Event Nov 2024 (EN VO Subs)\" width=\"640\" height=\"360\" src=\"https:\/\/www.youtube.com\/embed\/ockS4LAx8xI?feature=oembed\" frameborder=\"0\" allow=\"accelerometer; autoplay; clipboard-write; encrypted-media; gyroscope; picture-in-picture; web-share\" referrerpolicy=\"strict-origin-when-cross-origin\" allowfullscreen><\/iframe>"],"_oembed_time_9ee41e59101f0ba1cce681ea78db400e":["1734936902"],"_oembed_e7283903d33aa1cbb7fd9a05de25e216":["<iframe title=\"Jameel Motors - BYD Tu\u0308rkiye Launch Event Nov 2024 (EN VO Subs)\" width=\"482\" height=\"271\" src=\"https:\/\/www.youtube.com\/embed\/ockS4LAx8xI?feature=oembed\" frameborder=\"0\" allow=\"accelerometer; autoplay; clipboard-write; encrypted-media; gyroscope; picture-in-picture; web-share\" referrerpolicy=\"strict-origin-when-cross-origin\" allowfullscreen><\/iframe>"],"_oembed_time_e7283903d33aa1cbb7fd9a05de25e216":["1734936903"],"news_slider_short_title":["BYD T\u00fcrkiye, yeni modelleriyle birlikte heyecan verici bir d\u00f6nemin"],"news_summary":["<p>D\u00fcnyan\u0131n \u00f6nde gelen yeni enerjili ara\u00e7 (\u015farj edilebilir hibrit ve elektrikli) \u00fcreticisi <a href=\"https:\/\/www.byd.com\/\">BYD<\/a>, T\u00fcrkiye pazar\u0131ndaki b\u00fcy\u00fcmesini h\u0131zland\u0131r\u0131yor. Marka, mevcut \u00fcr\u00fcn yelpazesine d\u00f6rt yeni model daha ekleyerek T\u00fcrkiye\u2019deki \u00fcr\u00fcn yelpazesini alt\u0131 modele y\u00fckseltti. \u0130leri teknolojisi ve \u00e7evreci performans\u0131yla dikkat \u00e7eken BYD, yeni d\u00f6neminde hem t\u00fcketicilerin beklentilerini kar\u015f\u0131lamay\u0131 hem de sekt\u00f6rdeki konumunu daha da sa\u011flamla\u015ft\u0131rmay\u0131 hedefliyor.<\/p>\n"],"news-location":["\u0130stanbul, T\u00fcrkiye"],"wpcf-featured-news":["0"],"wpcf-featured-on-news-page":["0"],"_":["field_6746fdff672ad"],"publish_mobile":[""],"_publish_mobile":["field_5bfa8eb2e65cf"],"mobile_featured_image":["https:\/\/alj.com\/app\/themes\/alj\/assets\/images\/defaultmobilethumb.jpg"],"_mobile_featured_image":["field_5c3b204983dea"],"content_series_applied":[""],"_content_series_applied":["field_60f3d3faf82ac"],"featured_on_listing_page":["0"],"_featured_on_listing_page":["field_62458ea7383c3"],"wpcf-news-downloadable_file":[""],"wpcf-video-description":[""],"wpcf-layoutvideourl":[""],"wpcf-video-thumb":[""],"wpcf-social4-svg":[""],"wpcf-social4-background-image":[""],"wpcf-social4-text":[""],"wpcf-social4-url":[""],"wpcf-social3-svg":[""],"wpcf-social3-background-image":[""],"wpcf-social3-text":[""],"wpcf-social3-url":[""],"wpcf-social-text-svg-square":[""],"wpcf-social-text-image-square":[""],"wpcf-social-text-text-square":[""],"wpcf-social-text-url-square":[""],"wpcf-social2-svg":[""],"wpcf-social2-background-image":[""],"wpcf-social2-text":[""],"wpcf-social2-url":[""],"wpcf-social-svg-square":[""],"wpcf-social-image-square":[""],"wpcf-social-text-square":[""],"wpcf-social-url-square":[""],"wpcf-social1-svg":[""],"wpcf-social1-background-image":[""],"wpcf-social1-text":[""],"wpcf-social1-url":[""],"wpcf-quotes-with-auther-text-1":[""],"wpcf-card_article_with_title_content":[""],"wpcf-card_article_content":["write your content"],"wpcf-quotes-with-auther-text":[""],"_bsf_post_type":["0"],"_bsf_item_review_type":["none"],"_wpml_media_duplicate":["1"],"_wpml_media_featured":["1"],"_yoast_wpseo_primary_newscategory":["150"],"_yoast_wpseo_title":["BYD T\u00fcrkiye, yeni modelleriyle birlikte heyecan verici bir d\u00f6nemin kap\u0131s\u0131n\u0131 aral\u0131yor | Abdul Latif Jameel\u00ae"],"_yoast_wpseo_metadesc":["D\u00fcnyan\u0131n \u00f6nde gelen yeni enerjili ara\u00e7 (\u015farj edilebilir hibrit ve elektrikli) \u00fcreticisi BYD, T\u00fcrkiye pazar\u0131ndaki b\u00fcy\u00fcmesini h\u0131zland\u0131r\u0131yor. Marka, mevcut \u00fcr\u00fcn yelpazesine d\u00f6rt yeni model daha ekleyerek T\u00fcrkiye\u2019deki \u00fcr\u00fcn yelpazesini alt\u0131 modele y\u00fckseltti. \u0130leri teknolojisi ve \u00e7evreci performans\u0131yla dikkat \u00e7eken BYD, yeni d\u00f6neminde hem t\u00fcketicilerin beklentilerini kar\u015f\u0131lamay\u0131 hem de sekt\u00f6rdeki konumunu daha da sa\u011flamla\u015ft\u0131rmay\u0131 hedefliyor."],"_yoast_wpseo_content_score":["30"],"_yoast_wpseo_estimated-reading-time-minutes":[""],"_yoast_wpseo_wordproof_timestamp":[""],"_oembed_e81308ba6d00c16a8df209d6d62a0152":["<iframe title=\"Jameel Motors - BYD Tu\u0308rkiye Launch Event Nov 2024 (EN VO Subs)\" width=\"486\" height=\"273\" src=\"https:\/\/www.youtube.com\/embed\/ockS4LAx8xI?feature=oembed\" frameborder=\"0\" allow=\"accelerometer; autoplay; clipboard-write; encrypted-media; gyroscope; picture-in-picture; web-share\" referrerpolicy=\"strict-origin-when-cross-origin\" allowfullscreen><\/iframe>"],"_oembed_time_e81308ba6d00c16a8df209d6d62a0152":["1734937229"],"wpcf-show-at-homepage-first-sec-secondary-slider":["1"],"_last_translation_edit_mode":["native-editor"],"_oembed_980b9d9991d3d37ae98344049dc15902":["<iframe title=\"\u062c\u0645\u064a\u0644 \u0644\u0644\u0633\u064a\u0627\u0631\u0627\u062a - \u062d\u0641\u0644 \u0625\u0637\u0644\u0627\u0642 \u0628\u064a \u0648\u0627\u064a \u062f\u064a \u062a\u0631\u0643\u064a\u0627 - \u0646\u0648\u0641\u0645\u0628\u0631 2024 (AR VO Subs)\" width=\"640\" height=\"360\" src=\"https:\/\/www.youtube.com\/embed\/ohEweguofUE?feature=oembed\" frameborder=\"0\" allow=\"accelerometer; autoplay; clipboard-write; encrypted-media; gyroscope; picture-in-picture; web-share\" referrerpolicy=\"strict-origin-when-cross-origin\" allowfullscreen><\/iframe>"],"_oembed_time_980b9d9991d3d37ae98344049dc15902":["1734937674"],"_oembed_1315e09faf8796c30e115b3c7d1941fe":["<iframe title=\"\u062c\u0645\u064a\u0644 \u0644\u0644\u0633\u064a\u0627\u0631\u0627\u062a - \u062d\u0641\u0644 \u0625\u0637\u0644\u0627\u0642 \u0628\u064a \u0648\u0627\u064a \u062f\u064a \u062a\u0631\u0643\u064a\u0627 - \u0646\u0648\u0641\u0645\u0628\u0631 2024 (AR VO Subs)\" width=\"486\" height=\"273\" src=\"https:\/\/www.youtube.com\/embed\/ohEweguofUE?feature=oembed\" frameborder=\"0\" allow=\"accelerometer; autoplay; clipboard-write; encrypted-media; gyroscope; picture-in-picture; web-share\" referrerpolicy=\"strict-origin-when-cross-origin\" allowfullscreen><\/iframe>"],"_oembed_time_1315e09faf8796c30e115b3c7d1941fe":["1734937940"],"_thumbnail_id":["119521"],"_edit_lock":["1736252073:18"],"_edit_last":["18"],"_oembed_b112627669be892ee31e61917922e664":["<iframe title=\"ALJ Holding - BYD Tu\u0308rkiye Launch Event Nov 2024 (EN VO\/TR Subs)\" width=\"640\" height=\"360\" src=\"https:\/\/www.youtube.com\/embed\/X9_KF4nXiFA?feature=oembed\" frameborder=\"0\" allow=\"accelerometer; autoplay; clipboard-write; encrypted-media; gyroscope; picture-in-picture; web-share\" referrerpolicy=\"strict-origin-when-cross-origin\" allowfullscreen><\/iframe>"],"_oembed_time_b112627669be892ee31e61917922e664":["1736252074"],"wpcf-projecttitle":[""],"wpcf-projectdescription":[""],"wpcf-projectimage-video1":["image"],"wpcf-projectimage-1":[""],"wpcf-projectvideo-1":[""],"wpcf-projectdescription-1":[""],"wpcf-projectimage-video2":["image"],"wpcf-projectimage-2":[""],"wpcf-projectvideo-2":[""],"wpcf-projectdescription-2":[""],"wpcf-projectimage-video3":["image"],"wpcf-projectimage-3":[""],"wpcf-projectvideo-3":[""],"wpcf-projectdescription-3":[""],"wpcf-projectimage-video4":["image"],"wpcf-projectimage-4":[""],"wpcf-projectvideo-4":[""],"wpcf-projectdescription-4":[""],"_oembed_2021afdb8914e614b48bfa60c77ba89e":["<iframe title=\"ALJ Holding - BYD Tu\u0308rkiye Launch Event Nov 2024 (EN VO\/TR Subs)\" width=\"486\" height=\"273\" src=\"https:\/\/www.youtube.com\/embed\/X9_KF4nXiFA?feature=oembed\" frameborder=\"0\" allow=\"accelerometer; autoplay; clipboard-write; encrypted-media; gyroscope; picture-in-picture; web-share\" referrerpolicy=\"strict-origin-when-cross-origin\" allowfullscreen><\/iframe>"],"_oembed_time_2021afdb8914e614b48bfa60c77ba89e":["1734938994"],"_wp_old_date":["2024-12-23"],"news_business_sector":["Ula\u015f\u0131m"],"wpcf-card-image":[""],"_wpcf-card-image-sort-order":["a:1:{i:0;i:1856750;}"],"wpcf-news-publish_date":["1736208000"]},"_links":{"self":[{"href":"https:\/\/alj.com\/tr\/wp-json\/wp\/v2\/news\/119286"}],"collection":[{"href":"https:\/\/alj.com\/tr\/wp-json\/wp\/v2\/news"}],"about":[{"href":"https:\/\/alj.com\/tr\/wp-json\/wp\/v2\/types\/news"}],"wp:featuredmedia":[{"embeddable":true,"href":"https:\/\/alj.com\/tr\/wp-json\/wp\/v2\/media\/119521"}],"wp:attachment":[{"href":"https:\/\/alj.com\/tr\/wp-json\/wp\/v2\/media?parent=119286"}],"wp:term":[{"taxonomy":"post_tag","embeddable":true,"href":"https:\/\/alj.com\/tr\/wp-json\/wp\/v2\/tags?post=119286"},{"taxonomy":"newscategory","embeddable":true,"href":"https:\/\/alj.com\/tr\/wp-json\/wp\/v2\/newscategory?post=119286"}],"curies":[{"name":"wp","href":"https:\/\/api.w.org\/{rel}","templated":true}]}}