{"id":14283,"date":"2017-11-21T06:59:11","date_gmt":"2017-11-21T06:59:11","guid":{"rendered":"http:\/\/www.alj.com\/tr\/?post_type=news&#038;p=14283"},"modified":"2020-03-02T12:07:05","modified_gmt":"2020-03-02T12:07:05","slug":"vat-gccnin-mali-gelecegini-guvence-altina-almak","status":"publish","type":"news","link":"https:\/\/alj.com\/tr\/news\/vat-gccnin-mali-gelecegini-guvence-altina-almak\/","title":{"rendered":"VAT: GCC\u2019nin mali gelece\u011fini g\u00fcvence alt\u0131na almak"},"content":{"rendered":"<p>2018 y\u0131l\u0131 h\u0131zla yakla\u015f\u0131rken K\u00f6rfez \u0130\u015fbirli\u011fi Konseyi (GCC) \u00e7ap\u0131nda i\u015fletmeler b\u00f6lgede bug\u00fcne kadar getirilmi\u015f en b\u00fcy\u00fck vergilendirme de\u011fi\u015fikli\u011fine haz\u0131rlan\u0131yor: KDV.<\/p>\n<p>GCC&#8217;nin alt\u0131 \u00fcye \u00fclkesi, Suudi Arabistan, Bahreyn, Kuveyt, Umman, Katar ve Birle\u015fik Arap Emirlikleri 2017 y\u0131l\u0131n\u0131n ba\u015flar\u0131nda KDV \u00c7er\u00e7eve Anla\u015fmas\u0131n\u0131 imzalad\u0131klar\u0131 zaman b\u00f6lgenin ekonomik geli\u015fmesinde yeni bir a\u015famay\u0131 onaylam\u0131\u015f oldular.<\/p>\n<p>KDV (Katma De\u011fer Vergisi) veya e\u015fde\u011feri, Mal ve Hizmetler Vergisi veya Genel Sat\u0131\u015f vergisi (\u00e7o\u011funlukla GST olarak k\u0131salt\u0131l\u0131r) d\u00fcnyan\u0131n ba\u015fl\u0131ca ekonomilerinde halihaz\u0131rda yayg\u0131n kullan\u0131mdad\u0131r. Bug\u00fcne kadar, Birle\u015fmi\u015f Milletlere \u00fcye 193 \u00fclkeden 153&#8217;\u00fc (%79) KDV uygulamas\u0131na ge\u00e7mi\u015ftir.<\/p>\n<p>K\u00fcresel olarak KDV oranlar\u0131 Kanada&#8217;da %5&#8217;ten Portekiz&#8217;de %25&#8217;e kadar de\u011fi\u015fiklik g\u00f6stermektedir. GCC&#8217;nin oranlar\u0131 Kanada&#8217;da uygulanan orana e\u015fit olacak ve mal ve hizmetlere %5 oran\u0131nda uygulanacakt\u0131r.<\/p>\n<p>GCC&#8217;nin kendi KDV rejimini uygulama karar\u0131, modernle\u015fmeye y\u00f6nelik \u00f6nemli bir ad\u0131m olarak g\u00f6r\u00fclmekte olup hem petrol fiyatlar\u0131ndaki istikrars\u0131zl\u0131\u011fa kar\u015f\u0131 koruyan ek devlet geliri sa\u011flayacak, hem de b\u00f6lgeyi Avrupa Birli\u011fi ve Kuzey Amerika gibi di\u011fer \u00f6nemli ekonomik bloklarla paralel hale getirecektir.<\/p>\n<p><img decoding=\"async\" loading=\"lazy\" class=\"size-medium wp-image-14243 alignleft\" src=\"https:\/\/www.alj.com\/app\/uploads\/2017\/10\/Khalid-Ali-Al-Bustani-300x226.jpg\" alt=\"\" width=\"300\" height=\"226\" srcset=\"https:\/\/media.alj.com\/app\/uploads\/2017\/10\/Khalid-Ali-Al-Bustani-300x226.jpg 300w, https:\/\/media.alj.com\/app\/uploads\/2017\/10\/Khalid-Ali-Al-Bustani-150x113.jpg 150w, https:\/\/media.alj.com\/app\/uploads\/2017\/10\/Khalid-Ali-Al-Bustani.jpg 460w\" sizes=\"(max-width: 300px) 100vw, 300px\" \/>BAE Maliye Bakanl\u0131\u011f\u0131 \u015funlar\u0131 ifade etmi\u015ftir:<\/p>\n<p><em>\u201cKDV, \u00fclkemize gelecekte de y\u00fcksek kaliteli kamu hizmetleri sa\u011flamay\u0131 s\u00fcrd\u00fcrmemize katk\u0131da bulunacak yeni bir gelir kayna\u011f\u0131 sa\u011flayacakt\u0131r. Bundan ba\u015fka, h\u00fck\u00fcmetin gelir kayna\u011f\u0131 olarak petrol ve di\u011fer hidrokarbonlara ba\u011f\u0131ml\u0131l\u0131\u011f\u0131n\u0131 azaltma vizyonuna y\u00f6nelik hareket etmesine de yard\u0131mc\u0131 olacakt\u0131r.\u201d<\/em><a href=\"#_ftn1\" name=\"_ftnref1\"><em><strong>[1]<\/strong><\/em><\/a><\/p>\n<p><strong>Katma De\u011fer Vergisi nedir?<\/strong><\/p>\n<p>KDV, hemen her mal ve hizmetin sat\u0131\u015f\u0131nda uygulanan dolayl\u0131 veya genel bir t\u00fcketim vergisidir. \u0130lk olarak 20. Y\u00fczy\u0131l\u0131n ortalar\u0131nda Fransa ve Almanya taraf\u0131ndan uygulanm\u0131\u015ft\u0131r. Bug\u00fcn, OECD, KDV&#8217;nin k\u00fcresel vergi gelirlerinin %20&#8217;sini olu\u015fturdu\u011funa inanmaktad\u0131r<a href=\"#_ftn2\" name=\"_ftnref2\">[2]<\/a>.<\/p>\n<p>GCC&#8217;de, ila\u00e7lar ve t\u0131bbi ekipman gibi baz\u0131 \u00fcr\u00fcnlerde KDV oran\u0131 s\u0131f\u0131r olacakt\u0131r. Konut kiralama gibi baz\u0131 hizmetler de KDV&#8217;den muaf olacakt\u0131r.<\/p>\n<p>Tedarik zincirinin herhangi bir k\u0131sm\u0131nda yer alan i\u015fletmeler etkin olarak KDV tahsil etmelidir. KDV sistemi, her bir i\u015fleme vergi uygulanmas\u0131yla i\u015fler. Mal ve hizmet satan i\u015fletmeler m\u00fc\u015fterilerine KDV uygular ve tahsil eder (\u2018sat\u0131\u015f vergisi&#8217; olarak bilinir); \u00f6te yandan mal ve hizmet alan i\u015fletmeler sat\u0131c\u0131 veya tedarik\u00e7ilerine KDV \u00f6derler (\u2018girdi vergisi&#8217; olarak bilinir). \u00c7o\u011fu i\u015fletme hem girdi vergisi \u00f6deyecek, hem sat\u0131\u015f vergisi tahsil edecektir. Bu i\u015flemlere ait ayr\u0131nt\u0131lar, bir i\u015fletmenin KDV iadesini olu\u015fturur; sat\u0131\u015f vergisi eksi girdi vergisi bakiyesi, vergi idarelerine bor\u00e7lu olunan genel rakam\u0131 olu\u015fturur.<\/p>\n<p><strong>Operasyonel zorluklar<\/strong><\/p>\n<p>Her ne kadar KDV&#8217;nin nihai maliyetini, tedarik zincirindeki i\u015fletmelerden ziyade son t\u00fcketici \u00fcstlense de s\u00f6z konusu i\u015fletmeler h\u00e2l\u00e2 daha tahsilat acenteleri s\u0131fat\u0131yla davran\u0131rlar. Bu, KDV&#8217;nin en \u00e7ekici y\u00f6nlerinden birisidir zira devletin \u00fczerindeki idari y\u00fck\u00fc azalt\u0131r ve <em>\u201cyanl\u0131\u015f beyan ve vergi ka\u00e7ak\u00e7\u0131l\u0131\u011f\u0131n\u0131 azalt\u0131r\u201d<\/em><a href=\"#_ftn3\" name=\"_ftnref3\">[3]<\/a>.<\/p>\n<p>Bununla birlikte, bu de\u011fi\u015fiklik ka\u00e7\u0131n\u0131lmaz olarak b\u00f6lgedeki i\u015fletmelere ilave kafa kar\u0131\u015f\u0131kl\u0131\u011f\u0131 ve operasyonel zorluklar getirecektir. Derecelendirme \u015firketi Fitch, GCC \u00fclkelerinde KDV&#8217;nin uygulamaya konulmas\u0131n\u0131n \u201c<em>\u015firketler a\u00e7\u0131s\u0131ndan riskler do\u011furaca\u011f\u0131 ve performans ve nakit ak\u0131\u015f\u0131 \u00fczerinde bask\u0131 yarataca\u011f\u0131<\/em>\u201d uyar\u0131s\u0131nda bulunmu\u015ftur<a href=\"#_ftn4\" name=\"_ftnref4\">[4]<\/a>.<\/p>\n<p>\u00d6zelde, yeni e\u011fitim ve usuller, BT sistemlerinin yeniden yap\u0131land\u0131r\u0131lmas\u0131 ile ili\u015fkili maliyetleri ve vergi tahsilat\u0131 ve aff\u0131na ili\u015fkin uyum maliyetlerini vurgulam\u0131\u015ft\u0131r.<\/p>\n<p>Buna ek olarak, tek tek GCC \u00fcyeleri aras\u0131nda s\u00f6zle\u015fmeler farkl\u0131l\u0131k g\u00f6sterebilece\u011fi i\u00e7in GCC \u00fcyeleri aras\u0131nda mal ve hizmet tedariki yapan veya serbest b\u00f6lgeler i\u00e7inde veya aras\u0131nda faaliyet g\u00f6steren \u015firketlerin ek zorluklarla kar\u015f\u0131la\u015fabilece\u011fi belirtilmi\u015ftir.<\/p>\n<p><strong>\u0130\u015f d\u00fcnyas\u0131na etkileri<\/strong><\/p>\n<p>Suudi Arabistan i\u015fletmeleri, GCC i\u00e7inde bu zorluklarla ilk olarak kar\u015f\u0131la\u015fan i\u015fletmeler olacakt\u0131r. \u00dclke, Ekselanslar\u0131 Maliye Bakan\u0131 Mohammed Al-Jadaan&#8217;\u0131n ba\u015fkanl\u0131\u011f\u0131ndaki Zekat ve Vergi Genel \u0130daresi Y\u00f6netim Kurulunun (GAZT) Eyl\u00fcl ay\u0131nda d\u00fczenlemelerin uygulanmas\u0131na ili\u015fkin onay\u0131n\u0131n ard\u0131ndan 1 Ocak 2018 tarihinden itibaren KDV uygulamas\u0131na ba\u015flayacakt\u0131r.<\/p>\n<p>Y\u0131ll\u0131k geliri, 375.000 Suudi Arabistan Riyalinin (SAR) \u00fczerinde olan t\u00fcm Suudi i\u015fletmeleri KDV tescili yapt\u0131rmal\u0131d\u0131r. Y\u0131ll\u0131k geliri, 187.500 SAR il\u00e2 375.000 SAR aras\u0131nda olan i\u015fletmeler istedikleri takdirde tescil yapt\u0131rma se\u00e7enekleri vard\u0131r. Bu i\u015f i\u00e7in d\u00fczenlenmi\u015f olan GAZT KDV web sitesi arac\u0131l\u0131\u011f\u0131yla tescil i\u015flemlerinde son tarih, 20 Aral\u0131k 2017&#8217;dir. Bu tarihe kadar tescil i\u015flemlerini yapt\u0131rmayan \u015firketler 10.000 SAR tutar\u0131nda bir para cezas\u0131 ile kar\u015f\u0131la\u015facakt\u0131r.<\/p>\n<p>\u00dclkedeki, halen GAZT vergi m\u00fckellefi olan, 250 en b\u00fcy\u00fck i\u015fletmenin KDV tescili otomatik olarak yap\u0131lmaktad\u0131r. Cirosu 1 milyonun alt\u0131nda olan k\u00fc\u00e7\u00fck i\u015fletmelerin, KDV&#8217;ye haz\u0131r olduklar\u0131ndan emin olmalar\u0131n\u0131 sa\u011flamak amac\u0131yla tescil olmak i\u00e7in bir y\u0131llar\u0131 daha vard\u0131r, ba\u015fka bir deyi\u015fle 1 Ocak 2019&#8217;a kadar s\u00fcreleri vard\u0131r.<\/p>\n<p>GAZT Ba\u015fkan\u0131, Ekselanslar\u0131 Suhail Abanmi \u015fu yorumda bulunmu\u015ftur: <em>&#8220;Her \u00f6l\u00e7ekteki i\u015fletmelerin, KDV uygulamas\u0131na haz\u0131rlanmak i\u00e7in yapacaklar\u0131 \u00e7ok \u015fey var ve GAZT bu s\u00fcre\u00e7te onlar\u0131 desteklemeye haz\u0131rd\u0131r. \u0130\u015fletmelerin KDV uygulamas\u0131n\u0131n sonu\u00e7lar\u0131n\u0131 ve haz\u0131rlanmak i\u00e7in gereken ad\u0131mlar\u0131 anlamalar\u0131n\u0131 sa\u011flamak GAZT i\u00e7in bir \u00f6nceliktir.\u201d<\/em><a href=\"#_ftn5\" name=\"_ftnref5\"><em><strong>[5]<\/strong><\/em><\/a><\/p>\n<p>KDV uyumlu olmayan \u015firketlere mali cezalar uygulanacakt\u0131r. Vergi ka\u00e7ak\u00e7\u0131l\u0131\u011f\u0131 gibi ciddi durumlarda i\u015fletmeler y\u00fczde 200 oran\u0131nda cezaya ek olarak 1 milyon SAR&#8217;a kadar para cezalar\u0131na, iki y\u0131l hapis cezas\u0131na ve di\u011fer para cezalar\u0131na \u00e7arpt\u0131r\u0131labilirler.<\/p>\n<p>Olumsuz tan\u0131n\u0131rl\u0131k tehdidinin ve i\u015fletmelerin yat\u0131r\u0131mc\u0131lar\u0131 ve m\u00fc\u015fterileri \u00fczerindeki potansiyel etkinin de KDV rejimine ge\u00e7i\u015fin m\u00fcmk\u00fcn oldu\u011fu \u00f6l\u00e7\u00fcde p\u00fcr\u00fczs\u00fcz olmas\u0131n\u0131 sa\u011flama konusundaki yayg\u0131n isteklili\u011fe katk\u0131da bulunan \u00f6nemli bir fakt\u00f6r olmas\u0131 beklenmektedir.<\/p>\n<p>KDV m\u00fckellefi olan i\u015fletmelerin, d\u00e2hil olduklar\u0131 her i\u015flemi ayr\u0131nt\u0131l\u0131 olarak belgelemeleri gerekecektir. Bundan ba\u015fka, KDV iadelerini \u00f6ng\u00f6r\u00fcld\u00fc\u011f\u00fc \u015fekilde tamamlamay\u0131 ve \u00fc\u00e7 ayda bir yap\u0131lacak KDV \u00f6demelerini ger\u00e7ekle\u015ftirmek i\u00e7in nakit ak\u0131\u015flar\u0131n\u0131 uygun bir bi\u00e7imde y\u00f6netmeyi sa\u011flamak i\u00e7in de \u00f6nlemler almalar\u0131 zorunludur.<\/p>\n<p>Uzman KDV m\u00fc\u015favirli\u011fi \u015firketi <em>VAT Consultancy<\/em> taraf\u0131ndan haz\u0131rlanan bir raporda a\u015fa\u011f\u0131dakiler dile getirilmektedir:<\/p>\n<blockquote>\n<p>\u201c<em>\u015eirketlerin, beyan ve faturalama konusunda do\u011fru bilgileri nas\u0131l elde edeceklerine ili\u015fkin bir sistem zorlu\u011fu bulunmaktad\u0131r. Belli GCC \u00fcye \u00fclkeleri, belli sekt\u00f6rlerde b\u00fcy\u00fck kurumsal i\u015flemleri ger\u00e7ekle\u015ftirme konusunda temel ara\u00e7 olarak \u00e7eklere ve ileri tarihli \u00e7eklere bel ba\u011flamaktad\u0131r. Dolay\u0131s\u0131yla da i\u015fletmelerin vergi noktas\u0131 kurallar\u0131n\u0131 ve do\u011fru KDV beyan\u0131nda bulunmak i\u00e7in bu i\u015flemlere ait muhasebenin nas\u0131l do\u011fru bir bi\u00e7imde tutulaca\u011f\u0131n\u0131 tam olarak anlamalar\u0131 gerekmektedir.<\/em>.<a href=\"#_ftn6\" name=\"_ftnref6\"><sup>[6]<\/sup><\/a>\u201d<\/p>\n<\/blockquote>\n<p><strong>Suudi Arabistan&#8217;da KDV<\/strong><\/p>\n<p>1 Ocak 2018 tarihinden itibaren, Suudi Arabistan&#8217;da t\u00fcm mal ve hizmet ithalat\u0131 ve tedariki %5 oran\u0131nda KDV&#8217;ye tabi olacakt\u0131r; bununla birlikte belli mal ve hizmetlerde bu oran s\u0131f\u0131r olacak veya bu mal ve hizmetler KDV&#8217;den muaf tutulacakt\u0131r.<\/p>\n<p>Temel muafiyetler aras\u0131nda<a href=\"#_ftn7\" name=\"_ftnref7\">[7]<\/a> a\u015fa\u011f\u0131dakiler say\u0131labilir:<\/p>\n<ul>\n<li><strong>Finansal hizmetler <\/strong>\u2013 \u0130slami finans \u00fcr\u00fcnleri d\u00e2hil olmak \u00fczere finansal hizmetler b\u00fcy\u00fck oranda KDV&#8217;den muaft\u0131r. Bankalar taraf\u0131ndan al\u0131nan \u00fccret, komisyon veya ticari indirimler KDV&#8217;ye tabi olacakt\u0131r; bununla birlikte hayat sigortas\u0131 KDV&#8217;den muafken, genel sigorta KDV&#8217;ye tabi olacakt\u0131r.<\/li>\n<li><strong>Konut<\/strong> \u2013 Konut gayri menkul kiralama veya lisanslama (oteller, konuk evleri, moteller, hizmet verilen daireler veya di\u011fer ge\u00e7ici konaklama hari\u00e7) KDV&#8217;den muaft\u0131r.<\/li>\n<li><strong>T\u0131bbi \u00fcr\u00fcnler<\/strong> \u2013 Ki\u015fisel kullan\u0131m i\u00e7in da\u011f\u0131t\u0131ld\u0131\u011f\u0131 zaman Sa\u011fl\u0131k Bakanl\u0131\u011f\u0131 taraf\u0131ndan onaylanan uygun ila\u00e7lar veya Suudi G\u0131da ve \u0130la\u00e7 \u0130daresi (SFDA) taraf\u0131ndan ruhsatlanan t\u0131bbi mallarda oran s\u0131f\u0131rd\u0131r.<\/li>\n<li><strong>Devlet daireleri<\/strong> \u2013 \u00f6zel sekt\u00f6rler rekabet halinde mal ve hizmet tedarik etmedik\u00e7e devlet dairelerinin KDV tescili yapt\u0131rmas\u0131 ko\u015fulu yoktur.<\/li>\n<\/ul>\n<p>Baz\u0131 sekt\u00f6rlerin yeni vergiden di\u011ferlerine k\u0131yasla daha fazla etkilenmesi \u00f6ng\u00f6r\u00fclmektedir. <em>Euromonitor International<\/em><a href=\"#_ftn8\" name=\"_ftnref8\">[8]<\/a> ara\u015ft\u0131rma m\u00fc\u015favirlik \u015firketine g\u00f6re b\u00f6lgede perakendecilerin yararland\u0131\u011f\u0131 geni\u015f marjlar\u0131n fiyatlar\u0131 y\u00fckseltmeden sat\u0131\u015f gelirlerini korumak suretiyle ekstra maliyetleri kar\u015f\u0131lamalar\u0131na izin vermesi beklenmektedir.<\/p>\n<p>Buna kar\u015f\u0131n, s\u00f6z gelimi fiyata son derece duyarl\u0131 olan t\u00fcketici cihazlar\u0131 sekt\u00f6r\u00fc daha olumsuz etkilenebilir; zira perakendecilerin KDV maliyetini ne kadar kar\u015f\u0131layabilecekleri konusunda s\u0131n\u0131rlar\u0131 vard\u0131r.<\/p>\n<p><strong>\u00a0<\/strong><strong>VAT uygulamas\u0131na haz\u0131rl\u0131k<\/strong><\/p>\n<p>2018 y\u0131l\u0131ndan \u00f6nce t\u00fcm gerekli sistemlerin haz\u0131r olmas\u0131n\u0131 sa\u011flamak i\u00e7in dikkatli ve titiz planlama gerekmektedir, aksi halde i\u015fletmeler normalde ka\u00e7\u0131n\u0131labilecek bir karma\u015fa ile kar\u015f\u0131 kar\u015f\u0131ya kalabilir.<img decoding=\"async\" loading=\"lazy\" class=\"size-medium wp-image-14244 alignright\" src=\"https:\/\/www.alj.com\/app\/uploads\/2017\/10\/General-Authority-of-Zakat-and-Tax-300x300.jpg\" alt=\"\" width=\"300\" height=\"300\" srcset=\"https:\/\/media.alj.com\/app\/uploads\/2017\/10\/General-Authority-of-Zakat-and-Tax-300x300.jpg 300w, https:\/\/media.alj.com\/app\/uploads\/2017\/10\/General-Authority-of-Zakat-and-Tax-150x150.jpg 150w, https:\/\/media.alj.com\/app\/uploads\/2017\/10\/General-Authority-of-Zakat-and-Tax-200x200.jpg 200w, https:\/\/media.alj.com\/app\/uploads\/2017\/10\/General-Authority-of-Zakat-and-Tax-170x170.jpg 170w, https:\/\/media.alj.com\/app\/uploads\/2017\/10\/General-Authority-of-Zakat-and-Tax-70x70.jpg 70w, https:\/\/media.alj.com\/app\/uploads\/2017\/10\/General-Authority-of-Zakat-and-Tax-271x271.jpg 271w, https:\/\/media.alj.com\/app\/uploads\/2017\/10\/General-Authority-of-Zakat-and-Tax.jpg 375w\" sizes=\"(max-width: 300px) 100vw, 300px\" \/><\/p>\n<p>Temel d\u00fczeyde, KDV iadelerinin tamamlanmas\u0131n\u0131 sa\u011flamak i\u00e7in yeni fatura ve beyanlar tasarlamalar\u0131 gerekecektir. Bununla birlikte, \u00e7\u00f6z\u00fcmlenmesi gereken \u00e7ok daha karma\u015f\u0131k sorunlar bulunmaktad\u0131r. Malezya, KDV uygulamas\u0131na Nisan 2015&#8217;te ge\u00e7mi\u015ftir. \u0130\u015fletmeleri, halen GCC&#8217;de faaliyet g\u00f6stermekte olan i\u015fletmelerle ayn\u0131 zorluklarla kar\u015f\u0131la\u015fm\u0131\u015ft\u0131r ve deneyimleri Ortado\u011fu&#8217;daki \u015firketler i\u00e7in en yak\u0131n d\u00f6nem k\u0131lavuzlu\u011fu sa\u011flamaktad\u0131r.<\/p>\n<p>Suudi Arabistan ve GCC&#8217;deki i\u015fletmelerin dikkate almalar\u0131 gereken baz\u0131 kilit sorular aras\u0131nda a\u015fa\u011f\u0131dakiler say\u0131labilir:<\/p>\n<ul>\n<li>KDV i\u015flemleri i\u00e7in mevcut BT sistemlerinin y\u00fckseltilmesi veya de\u011fi\u015fiklik yap\u0131lmas\u0131 gerekiyor mu?<\/li>\n<li>KDV ge\u00e7i\u015fini y\u00f6netmek i\u00e7in harici bir \u015firketle anla\u015fmak m\u0131 daha iyi yoksa \u015firket i\u00e7inde yeterli kaynak ve uzmanl\u0131k var m\u0131?<\/li>\n<li>\u0130\u015fletme, KDV uygulamas\u0131ndan \u00f6t\u00fcr\u00fc herhangi bir olumsuz etki ile kar\u015f\u0131la\u015facak m\u0131?<\/li>\n<li>Yeni vergi rejimi g\u00f6z \u00f6n\u00fcne al\u0131nd\u0131\u011f\u0131nda herhangi bir uzun vadeli kontrat\u0131n yeniden m\u00fczakere edilmesi gerekiyor mu?<a href=\"#_ftn9\" name=\"_ftnref9\">[9]<\/a><\/li>\n<\/ul>\n<p>\u0130\u015fletmeler, yaln\u0131zca h\u0131zl\u0131 ve kararl\u0131 davranmalar\u0131 durumunda kar\u015f\u0131la\u015facaklar\u0131 her bir zorlu\u011fun \u00fcstesinden gelmek i\u00e7in kendilerine zaman kazand\u0131rabilirler. Bu yerine getirmeleri gereken bir sorumluluktur: Suudi Arabistan ve GCC&#8217;de KDV uygulamas\u0131 ekonomik modernle\u015fme konusunda \u00f6nemli bir ad\u0131m olup \u00fclkenin <em>Vizyon 2030<\/em> hedeflerini ilerletecek ve hayati kamu hizmetlerinin finansman\u0131 i\u00e7in de\u011ferli bir gelir sa\u011flayacakt\u0131r.<\/p>\n<p>K\u0131sa vadede ka\u00e7\u0131n\u0131lmaz olarak biraz kar\u0131\u015f\u0131kl\u0131\u011fa neden olacakt\u0131r ama ileriye bak\u0131ld\u0131\u011f\u0131nda b\u00f6lgenin gelecekteki refah\u0131n\u0131n daha \u00f6nce hi\u00e7 olmad\u0131\u011f\u0131 kadar g\u00fcvende g\u00f6r\u00fcnd\u00fc\u011f\u00fcn\u00fcn g\u00f6stergesidir.<\/p>\n<p><a href=\"#_ftnref1\" name=\"_ftn1\">[1]<\/a> Bkz.  eri\u015fim, Eyl\u00fcl 2017.<\/p>\n<p><a href=\"#_ftnref2\" name=\"_ftn2\">[2]<\/a> <a href=\"https:\/\/www.oecd.org\/mena\/competitiveness\/45573808.pdf\">GCC&#8217;de KDV: Facts and Lessons<\/a>, Dr Tarek Ghalwash, OECD; eri\u015fim, Eyl\u00fcl 2017<\/p>\n<p><a href=\"#_ftnref3\" name=\"_ftn3\">[3]<\/a> VAT, United Arab Emirates Ministry of Finance; eri\u015fim, Eyl\u00fcl 2017<\/p>\n<p><a href=\"#_ftnref4\" name=\"_ftn4\">[4]<\/a> <a href=\"https:\/\/www.fitchratings.com\/site\/pr\/1019072\">Fitch: GCC Corporates Face Multiple VAT Challenges<\/a>, 16 \u015eubat 2017.<\/p>\n<p><a href=\"#_ftnref5\" name=\"_ftn5\">[5]<\/a> <a href=\"https:\/\/www.gazt.gov.sa\">https:\/\/www.gazt.gov.sa<\/a><\/p>\n<p><a href=\"#_ftnref6\" name=\"_ftn6\">[6]<\/a> <a href=\"https:\/\/thevatconsultancy.com\/services\/\">VAT in the Gulf region (GCC)<\/a>, The VAT Consultancy, 1 Nisan 2017<\/p>\n<p><a href=\"#_ftnref7\" name=\"_ftn7\">[7]<\/a> Muafiyetler konusunda tam ayr\u0131nt\u0131lar i\u00e7in l\u00fctfen vergi m\u00fc\u015favirinize dan\u0131\u015f\u0131n.<\/p>\n<p><a href=\"#_ftnref8\" name=\"_ftn8\">[8]<\/a> <a href=\"http:\/\/blog.euromonitor.com\/2016\/11\/impact-2018-value-added-tax-food-drinks-industry-investments-uae-saudi-arabia.html\">The Impact of the 2018 Value Added Tax (VAT) on the Food and Drinks Industry in UAE and Saudi Arabia<\/a>, Euromonitor International, Kas\u0131m 2016.<\/p>\n<p><a href=\"#_ftnref9\" name=\"_ftn9\">[9]<\/a> <a href=\"https:\/\/www.pwc.com\/m1\/en\/tax\/documents\/what-is-vat-faq-on-vat-in-the-gcc.pdf\">An introduction to Value Added Tax in the GCC<\/a>, PWC, Ocak 2017<\/p>\n","protected":false},"featured_media":14245,"template":"","tags":[],"newscategory":[150],"acf":[],"yoast_head":"<!-- This site is optimized with the Yoast SEO plugin v21.5 - https:\/\/yoast.com\/wordpress\/plugins\/seo\/ -->\n<title>KDV: GCC&#039;nin Finansal Gelece\u011finin G\u00fcvenli\u011fini Sa\u011flamak | Abdul Latif Jameel\u00ae<\/title>\n<meta name=\"description\" content=\"Bu makale, GCC\u2019de KDV\u2019nin uygulanmas\u0131 ve KDV\u2019nin finans sekt\u00f6r\u00fcn\u00fc nas\u0131l etkileyece\u011fi ve bununla ilgili zorluklar\u0131n neler oldu\u011fu hakk\u0131nda daha iyi bir anlay\u0131\u015f sunmay\u0131 ama\u00e7lamaktad\u0131r.\" \/>\n<meta name=\"robots\" content=\"index, follow, max-snippet:-1, max-image-preview:large, max-video-preview:-1\" \/>\n<link rel=\"canonical\" href=\"https:\/\/alj.com\/tr\/news\/vat-gccnin-mali-gelecegini-guvence-altina-almak\/\" \/>\n<meta property=\"og:locale\" content=\"tr_TR\" \/>\n<meta property=\"og:type\" content=\"article\" \/>\n<meta property=\"og:title\" content=\"KDV: GCC&#039;nin Finansal Gelece\u011finin G\u00fcvenli\u011fini Sa\u011flamak | Abdul Latif Jameel\u00ae\" \/>\n<meta property=\"og:description\" content=\"Bu makale, GCC\u2019de KDV\u2019nin uygulanmas\u0131 ve KDV\u2019nin finans sekt\u00f6r\u00fcn\u00fc nas\u0131l etkileyece\u011fi ve bununla ilgili zorluklar\u0131n neler oldu\u011fu hakk\u0131nda daha iyi bir anlay\u0131\u015f sunmay\u0131 ama\u00e7lamaktad\u0131r.\" \/>\n<meta property=\"og:url\" content=\"https:\/\/alj.com\/tr\/news\/vat-gccnin-mali-gelecegini-guvence-altina-almak\/\" \/>\n<meta property=\"og:site_name\" content=\"Abdul Latif Jameel\" \/>\n<meta property=\"article:publisher\" content=\"https:\/\/www.facebook.com\/Abdul.Latif.Jameel.Official\" \/>\n<meta property=\"article:modified_time\" content=\"2020-03-02T12:07:05+00:00\" \/>\n<meta property=\"og:image\" content=\"https:\/\/media.alj.com\/app\/uploads\/2017\/10\/shutterstock_259510778-1024x632.jpg\" \/>\n\t<meta property=\"og:image:width\" content=\"1024\" \/>\n\t<meta property=\"og:image:height\" content=\"632\" \/>\n\t<meta property=\"og:image:type\" content=\"image\/jpeg\" \/>\n<meta name=\"twitter:card\" content=\"summary_large_image\" \/>\n<meta name=\"twitter:label1\" content=\"Est. reading time\" \/>\n\t<meta name=\"twitter:data1\" content=\"9 minutes\" \/>\n<script type=\"application\/ld+json\" class=\"yoast-schema-graph\">{\"@context\":\"https:\/\/schema.org\",\"@graph\":[{\"@type\":\"WebPage\",\"@id\":\"https:\/\/alj.com\/tr\/news\/vat-gccnin-mali-gelecegini-guvence-altina-almak\/\",\"url\":\"https:\/\/alj.com\/tr\/news\/vat-gccnin-mali-gelecegini-guvence-altina-almak\/\",\"name\":\"KDV: GCC'nin Finansal Gelece\u011finin G\u00fcvenli\u011fini Sa\u011flamak | Abdul Latif Jameel\u00ae\",\"isPartOf\":{\"@id\":\"https:\/\/alj.com\/en\/#website\"},\"datePublished\":\"2017-11-21T06:59:11+00:00\",\"dateModified\":\"2020-03-02T12:07:05+00:00\",\"description\":\"Bu makale, GCC\u2019de KDV\u2019nin uygulanmas\u0131 ve KDV\u2019nin finans sekt\u00f6r\u00fcn\u00fc nas\u0131l etkileyece\u011fi ve bununla ilgili zorluklar\u0131n neler oldu\u011fu hakk\u0131nda daha iyi bir anlay\u0131\u015f sunmay\u0131 ama\u00e7lamaktad\u0131r.\",\"breadcrumb\":{\"@id\":\"https:\/\/alj.com\/tr\/news\/vat-gccnin-mali-gelecegini-guvence-altina-almak\/#breadcrumb\"},\"inLanguage\":\"tr\",\"potentialAction\":[{\"@type\":\"ReadAction\",\"target\":[\"https:\/\/alj.com\/tr\/news\/vat-gccnin-mali-gelecegini-guvence-altina-almak\/\"]}]},{\"@type\":\"BreadcrumbList\",\"@id\":\"https:\/\/alj.com\/tr\/news\/vat-gccnin-mali-gelecegini-guvence-altina-almak\/#breadcrumb\",\"itemListElement\":[{\"@type\":\"ListItem\",\"position\":1,\"name\":\"Home\",\"item\":\"https:\/\/alj.com\/tr\/\"},{\"@type\":\"ListItem\",\"position\":2,\"name\":\"News\",\"item\":\"https:\/\/alj.com\/en\/news\/\"},{\"@type\":\"ListItem\",\"position\":3,\"name\":\"VAT: GCC\u2019nin mali gelece\u011fini g\u00fcvence alt\u0131na almak\"}]},{\"@type\":\"WebSite\",\"@id\":\"https:\/\/alj.com\/en\/#website\",\"url\":\"https:\/\/alj.com\/en\/\",\"name\":\"Abdul Latif Jameel\",\"description\":\"Abdul Latif Jameel\",\"potentialAction\":[{\"@type\":\"SearchAction\",\"target\":{\"@type\":\"EntryPoint\",\"urlTemplate\":\"https:\/\/alj.com\/en\/?s={search_term_string}\"},\"query-input\":\"required name=search_term_string\"}],\"inLanguage\":\"tr\"}]}<\/script>\n<!-- \/ Yoast SEO plugin. -->","yoast_head_json":{"title":"KDV: GCC'nin Finansal Gelece\u011finin G\u00fcvenli\u011fini Sa\u011flamak | Abdul Latif Jameel\u00ae","description":"Bu makale, GCC\u2019de KDV\u2019nin uygulanmas\u0131 ve KDV\u2019nin finans sekt\u00f6r\u00fcn\u00fc nas\u0131l etkileyece\u011fi ve bununla ilgili zorluklar\u0131n neler oldu\u011fu hakk\u0131nda daha iyi bir anlay\u0131\u015f sunmay\u0131 ama\u00e7lamaktad\u0131r.","robots":{"index":"index","follow":"follow","max-snippet":"max-snippet:-1","max-image-preview":"max-image-preview:large","max-video-preview":"max-video-preview:-1"},"canonical":"https:\/\/alj.com\/tr\/news\/vat-gccnin-mali-gelecegini-guvence-altina-almak\/","og_locale":"tr_TR","og_type":"article","og_title":"KDV: GCC'nin Finansal Gelece\u011finin G\u00fcvenli\u011fini Sa\u011flamak | Abdul Latif Jameel\u00ae","og_description":"Bu makale, GCC\u2019de KDV\u2019nin uygulanmas\u0131 ve KDV\u2019nin finans sekt\u00f6r\u00fcn\u00fc nas\u0131l etkileyece\u011fi ve bununla ilgili zorluklar\u0131n neler oldu\u011fu hakk\u0131nda daha iyi bir anlay\u0131\u015f sunmay\u0131 ama\u00e7lamaktad\u0131r.","og_url":"https:\/\/alj.com\/tr\/news\/vat-gccnin-mali-gelecegini-guvence-altina-almak\/","og_site_name":"Abdul Latif Jameel","article_publisher":"https:\/\/www.facebook.com\/Abdul.Latif.Jameel.Official","article_modified_time":"2020-03-02T12:07:05+00:00","og_image":[{"width":1024,"height":632,"url":"https:\/\/media.alj.com\/app\/uploads\/2017\/10\/shutterstock_259510778-1024x632.jpg","type":"image\/jpeg"}],"twitter_card":"summary_large_image","twitter_misc":{"Est. reading time":"9 minutes"},"schema":{"@context":"https:\/\/schema.org","@graph":[{"@type":"WebPage","@id":"https:\/\/alj.com\/tr\/news\/vat-gccnin-mali-gelecegini-guvence-altina-almak\/","url":"https:\/\/alj.com\/tr\/news\/vat-gccnin-mali-gelecegini-guvence-altina-almak\/","name":"KDV: GCC'nin Finansal Gelece\u011finin G\u00fcvenli\u011fini Sa\u011flamak | Abdul Latif Jameel\u00ae","isPartOf":{"@id":"https:\/\/alj.com\/en\/#website"},"datePublished":"2017-11-21T06:59:11+00:00","dateModified":"2020-03-02T12:07:05+00:00","description":"Bu makale, GCC\u2019de KDV\u2019nin uygulanmas\u0131 ve KDV\u2019nin finans sekt\u00f6r\u00fcn\u00fc nas\u0131l etkileyece\u011fi ve bununla ilgili zorluklar\u0131n neler oldu\u011fu hakk\u0131nda daha iyi bir anlay\u0131\u015f sunmay\u0131 ama\u00e7lamaktad\u0131r.","breadcrumb":{"@id":"https:\/\/alj.com\/tr\/news\/vat-gccnin-mali-gelecegini-guvence-altina-almak\/#breadcrumb"},"inLanguage":"tr","potentialAction":[{"@type":"ReadAction","target":["https:\/\/alj.com\/tr\/news\/vat-gccnin-mali-gelecegini-guvence-altina-almak\/"]}]},{"@type":"BreadcrumbList","@id":"https:\/\/alj.com\/tr\/news\/vat-gccnin-mali-gelecegini-guvence-altina-almak\/#breadcrumb","itemListElement":[{"@type":"ListItem","position":1,"name":"Home","item":"https:\/\/alj.com\/tr\/"},{"@type":"ListItem","position":2,"name":"News","item":"https:\/\/alj.com\/en\/news\/"},{"@type":"ListItem","position":3,"name":"VAT: GCC\u2019nin mali gelece\u011fini g\u00fcvence alt\u0131na almak"}]},{"@type":"WebSite","@id":"https:\/\/alj.com\/en\/#website","url":"https:\/\/alj.com\/en\/","name":"Abdul Latif Jameel","description":"Abdul Latif Jameel","potentialAction":[{"@type":"SearchAction","target":{"@type":"EntryPoint","urlTemplate":"https:\/\/alj.com\/en\/?s={search_term_string}"},"query-input":"required name=search_term_string"}],"inLanguage":"tr"}]}},"post-meta-fields":{"_alp_processed":["1509360837"],"news_slider_short_title":["VAT: GCC'nin mali gelece\u011fini g\u00fcvence alt\u0131na almak"],"news_summary":["<p>2018 y\u0131l\u0131 h\u0131zla yakla\u015f\u0131rken K\u00f6rfez \u0130\u015fbirli\u011fi Konseyi (GCC) \u00e7ap\u0131nda i\u015fletmeler b\u00f6lgede bug\u00fcne kadar getirilmi\u015f en b\u00fcy\u00fck vergilendirme de\u011fi\u015fikli\u011fine haz\u0131rlan\u0131yor: KDV.<\/p>\n"],"news-location":["Cidde, Suudi Arabistan"],"wpcf-featured-news":["0"],"_yoast_wpseo_content_score":["30"],"_thumbnail_id":["14245"],"_yoast_wpseo_title":["KDV: GCC'nin Finansal Gelece\u011finin G\u00fcvenli\u011fini Sa\u011flamak | Abdul Latif Jameel\u00ae"],"_yoast_wpseo_metadesc":["Bu makale, GCC\u2019de KDV\u2019nin uygulanmas\u0131 ve KDV\u2019nin finans sekt\u00f6r\u00fcn\u00fc nas\u0131l etkileyece\u011fi ve bununla ilgili zorluklar\u0131n neler oldu\u011fu hakk\u0131nda daha iyi bir anlay\u0131\u015f sunmay\u0131 ama\u00e7lamaktad\u0131r."],"_wpml_media_duplicate":["1"],"_wp_attachment_metadata":[""],"post_views_count_2019Sep":["44"],"post_views_count_2019Oct":["30"],"post_views_count_2019Nov":["25"],"push_notification":["no"],"_push_notification":["field_5c3b1fb67034d"],"publish_mobile":[""],"_publish_mobile":["field_5bfa8eb2e65cf"],"mobile_featured_image":["https:\/\/alj.com\/app\/themes\/alj\/assets\/images\/defaultmobilethumb.jpg"],"_mobile_featured_image":["field_5c3b204983dea"],"_yoast_wpseo_primary_newscategory":[""],"_wpcf-card-image-sort-order":["a:1:{i:0;i:663645;}"],"_last_translation_edit_mode":["native-editor"],"post_views_count_2019Dec":["24"],"post_views_count_2020Jan":["25"],"post_views_count_2020Feb":["15"],"post_views_count_2020Mar":["26"],"news_business_sector":["\u015eirket"],"wpcf-wpcf-at-a-glance-or-perspective":["1"],"wpcf-show-at-homepage-first-sec-secondary-slider":["2"],"wpcf-card-image":[""],"wpcf-news-publish_date":["1510963200"],"post_views_count_2020Apr":["30","30"],"post_views_count_2020May":["27"],"post_views_count_2020Jun":["29"],"post_views_count_2020Jul":["28"],"post_views_count_2020Aug":["19"],"post_views_count_2020Sep":["16"],"post_views_count_2020Oct":["20"],"post_views_count_2020Nov":["20"],"post_views_count_2020Dec":["17"],"post_views_count_2021Jan":["17"],"post_views_count_2021Feb":["14"],"post_views_count_2021Mar":["22"],"post_views_count_2021Apr":["14"],"post_views_count_2021May":["12"],"post_views_count_2021Jun":["2"],"post_views_count_2021Jul":["7"],"post_views_total_count":["7"],"_edit_lock":["1645604767:19"]},"_links":{"self":[{"href":"https:\/\/alj.com\/tr\/wp-json\/wp\/v2\/news\/14283"}],"collection":[{"href":"https:\/\/alj.com\/tr\/wp-json\/wp\/v2\/news"}],"about":[{"href":"https:\/\/alj.com\/tr\/wp-json\/wp\/v2\/types\/news"}],"wp:featuredmedia":[{"embeddable":true,"href":"https:\/\/alj.com\/tr\/wp-json\/wp\/v2\/media\/14245"}],"wp:attachment":[{"href":"https:\/\/alj.com\/tr\/wp-json\/wp\/v2\/media?parent=14283"}],"wp:term":[{"taxonomy":"post_tag","embeddable":true,"href":"https:\/\/alj.com\/tr\/wp-json\/wp\/v2\/tags?post=14283"},{"taxonomy":"newscategory","embeddable":true,"href":"https:\/\/alj.com\/tr\/wp-json\/wp\/v2\/newscategory?post=14283"}],"curies":[{"name":"wp","href":"https:\/\/api.w.org\/{rel}","templated":true}]}}