{"id":15757,"date":"2018-04-29T04:52:56","date_gmt":"2018-04-29T04:52:56","guid":{"rendered":"https:\/\/www.alj.com\/tr\/news\/abdul-latif-jameel-receives-two-toyota-awards-excellence-sales-marketing-customer-service-global-event-japan\/"},"modified":"2020-01-06T11:17:58","modified_gmt":"2020-01-06T11:17:58","slug":"abdul-latif-jameel-receives-two-toyota-awards-excellence-sales-marketing-customer-service-global-event-japan","status":"publish","type":"news","link":"https:\/\/alj.com\/tr\/news\/abdul-latif-jameel-receives-two-toyota-awards-excellence-sales-marketing-customer-service-global-event-japan\/","title":{"rendered":"Abdul Latif Jameel, Japonya&#8217;daki global etkinlikte sat\u0131\u015f ve pazarlama ve m\u00fc\u015fteri hizmetlerinde m\u00fckemmellik i\u00e7in iki Toyota \u00f6d\u00fcl\u00fcne lay\u0131k g\u00f6r\u00fcld\u00fc"},"content":{"rendered":"<ul>\n<li>Abdul Latif Jameel, Toyota Motor Corporation&#8217;dan iki \u00f6d\u00fcl ald\u0131<\/li>\n<li>Art arda sekizinci y\u0131l Abdul Latif Jameel Toyota Motor Corporation taraf\u0131ndan \u00fcst d\u00fczey hizmete olan ba\u011fl\u0131l\u0131\u011f\u0131 i\u00e7in takdir edildi<\/li>\n<\/ul>\n<p>Abdul Latif Jameel Motors, Toyota Motor Corporation taraf\u0131ndan iki prestijli global \u00f6d\u00fcl kazanarak, art arda sekizinci y\u0131l Toyota&#8217;n\u0131n Suudi Arabistan yetkili distrib\u00fct\u00f6r\u00fc olarak elde etti\u011fi ba\u015far\u0131lar nedeniyle takdir edildi.<\/p>\n<p>Suudi Arabistan&#8217;da Toyota ile 60 y\u0131l\u0131 a\u015fk\u0131n ortakl\u0131\u011f\u0131 bulunan Abdul Latif Jameel Motors, &#8216;Sat\u0131\u015f ve Pazarlamada M\u00fckemmeliyet \u00d6d\u00fcl\u00fc&#8217; ve 2010 y\u0131l\u0131ndan beri her y\u0131l ald\u0131\u011f\u0131 &#8216;Alt\u0131n \u00d6d\u00fcl&#8217; olarak da bilinen &#8216;\u00dcst\u00fcn M\u00fc\u015fteri Hizmet M\u00fckemmeliyeti \u00d6d\u00fcl\u00fc&#8217; ald\u0131.<\/p>\n<p>Abdul Latif Jameel&#8217;in Ba\u015fkan Vekili ve Ba\u015fkan Yard\u0131mc\u0131s\u0131 <a href=\"https:\/\/www.alj.com\/en\/our-people\/hassan-jameel\/\">Hassan Jameel<\/a>, \u00f6d\u00fcl\u00fc Tokyo, Japonya&#8217;daki Toyota Motor Corporation merkezinde d\u00fczenlenen bir etkinlik s\u0131ras\u0131nda ald\u0131. \u00d6d\u00fcller Toyota Motor Corporation&#8217;\u0131n K\u0131demli Genel M\u00fcd\u00fcr\u00fc Nobuhiko Murakami taraf\u0131ndan verildi.<\/p>\n<p>\u00d6d\u00fcller hakk\u0131nda yorum yapan <a href=\"https:\/\/www.alj.com\/en\/our-people\/hassan-jameel\/\">Hassan Jameel<\/a>, \u201cAbdul Latif Jameel Motors&#8217;un t\u00fcm \u00e7al\u0131\u015fanlar\u0131, bu Toyota Motor Corporation \u00f6d\u00fclleriyle onurland\u0131r\u0131lmaktan mutluluk duyuyor. Bu \u00f6d\u00fcller, \u00e7al\u0131\u015fanlar\u0131m\u0131z\u0131n \u00f6zverisinin ve s\u0131n\u0131f\u0131nda en iyi hizmeti sunma ve misafirlerimizi \u00f6ncelik verme konular\u0131ndaki kararl\u0131 ba\u011fl\u0131l\u0131klar\u0131n\u0131n kan\u0131t\u0131d\u0131r.<\/p>\n<p>\u201cHer zaman, en \u00f6nemli prensibimiz olan misafirlerimiz ve onlara sundu\u011fumuz hizmet en b\u00fcy\u00fck \u00f6nceli\u011fimizdir ilkesi do\u011frultusunda kendimizi geli\u015ftirmenin yollar\u0131n\u0131 ar\u0131yoruz. Toyota Motor Corporation&#8217;\u0131n bu \u00f6d\u00fclleri, elde etti\u011fimiz ba\u015far\u0131lar\u0131n takdir edilmesi ve Abdul Latif Jameel Motors&#8217;un \u00fcr\u00fcnlerini geli\u015ftirmeye devam etmek i\u00e7in bir motivasyondur.\u201d<\/p>\n<p>Abdul Latif Jameel Motors, Suudi Arabistan&#8217;da \u00fcst\u00fcn bir otomotiv deneyimi sunmaya ve otomotive m\u00fclkiyeti ve sat\u0131\u015f sonras\u0131 hizmetlerinde standartlar\u0131 belirlemeye adanm\u0131\u015ft\u0131r. 2016 y\u0131l\u0131nda Suudi Arabistan&#8217;\u0131n Riyad \u015fehrinde d\u00fcnyan\u0131n en b\u00fcy\u00fck Lexus Merkezini a\u00e7t\u0131 ve yak\u0131n ge\u00e7mi\u015fte Suudi Arabistan&#8217;a yat\u0131r\u0131m yapma ve &#8216;\u00f6nce misafir&#8217; taahh\u00fcd\u00fcn\u00fcn bir par\u00e7as\u0131 olarak Hufof&#8217;da teknoloji harikas\u0131 yeni bir Toyota ve Lexus tesisinin a\u00e7\u0131laca\u011f\u0131n\u0131 duyurdu.<\/p>\n","protected":false},"featured_media":15000,"template":"","tags":[],"newscategory":[150],"acf":[],"yoast_head":"<!-- This site is optimized with the Yoast SEO plugin v21.5 - https:\/\/yoast.com\/wordpress\/plugins\/seo\/ -->\n<title>\u0130ki Toyota M\u00fckemmellik \u00d6d\u00fcl\u00fc Kazan\u0131ld\u0131 | Abdul Latif Jameel\u00ae<\/title>\n<meta name=\"description\" content=\"Abdul Latif Jameel Motors, ard\u0131 ard\u0131na ba\u015far\u0131lar ile ge\u00e7en sekizinci y\u0131l\u0131n\u0131 kutlarken Toyota Motor A\u015e. taraf\u0131ndan iki k\u00fcresel \u00f6d\u00fcle lay\u0131k g\u00f6r\u00fclm\u00fc\u015ft\u00fcr.\" \/>\n<meta name=\"robots\" content=\"index, follow, max-snippet:-1, max-image-preview:large, max-video-preview:-1\" \/>\n<link rel=\"canonical\" href=\"https:\/\/alj.com\/tr\/news\/abdul-latif-jameel-receives-two-toyota-awards-excellence-sales-marketing-customer-service-global-event-japan\/\" \/>\n<meta property=\"og:locale\" content=\"tr_TR\" \/>\n<meta property=\"og:type\" content=\"article\" \/>\n<meta property=\"og:title\" content=\"\u0130ki Toyota M\u00fckemmellik \u00d6d\u00fcl\u00fc Kazan\u0131ld\u0131 | Abdul Latif Jameel\u00ae\" \/>\n<meta property=\"og:description\" content=\"Abdul Latif Jameel Motors, ard\u0131 ard\u0131na ba\u015far\u0131lar ile ge\u00e7en sekizinci y\u0131l\u0131n\u0131 kutlarken Toyota Motor A\u015e. taraf\u0131ndan iki k\u00fcresel \u00f6d\u00fcle lay\u0131k g\u00f6r\u00fclm\u00fc\u015ft\u00fcr.\" \/>\n<meta property=\"og:url\" content=\"https:\/\/alj.com\/tr\/news\/abdul-latif-jameel-receives-two-toyota-awards-excellence-sales-marketing-customer-service-global-event-japan\/\" \/>\n<meta property=\"og:site_name\" content=\"Abdul Latif Jameel\" \/>\n<meta property=\"article:publisher\" content=\"https:\/\/www.facebook.com\/Abdul.Latif.Jameel.Official\" \/>\n<meta property=\"article:modified_time\" content=\"2020-01-06T11:17:58+00:00\" \/>\n<meta property=\"og:image\" content=\"https:\/\/media.alj.com\/app\/uploads\/2018\/04\/Abdul-Latif-Jameel-recognized-by-Toyota-Motor-Corporation-with-two-globa....jpg\" \/>\n\t<meta property=\"og:image:width\" content=\"2000\" \/>\n\t<meta property=\"og:image:height\" content=\"1333\" \/>\n\t<meta property=\"og:image:type\" content=\"image\/jpeg\" \/>\n<meta name=\"twitter:card\" content=\"summary_large_image\" \/>\n<meta name=\"twitter:label1\" content=\"Est. reading time\" \/>\n\t<meta name=\"twitter:data1\" content=\"2 minutes\" \/>\n<script type=\"application\/ld+json\" class=\"yoast-schema-graph\">{\"@context\":\"https:\/\/schema.org\",\"@graph\":[{\"@type\":\"WebPage\",\"@id\":\"https:\/\/alj.com\/tr\/news\/abdul-latif-jameel-receives-two-toyota-awards-excellence-sales-marketing-customer-service-global-event-japan\/\",\"url\":\"https:\/\/alj.com\/tr\/news\/abdul-latif-jameel-receives-two-toyota-awards-excellence-sales-marketing-customer-service-global-event-japan\/\",\"name\":\"\u0130ki Toyota M\u00fckemmellik \u00d6d\u00fcl\u00fc Kazan\u0131ld\u0131 | Abdul Latif Jameel\u00ae\",\"isPartOf\":{\"@id\":\"https:\/\/alj.com\/en\/#website\"},\"datePublished\":\"2018-04-29T04:52:56+00:00\",\"dateModified\":\"2020-01-06T11:17:58+00:00\",\"description\":\"Abdul Latif Jameel Motors, ard\u0131 ard\u0131na ba\u015far\u0131lar ile ge\u00e7en sekizinci y\u0131l\u0131n\u0131 kutlarken Toyota Motor A\u015e. taraf\u0131ndan iki k\u00fcresel \u00f6d\u00fcle lay\u0131k g\u00f6r\u00fclm\u00fc\u015ft\u00fcr.\",\"breadcrumb\":{\"@id\":\"https:\/\/alj.com\/tr\/news\/abdul-latif-jameel-receives-two-toyota-awards-excellence-sales-marketing-customer-service-global-event-japan\/#breadcrumb\"},\"inLanguage\":\"tr\",\"potentialAction\":[{\"@type\":\"ReadAction\",\"target\":[\"https:\/\/alj.com\/tr\/news\/abdul-latif-jameel-receives-two-toyota-awards-excellence-sales-marketing-customer-service-global-event-japan\/\"]}]},{\"@type\":\"BreadcrumbList\",\"@id\":\"https:\/\/alj.com\/tr\/news\/abdul-latif-jameel-receives-two-toyota-awards-excellence-sales-marketing-customer-service-global-event-japan\/#breadcrumb\",\"itemListElement\":[{\"@type\":\"ListItem\",\"position\":1,\"name\":\"Home\",\"item\":\"https:\/\/alj.com\/tr\/\"},{\"@type\":\"ListItem\",\"position\":2,\"name\":\"News\",\"item\":\"https:\/\/alj.com\/en\/news\/\"},{\"@type\":\"ListItem\",\"position\":3,\"name\":\"Abdul Latif Jameel, Japonya&#8217;daki global etkinlikte sat\u0131\u015f ve pazarlama ve m\u00fc\u015fteri hizmetlerinde m\u00fckemmellik i\u00e7in iki Toyota \u00f6d\u00fcl\u00fcne lay\u0131k g\u00f6r\u00fcld\u00fc\"}]},{\"@type\":\"WebSite\",\"@id\":\"https:\/\/alj.com\/en\/#website\",\"url\":\"https:\/\/alj.com\/en\/\",\"name\":\"Abdul Latif Jameel\",\"description\":\"Abdul Latif Jameel\",\"potentialAction\":[{\"@type\":\"SearchAction\",\"target\":{\"@type\":\"EntryPoint\",\"urlTemplate\":\"https:\/\/alj.com\/en\/?s={search_term_string}\"},\"query-input\":\"required name=search_term_string\"}],\"inLanguage\":\"tr\"}]}<\/script>\n<!-- \/ Yoast SEO plugin. -->","yoast_head_json":{"title":"\u0130ki Toyota M\u00fckemmellik \u00d6d\u00fcl\u00fc Kazan\u0131ld\u0131 | Abdul Latif Jameel\u00ae","description":"Abdul Latif Jameel Motors, ard\u0131 ard\u0131na ba\u015far\u0131lar ile ge\u00e7en sekizinci y\u0131l\u0131n\u0131 kutlarken Toyota Motor A\u015e. taraf\u0131ndan iki k\u00fcresel \u00f6d\u00fcle lay\u0131k g\u00f6r\u00fclm\u00fc\u015ft\u00fcr.","robots":{"index":"index","follow":"follow","max-snippet":"max-snippet:-1","max-image-preview":"max-image-preview:large","max-video-preview":"max-video-preview:-1"},"canonical":"https:\/\/alj.com\/tr\/news\/abdul-latif-jameel-receives-two-toyota-awards-excellence-sales-marketing-customer-service-global-event-japan\/","og_locale":"tr_TR","og_type":"article","og_title":"\u0130ki Toyota M\u00fckemmellik \u00d6d\u00fcl\u00fc Kazan\u0131ld\u0131 | Abdul Latif Jameel\u00ae","og_description":"Abdul Latif Jameel Motors, ard\u0131 ard\u0131na ba\u015far\u0131lar ile ge\u00e7en sekizinci y\u0131l\u0131n\u0131 kutlarken Toyota Motor A\u015e. taraf\u0131ndan iki k\u00fcresel \u00f6d\u00fcle lay\u0131k g\u00f6r\u00fclm\u00fc\u015ft\u00fcr.","og_url":"https:\/\/alj.com\/tr\/news\/abdul-latif-jameel-receives-two-toyota-awards-excellence-sales-marketing-customer-service-global-event-japan\/","og_site_name":"Abdul Latif Jameel","article_publisher":"https:\/\/www.facebook.com\/Abdul.Latif.Jameel.Official","article_modified_time":"2020-01-06T11:17:58+00:00","og_image":[{"width":2000,"height":1333,"url":"https:\/\/media.alj.com\/app\/uploads\/2018\/04\/Abdul-Latif-Jameel-recognized-by-Toyota-Motor-Corporation-with-two-globa....jpg","type":"image\/jpeg"}],"twitter_card":"summary_large_image","twitter_misc":{"Est. reading time":"2 minutes"},"schema":{"@context":"https:\/\/schema.org","@graph":[{"@type":"WebPage","@id":"https:\/\/alj.com\/tr\/news\/abdul-latif-jameel-receives-two-toyota-awards-excellence-sales-marketing-customer-service-global-event-japan\/","url":"https:\/\/alj.com\/tr\/news\/abdul-latif-jameel-receives-two-toyota-awards-excellence-sales-marketing-customer-service-global-event-japan\/","name":"\u0130ki Toyota M\u00fckemmellik \u00d6d\u00fcl\u00fc Kazan\u0131ld\u0131 | Abdul Latif Jameel\u00ae","isPartOf":{"@id":"https:\/\/alj.com\/en\/#website"},"datePublished":"2018-04-29T04:52:56+00:00","dateModified":"2020-01-06T11:17:58+00:00","description":"Abdul Latif Jameel Motors, ard\u0131 ard\u0131na ba\u015far\u0131lar ile ge\u00e7en sekizinci y\u0131l\u0131n\u0131 kutlarken Toyota Motor A\u015e. taraf\u0131ndan iki k\u00fcresel \u00f6d\u00fcle lay\u0131k g\u00f6r\u00fclm\u00fc\u015ft\u00fcr.","breadcrumb":{"@id":"https:\/\/alj.com\/tr\/news\/abdul-latif-jameel-receives-two-toyota-awards-excellence-sales-marketing-customer-service-global-event-japan\/#breadcrumb"},"inLanguage":"tr","potentialAction":[{"@type":"ReadAction","target":["https:\/\/alj.com\/tr\/news\/abdul-latif-jameel-receives-two-toyota-awards-excellence-sales-marketing-customer-service-global-event-japan\/"]}]},{"@type":"BreadcrumbList","@id":"https:\/\/alj.com\/tr\/news\/abdul-latif-jameel-receives-two-toyota-awards-excellence-sales-marketing-customer-service-global-event-japan\/#breadcrumb","itemListElement":[{"@type":"ListItem","position":1,"name":"Home","item":"https:\/\/alj.com\/tr\/"},{"@type":"ListItem","position":2,"name":"News","item":"https:\/\/alj.com\/en\/news\/"},{"@type":"ListItem","position":3,"name":"Abdul Latif Jameel, Japonya&#8217;daki global etkinlikte sat\u0131\u015f ve pazarlama ve m\u00fc\u015fteri hizmetlerinde m\u00fckemmellik i\u00e7in iki Toyota \u00f6d\u00fcl\u00fcne lay\u0131k g\u00f6r\u00fcld\u00fc"}]},{"@type":"WebSite","@id":"https:\/\/alj.com\/en\/#website","url":"https:\/\/alj.com\/en\/","name":"Abdul Latif Jameel","description":"Abdul Latif Jameel","potentialAction":[{"@type":"SearchAction","target":{"@type":"EntryPoint","urlTemplate":"https:\/\/alj.com\/en\/?s={search_term_string}"},"query-input":"required name=search_term_string"}],"inLanguage":"tr"}]}},"post-meta-fields":{"_alp_processed":["1536139125"],"news_slider_short_title":["Abdul Latif Jameel Motors k\u00fcresel \u00f6d\u00fclleri ald\u0131"],"news_summary":["<p>Abdul Latif Jameel Motors, Toyota Motor Corporation taraf\u0131ndan iki prestijli global \u00f6d\u00fcl kazanarak, art arda sekizinci y\u0131l Toyota'n\u0131n Suudi Arabistan yetkili distrib\u00fct\u00f6r\u00fc olarak elde etti\u011fi ba\u015far\u0131lar nedeniyle takdir edildi.<\/p>\n"],"news-location":["Tokyo, Japonya"],"wpcf-featured-news":["0"],"_yoast_wpseo_content_score":["30"],"_thumbnail_id":["15000"],"_yoast_wpseo_title":["\u0130ki Toyota M\u00fckemmellik \u00d6d\u00fcl\u00fc Kazan\u0131ld\u0131 | Abdul Latif Jameel\u00ae"],"_yoast_wpseo_metadesc":["Abdul Latif Jameel Motors, ard\u0131 ard\u0131na ba\u015far\u0131lar ile ge\u00e7en sekizinci y\u0131l\u0131n\u0131 kutlarken Toyota Motor A\u015e. taraf\u0131ndan iki k\u00fcresel \u00f6d\u00fcle lay\u0131k g\u00f6r\u00fclm\u00fc\u015ft\u00fcr."],"_wpml_media_duplicate":["1"],"_wp_attachment_metadata":[""],"push_notification":["no"],"_push_notification":["field_5c3b1fb67034d"],"publish_mobile":[""],"_publish_mobile":["field_5bfa8eb2e65cf"],"mobile_featured_image":["https:\/\/alj.com\/app\/themes\/alj\/assets\/images\/defaultmobilethumb.jpg"],"_mobile_featured_image":["field_5c3b204983dea"],"_wpcf-card-image-sort-order":["a:1:{i:0;i:639377;}"],"_last_translation_edit_mode":["native-editor"],"post_views_count_2019Sep":["31"],"post_views_count_2019Oct":["32"],"post_views_count_2019Nov":["14"],"post_views_count_2019Dec":["21"],"post_views_count_2020Jan":["19"],"news_business_sector":["Ula\u015f\u0131m"],"_yoast_wpseo_primary_newscategory":[""],"wpcf-wpcf-at-a-glance-or-perspective":["1"],"wpcf-show-at-homepage-first-sec-secondary-slider":["2"],"wpcf-card-image":[""],"wpcf-news-publish_date":["1524960000"],"wpcf-news-downloadable_file":["https:\/\/www.alj.com\/app\/uploads\/2018\/04\/057-Abdul-Latif-Jameel-receives-global-awards_tr-TR.pdf"],"post_views_count_2020Feb":["19"],"post_views_count_2020Mar":["27"],"post_views_count_2020Apr":["31"],"post_views_count_2020May":["21"],"post_views_count_2020Jun":["26"],"post_views_count_2020Jul":["21"],"post_views_count_2020Aug":["13"],"post_views_count_2020Sep":["17"],"post_views_count_2020Oct":["23"],"post_views_count_2020Nov":["20"],"post_views_count_2020Dec":["15"],"post_views_count_2021Jan":["19"],"post_views_count_2021Feb":["14"],"post_views_count_2021Mar":["21"],"post_views_count_2021Apr":["15"],"post_views_count_2021May":["13"],"post_views_count_2021Jun":["4"],"post_views_count_2021Jul":["12"],"post_views_total_count":["12"]},"_links":{"self":[{"href":"https:\/\/alj.com\/tr\/wp-json\/wp\/v2\/news\/15757"}],"collection":[{"href":"https:\/\/alj.com\/tr\/wp-json\/wp\/v2\/news"}],"about":[{"href":"https:\/\/alj.com\/tr\/wp-json\/wp\/v2\/types\/news"}],"wp:featuredmedia":[{"embeddable":true,"href":"https:\/\/alj.com\/tr\/wp-json\/wp\/v2\/media\/15000"}],"wp:attachment":[{"href":"https:\/\/alj.com\/tr\/wp-json\/wp\/v2\/media?parent=15757"}],"wp:term":[{"taxonomy":"post_tag","embeddable":true,"href":"https:\/\/alj.com\/tr\/wp-json\/wp\/v2\/tags?post=15757"},{"taxonomy":"newscategory","embeddable":true,"href":"https:\/\/alj.com\/tr\/wp-json\/wp\/v2\/newscategory?post=15757"}],"curies":[{"name":"wp","href":"https:\/\/api.w.org\/{rel}","templated":true}]}}