{"id":15803,"date":"2018-06-05T08:21:58","date_gmt":"2018-06-05T08:21:58","guid":{"rendered":"https:\/\/www.alj.com\/tr\/news\/abdul-latif-jameel-recognized-excellence-advertising-global-clio-awards-new-york\/"},"modified":"2022-07-04T11:12:28","modified_gmt":"2022-07-04T11:12:28","slug":"abdul-latif-jameel-recognized-excellence-advertising-global-clio-awards-new-york","status":"publish","type":"news","link":"https:\/\/alj.com\/tr\/news\/abdul-latif-jameel-recognized-excellence-advertising-global-clio-awards-new-york\/","title":{"rendered":"Abdul Latif Jameel, New York&#8217;taki k\u00fcresel Clio Awards&#8217;da reklamc\u0131l\u0131k alan\u0131nda m\u00fckemmeliyet \u00f6d\u00fcl\u00fc ald\u0131"},"content":{"rendered":"<ul>\n<li>Abdul Latif Jameel, sayg\u0131n Clio \u00d6d\u00fclleri i\u00e7in binlerce aday aras\u0131ndan se\u00e7ildi<\/li>\n<li>\u00d6d\u00fcll\u00fc video, Abdul Latif Jameel&#8217;in Suudi Arabistan Paralimpik Komitesi ile i\u015fbirli\u011fini kutluyor<\/li>\n<\/ul>\n<p>Abdul Latif Jameel, spor haberle\u015fmelerinde elde etti\u011fi y\u00fcksek ba\u015far\u0131 i\u00e7in prestijli y\u0131ll\u0131k Clio \u00d6d\u00fclleri&#8217;nde onurland\u0131r\u0131ld\u0131. \u201cSosyal Fayda\u201d kategorisindeki bronz \u00f6d\u00fcl &#8211; Abdul Latif Jameel&#8217;in Suudi Arabistan Paralimpik Komitesi ile i\u015fbirli\u011fini kutlayan \u201cAds\u0131z Kahramanlar\u201d videosunu takdir ediyor.<\/p>\n<p>Abdul Latif Jameel Motors Pazarlama Direkt\u00f6r\u00fc Munir Khoja \u015funlar\u0131 s\u00f6yledi: \u201cSayg\u0131n Clio \u00d6d\u00fclleri taraf\u0131ndan tan\u0131nmaktan ve sadece Abdul Latif Jameel ekibinin yaratt\u0131\u011f\u0131 kazanan video nedeniyle de\u011fil, ayn\u0131 zamanda onurland\u0131rd\u0131\u011f\u0131 Suudi Arabistanl\u0131 sporculardan da gurur duyuyoruz. Engelli sporcular\u0131n her g\u00fcn, Suudi Arabistan&#8217;\u0131n her yerinde spora olan b\u00fcy\u00fck ba\u011fl\u0131l\u0131klar\u0131ndan dolay\u0131, filmi &#8216;Ads\u0131z Kahramanlar&#8217; olarak adland\u0131rd\u0131k. Bunun, onlara hak ettikleri kredi ve g\u00f6r\u00fcn\u00fcrl\u00fc\u011f\u00fc sa\u011flayacak bir f\u0131rsat olmas\u0131n\u0131 umuyoruz,\u201d dedi.<\/p>\n<p>Khoja s\u00f6zlerini \u015f\u00f6yle s\u00fcrd\u00fcrd\u00fc, \u201cD\u00fcnya \u00e7ap\u0131ndaki binlerce yar\u0131\u015fmac\u0131dan biri olarak, bu y\u0131l takdir edilen 19 \u00fclke aras\u0131nda Suudi Arabistan&#8217;\u0131 temsil etmekten ve bir \u00f6d\u00fclle onurland\u0131r\u0131lan az say\u0131da adaydan biri olmaktan mutluluk duyuyoruz.\u201d<\/p>\n<p>Kazanan \u201cAds\u0131z Kahramanlar\u201d videosu ilk olarak Kas\u0131m 2017&#8217;de Toyota taraf\u0131ndan desteklenen ilk Suudi Arabistan Paralimpik Oyunlar\u0131&#8217;n\u0131n A\u00e7\u0131l\u0131\u015f T\u00f6reni s\u0131ras\u0131nda ve daha sonra Cidde Kul\u00fcb\u00fc paralimpik sporcular taraf\u0131ndan tekerlekli sandalye basketbolu g\u00f6sterisine e\u015flik eden Cidde Uluslararas\u0131 Motor G\u00f6sterisi&#8217;nde g\u00f6sterildi.<\/p>\n<p>Clio \u00d6d\u00fclleri, 50 y\u0131l\u0131 a\u015fk\u0131n bir s\u00fcre \u00f6nce, s\u0131n\u0131rlar\u0131 zorlayan ve yeni emsal te\u015fkil eden reklamlar\u0131 ve yarat\u0131c\u0131 yetenekleri kutlamak i\u00e7in kurulan prestijli uluslararas\u0131 ileti\u015fim \u00f6d\u00fclleridir.<\/p>\n<p><iframe loading=\"lazy\" src=\"https:\/\/player.vimeo.com\/video\/273463384\" width=\"640\" height=\"360\" frameborder=\"0\" allowfullscreen=\"allowfullscreen\"><\/iframe><\/p>\n<p>&nbsp;<\/p>\n","protected":false},"featured_media":15252,"template":"","tags":[],"newscategory":[150],"acf":[],"yoast_head":"<!-- This site is optimized with the Yoast SEO plugin v21.5 - https:\/\/yoast.com\/wordpress\/plugins\/seo\/ -->\n<title>New York&#039;ta Clio Reklam \u00d6d\u00fcl\u00fc | Abdul Latif Jameel\u00ae<\/title>\n<meta name=\"description\" content=\"Abdul Latif Jameel, New York&#039;ta prestijli Clio Awards&#039;\u0131n Reklamc\u0131l\u0131k dal\u0131nda M\u00fckemmellik \u00d6d\u00fcl\u00fcne lay\u0131k g\u00f6r\u00fcld\u00fc.\" \/>\n<meta name=\"robots\" content=\"index, follow, max-snippet:-1, max-image-preview:large, max-video-preview:-1\" \/>\n<link rel=\"canonical\" href=\"https:\/\/alj.com\/tr\/news\/abdul-latif-jameel-recognized-excellence-advertising-global-clio-awards-new-york\/\" \/>\n<meta property=\"og:locale\" content=\"tr_TR\" \/>\n<meta property=\"og:type\" content=\"article\" \/>\n<meta property=\"og:title\" content=\"New York&#039;ta Clio Reklam \u00d6d\u00fcl\u00fc | Abdul Latif Jameel\u00ae\" \/>\n<meta property=\"og:description\" content=\"Abdul Latif Jameel, New York&#039;ta prestijli Clio Awards&#039;\u0131n Reklamc\u0131l\u0131k dal\u0131nda M\u00fckemmellik \u00d6d\u00fcl\u00fcne lay\u0131k g\u00f6r\u00fcld\u00fc.\" \/>\n<meta property=\"og:url\" content=\"https:\/\/alj.com\/tr\/news\/abdul-latif-jameel-recognized-excellence-advertising-global-clio-awards-new-york\/\" \/>\n<meta property=\"og:site_name\" content=\"Abdul Latif Jameel\" \/>\n<meta property=\"article:publisher\" content=\"https:\/\/www.facebook.com\/Abdul.Latif.Jameel.Official\" \/>\n<meta property=\"article:modified_time\" content=\"2022-07-04T11:12:28+00:00\" \/>\n<meta property=\"og:image\" content=\"https:\/\/media.alj.com\/app\/uploads\/2018\/06\/Abdul-Latif-Jameel-recognized-for-excellence-in-advertising-at-global-Clio-Awards-in-New-York-3.jpg\" \/>\n\t<meta property=\"og:image:width\" content=\"1080\" \/>\n\t<meta property=\"og:image:height\" content=\"1080\" \/>\n\t<meta property=\"og:image:type\" content=\"image\/jpeg\" \/>\n<meta name=\"twitter:card\" content=\"summary_large_image\" \/>\n<meta name=\"twitter:label1\" content=\"Est. reading time\" \/>\n\t<meta name=\"twitter:data1\" content=\"2 minutes\" \/>\n<script type=\"application\/ld+json\" class=\"yoast-schema-graph\">{\"@context\":\"https:\/\/schema.org\",\"@graph\":[{\"@type\":\"WebPage\",\"@id\":\"https:\/\/alj.com\/tr\/news\/abdul-latif-jameel-recognized-excellence-advertising-global-clio-awards-new-york\/\",\"url\":\"https:\/\/alj.com\/tr\/news\/abdul-latif-jameel-recognized-excellence-advertising-global-clio-awards-new-york\/\",\"name\":\"New York'ta Clio Reklam \u00d6d\u00fcl\u00fc | Abdul Latif Jameel\u00ae\",\"isPartOf\":{\"@id\":\"https:\/\/alj.com\/en\/#website\"},\"datePublished\":\"2018-06-05T08:21:58+00:00\",\"dateModified\":\"2022-07-04T11:12:28+00:00\",\"description\":\"Abdul Latif Jameel, New York'ta prestijli Clio Awards'\u0131n Reklamc\u0131l\u0131k dal\u0131nda M\u00fckemmellik \u00d6d\u00fcl\u00fcne lay\u0131k g\u00f6r\u00fcld\u00fc.\",\"breadcrumb\":{\"@id\":\"https:\/\/alj.com\/tr\/news\/abdul-latif-jameel-recognized-excellence-advertising-global-clio-awards-new-york\/#breadcrumb\"},\"inLanguage\":\"tr\",\"potentialAction\":[{\"@type\":\"ReadAction\",\"target\":[\"https:\/\/alj.com\/tr\/news\/abdul-latif-jameel-recognized-excellence-advertising-global-clio-awards-new-york\/\"]}]},{\"@type\":\"BreadcrumbList\",\"@id\":\"https:\/\/alj.com\/tr\/news\/abdul-latif-jameel-recognized-excellence-advertising-global-clio-awards-new-york\/#breadcrumb\",\"itemListElement\":[{\"@type\":\"ListItem\",\"position\":1,\"name\":\"Home\",\"item\":\"https:\/\/alj.com\/tr\/\"},{\"@type\":\"ListItem\",\"position\":2,\"name\":\"News\",\"item\":\"https:\/\/alj.com\/en\/news\/\"},{\"@type\":\"ListItem\",\"position\":3,\"name\":\"Abdul Latif Jameel, New York&#8217;taki k\u00fcresel Clio Awards&#8217;da reklamc\u0131l\u0131k alan\u0131nda m\u00fckemmeliyet \u00f6d\u00fcl\u00fc ald\u0131\"}]},{\"@type\":\"WebSite\",\"@id\":\"https:\/\/alj.com\/en\/#website\",\"url\":\"https:\/\/alj.com\/en\/\",\"name\":\"Abdul Latif Jameel\",\"description\":\"Abdul Latif Jameel\",\"potentialAction\":[{\"@type\":\"SearchAction\",\"target\":{\"@type\":\"EntryPoint\",\"urlTemplate\":\"https:\/\/alj.com\/en\/?s={search_term_string}\"},\"query-input\":\"required name=search_term_string\"}],\"inLanguage\":\"tr\"}]}<\/script>\n<!-- \/ Yoast SEO plugin. -->","yoast_head_json":{"title":"New York'ta Clio Reklam \u00d6d\u00fcl\u00fc | Abdul Latif Jameel\u00ae","description":"Abdul Latif Jameel, New York'ta prestijli Clio Awards'\u0131n Reklamc\u0131l\u0131k dal\u0131nda M\u00fckemmellik \u00d6d\u00fcl\u00fcne lay\u0131k g\u00f6r\u00fcld\u00fc.","robots":{"index":"index","follow":"follow","max-snippet":"max-snippet:-1","max-image-preview":"max-image-preview:large","max-video-preview":"max-video-preview:-1"},"canonical":"https:\/\/alj.com\/tr\/news\/abdul-latif-jameel-recognized-excellence-advertising-global-clio-awards-new-york\/","og_locale":"tr_TR","og_type":"article","og_title":"New York'ta Clio Reklam \u00d6d\u00fcl\u00fc | Abdul Latif Jameel\u00ae","og_description":"Abdul Latif Jameel, New York'ta prestijli Clio Awards'\u0131n Reklamc\u0131l\u0131k dal\u0131nda M\u00fckemmellik \u00d6d\u00fcl\u00fcne lay\u0131k g\u00f6r\u00fcld\u00fc.","og_url":"https:\/\/alj.com\/tr\/news\/abdul-latif-jameel-recognized-excellence-advertising-global-clio-awards-new-york\/","og_site_name":"Abdul Latif Jameel","article_publisher":"https:\/\/www.facebook.com\/Abdul.Latif.Jameel.Official","article_modified_time":"2022-07-04T11:12:28+00:00","og_image":[{"width":1080,"height":1080,"url":"https:\/\/media.alj.com\/app\/uploads\/2018\/06\/Abdul-Latif-Jameel-recognized-for-excellence-in-advertising-at-global-Clio-Awards-in-New-York-3.jpg","type":"image\/jpeg"}],"twitter_card":"summary_large_image","twitter_misc":{"Est. reading time":"2 minutes"},"schema":{"@context":"https:\/\/schema.org","@graph":[{"@type":"WebPage","@id":"https:\/\/alj.com\/tr\/news\/abdul-latif-jameel-recognized-excellence-advertising-global-clio-awards-new-york\/","url":"https:\/\/alj.com\/tr\/news\/abdul-latif-jameel-recognized-excellence-advertising-global-clio-awards-new-york\/","name":"New York'ta Clio Reklam \u00d6d\u00fcl\u00fc | Abdul Latif Jameel\u00ae","isPartOf":{"@id":"https:\/\/alj.com\/en\/#website"},"datePublished":"2018-06-05T08:21:58+00:00","dateModified":"2022-07-04T11:12:28+00:00","description":"Abdul Latif Jameel, New York'ta prestijli Clio Awards'\u0131n Reklamc\u0131l\u0131k dal\u0131nda M\u00fckemmellik \u00d6d\u00fcl\u00fcne lay\u0131k g\u00f6r\u00fcld\u00fc.","breadcrumb":{"@id":"https:\/\/alj.com\/tr\/news\/abdul-latif-jameel-recognized-excellence-advertising-global-clio-awards-new-york\/#breadcrumb"},"inLanguage":"tr","potentialAction":[{"@type":"ReadAction","target":["https:\/\/alj.com\/tr\/news\/abdul-latif-jameel-recognized-excellence-advertising-global-clio-awards-new-york\/"]}]},{"@type":"BreadcrumbList","@id":"https:\/\/alj.com\/tr\/news\/abdul-latif-jameel-recognized-excellence-advertising-global-clio-awards-new-york\/#breadcrumb","itemListElement":[{"@type":"ListItem","position":1,"name":"Home","item":"https:\/\/alj.com\/tr\/"},{"@type":"ListItem","position":2,"name":"News","item":"https:\/\/alj.com\/en\/news\/"},{"@type":"ListItem","position":3,"name":"Abdul Latif Jameel, New York&#8217;taki k\u00fcresel Clio Awards&#8217;da reklamc\u0131l\u0131k alan\u0131nda m\u00fckemmeliyet \u00f6d\u00fcl\u00fc ald\u0131"}]},{"@type":"WebSite","@id":"https:\/\/alj.com\/en\/#website","url":"https:\/\/alj.com\/en\/","name":"Abdul Latif Jameel","description":"Abdul Latif Jameel","potentialAction":[{"@type":"SearchAction","target":{"@type":"EntryPoint","urlTemplate":"https:\/\/alj.com\/en\/?s={search_term_string}"},"query-input":"required name=search_term_string"}],"inLanguage":"tr"}]}},"post-meta-fields":{"_alp_processed":["1536228275"],"news_summary":["<p>Abdul Latif Jameel, spor haberle\u015fmelerinde elde etti\u011fi y\u00fcksek ba\u015far\u0131 i\u00e7in prestijli y\u0131ll\u0131k Clio \u00d6d\u00fclleri'nde onurland\u0131r\u0131ld\u0131.<\/p>\n"],"news-location":["Cidde, Suudi Arabistan"],"wpcf-featured-news":["1"],"_yoast_wpseo_content_score":["30"],"news_slider_short_title":["Abdul Latif Jameel, reklam m\u00fckemmeliyet \u00f6d\u00fcl\u00fcn\u00fc ald\u0131"],"_thumbnail_id":["15252"],"_yoast_wpseo_title":["New York'ta Clio Reklam \u00d6d\u00fcl\u00fc | Abdul Latif Jameel\u00ae"],"_yoast_wpseo_metadesc":["Abdul Latif Jameel, New York'ta prestijli Clio Awards'\u0131n Reklamc\u0131l\u0131k dal\u0131nda M\u00fckemmellik \u00d6d\u00fcl\u00fcne lay\u0131k g\u00f6r\u00fcld\u00fc."],"_wpml_media_duplicate":["1"],"_wp_attachment_metadata":[""],"push_notification":["no"],"_push_notification":["field_5c3b1fb67034d"],"publish_mobile":[""],"_publish_mobile":["field_5bfa8eb2e65cf"],"mobile_featured_image":["https:\/\/alj.com\/app\/themes\/alj\/assets\/images\/defaultmobilethumb.jpg"],"_mobile_featured_image":["field_5c3b204983dea"],"wpcf-wpcf-at-a-glance-or-perspective":["1"],"wpcf-show-at-homepage-first-sec-secondary-slider":["2"],"wpcf-news-publish_date":["1530057600"],"_last_translation_edit_mode":["native-editor"],"post_views_count_2019Sep":["30"],"post_views_count_2019Oct":["35"],"post_views_count_2019Nov":["16"],"post_views_count_2019Dec":["22"],"post_views_count_2020Jan":["25"],"post_views_count_2020Feb":["22"],"post_views_count_2020Mar":["27"],"post_views_count_2020Apr":["31"],"post_views_count_2020May":["19"],"post_views_count_2020Jun":["27"],"post_views_count_2020Jul":["24"],"post_views_count_2020Aug":["19"],"post_views_count_2020Sep":["13"],"post_views_count_2020Oct":["20"],"post_views_count_2020Nov":["20"],"post_views_count_2020Dec":["11"],"post_views_count_2021Jan":["17"],"post_views_count_2021Feb":["19"],"post_views_count_2021Mar":["21"],"post_views_count_2021Apr":["17"],"post_views_count_2021May":["17"],"post_views_count_2021Jun":["4"],"post_views_count_2021Jul":["14"],"post_views_total_count":["14"],"_edit_lock":["1656933019:20"],"_edit_last":["20"],"news_business_sector":["Ula\u015f\u0131m"],"wpcf-featured-on-news-page":["0"],"content_series_applied":[""],"_content_series_applied":["field_60f3d3faf82ac"],"featured_on_listing_page":["0"],"_featured_on_listing_page":["field_62458ea7383c3"],"wpcf-card-image":[""],"_wpcf-card-image-sort-order":["a:1:{i:0;i:1209856;}"],"wpcf-news-downloadable_file":[""],"wpcf-video-description":[""],"wpcf-layoutvideourl":[""],"wpcf-video-thumb":[""],"wpcf-social4-svg":[""],"wpcf-social4-background-image":[""],"wpcf-social4-text":[""],"wpcf-social4-url":[""],"wpcf-social3-svg":[""],"wpcf-social3-background-image":[""],"wpcf-social3-text":[""],"wpcf-social3-url":[""],"wpcf-social-text-svg-square":[""],"wpcf-social-text-image-square":[""],"wpcf-social-text-text-square":[""],"wpcf-social-text-url-square":[""],"wpcf-social2-svg":[""],"wpcf-social2-background-image":[""],"wpcf-social2-text":[""],"wpcf-social2-url":[""],"wpcf-social-svg-square":[""],"wpcf-social-image-square":[""],"wpcf-social-text-square":[""],"wpcf-social-url-square":[""],"wpcf-social1-svg":[""],"wpcf-social1-background-image":[""],"wpcf-social1-text":[""],"wpcf-social1-url":[""],"wpcf-quotes-with-auther-text-1":[""],"wpcf-card_article_with_title_content":[""],"wpcf-card_article_content":["<p>write your content<\/p>"],"wpcf-quotes-with-auther-text":[""],"_bsf_post_type":["0"],"_bsf_item_review_type":["none"],"_yoast_wpseo_estimated-reading-time-minutes":[""],"_yoast_wpseo_canonical":["https:\/\/alj.com\/tr\/news\/abdul-latif-jameel-recognized-excellence-advertising-global-clio-awards-new-york\/"]},"_links":{"self":[{"href":"https:\/\/alj.com\/tr\/wp-json\/wp\/v2\/news\/15803"}],"collection":[{"href":"https:\/\/alj.com\/tr\/wp-json\/wp\/v2\/news"}],"about":[{"href":"https:\/\/alj.com\/tr\/wp-json\/wp\/v2\/types\/news"}],"wp:featuredmedia":[{"embeddable":true,"href":"https:\/\/alj.com\/tr\/wp-json\/wp\/v2\/media\/15252"}],"wp:attachment":[{"href":"https:\/\/alj.com\/tr\/wp-json\/wp\/v2\/media?parent=15803"}],"wp:term":[{"taxonomy":"post_tag","embeddable":true,"href":"https:\/\/alj.com\/tr\/wp-json\/wp\/v2\/tags?post=15803"},{"taxonomy":"newscategory","embeddable":true,"href":"https:\/\/alj.com\/tr\/wp-json\/wp\/v2\/newscategory?post=15803"}],"curies":[{"name":"wp","href":"https:\/\/api.w.org\/{rel}","templated":true}]}}