{"id":15814,"date":"2018-07-02T08:00:42","date_gmt":"2018-07-02T08:00:42","guid":{"rendered":"https:\/\/www.alj.com\/tr\/news\/abdul-latif-jameel-energy-awarded-55-mw-project-armenia-power-21400-homes\/"},"modified":"2019-07-18T13:29:58","modified_gmt":"2019-07-18T13:29:58","slug":"abdul-latif-jameel-energy-awarded-55-mw-project-armenia-power-21400-homes","status":"publish","type":"news","link":"https:\/\/alj.com\/tr\/news\/abdul-latif-jameel-energy-awarded-55-mw-project-armenia-power-21400-homes\/","title":{"rendered":"Abdul Latif Jameel Energy, Ermenistan&#8217;da 21.400&#8217;den fazla eve g\u00fc\u00e7 sa\u011flamak i\u00e7in 55 MW&#8217;l\u0131k bir proje kazand\u0131"},"content":{"rendered":"<ul>\n<li>Abdul Latif Jameel Energy, Ermenistan&#8217;daki ilk projesi ile k\u00fcresel ayak izini geni\u015fletiyor<\/li>\n<li>G\u00fcne\u015f enerjisi projesi, 21.400 eve elektrik sa\u011flayacak ve sera gaz\u0131 emisyonlar\u0131n\u0131 her y\u0131l 54.000 ton CO<sub>2<\/sub> azaltacak<\/li>\n<li>Mets Masrik yak\u0131nlar\u0131ndaki tesis 150 futbol sahas\u0131 b\u00fcy\u00fckl\u00fc\u011f\u00fcnde<\/li>\n<\/ul>\n<p>Abdul Latif Jameel Energy&#8217;nin bir par\u00e7as\u0131 olan Fotowatio Renewable Ventures (FRV), Ermenistan&#8217;da temiz enerji ile 21.400&#8217;den fazla eve elektrik sa\u011flayacak olan 55 MWac g\u00fcne\u015f enerjisi projesi ald\u0131.<\/p>\n<p>\u015eirketin k\u00fcresel ayak izini geni\u015fleten FRV, Ermenistan Yenilenebilir Kaynaklar\u0131 ve Enerji Verimlili\u011fi Fonu taraf\u0131ndan verilen rekabet\u00e7i ihaleyi kazand\u0131.<\/p>\n<p>Proje, Ermenistan&#8217;da yakla\u015f\u0131k 21.400 konuta yetecek kadar ye\u015fil enerji \u00fcretecek ve sera gaz\u0131 emisyonlar\u0131n\u0131 her y\u0131l yakla\u015f\u0131k 54.000 ton CO<sub>2<\/sub> azaltacak. Bu, \u00fclkede yoldaki ara\u00e7 say\u0131s\u0131n\u0131 23.400&#8217;den daha fazla azaltmakla ayn\u0131 anlama geliyor.<\/p>\n<p>\u201cMasrik-1\u201d G\u00fcne\u015f PV santralinin, Ermenistan&#8217;\u0131n Gegharkunik vilayetinin Mets Masrik toplulu\u011funda kurulmas\u0131 planlan\u0131yor. Tesis, yakla\u015f\u0131k 100 hektarl\u0131k bir arazi alan\u0131n\u0131 kapsayacak &#8211; birle\u015ftirilmi\u015f 150 futbol sahas\u0131 b\u00fcy\u00fckl\u00fc\u011f\u00fc &#8211; 2019 y\u0131l\u0131n\u0131n ba\u015flar\u0131nda in\u015faat\u0131na ba\u015flanacak ve 2020&#8217;nin sonuna do\u011fru faaliyete ge\u00e7ecek. \u0130n\u015faat a\u015famas\u0131n\u0131n bir par\u00e7as\u0131 olarak yakla\u015f\u0131k 300 i\u015f yarat\u0131lacak.<\/p>\n<p>Abdul Latif Jameel Enerji \u0130cra Kurulu Ba\u015fkan\u0131 Roberto de Diego Arozamena \u015funlar\u0131 belirtti: \u201cErmenistan&#8217;\u0131n yenilenebilir enerji \u00fczerindeki b\u00fcy\u00fcyen odaklanmas\u0131, Abdul Latif Jameel Energy i\u00e7in say\u0131s\u0131z f\u0131rsat sunuyor. K\u00fcresel ayak izimizi daha da geni\u015fletiyor ve d\u00fcnya \u00e7ap\u0131nda giderek daha fazla \u00fclkenin temiz enerjiye odakland\u0131\u011f\u0131n\u0131 g\u00f6steriyor.<\/p>\n<p>Suudi Arabistan gibi \u00fclkelerin, 9,5 gigawatt enerji sa\u011flayabilecek olan bir g\u00fcne\u015f enerjisi projesi in\u015fa etmeyi planlad\u0131\u011f\u0131 Ulusal Yenilenebilir Enerji Program\u0131 gibi giri\u015fimlerle birlikte, t\u00fcm d\u00fcnyada yenilenebilir enerji alan\u0131nda b\u00fcy\u00fck bir potansiyel var.\u201d<\/p>\n<p>Sadece bu y\u0131l Abdul Latif Jameel Energy, \u015eili&#8217;de 540 GWh hibrit g\u00fcne\u015f r\u00fczgar\u0131 projesini kazand\u0131\u011f\u0131n\u0131 a\u00e7\u0131klad\u0131; 150.000 eve g\u00fc\u00e7 verecek bir Meksika g\u00fcne\u015f \u00e7iftli\u011fi i\u00e7in finansman sa\u011flad\u0131 ve \u00dcrd\u00fcn&#8217;\u00fcn ilk nano uydunun lansman\u0131n\u0131 destekledi\u011fini a\u00e7\u0131klad\u0131.<\/p>\n<p><iframe loading=\"lazy\" src=\"https:\/\/player.vimeo.com\/video\/277237218\" width=\"640\" height=\"360\" frameborder=\"0\" allowfullscreen=\"allowfullscreen\"><span data-mce-type=\"bookmark\" style=\"display: inline-block; width: 0px; overflow: hidden; line-height: 0;\" class=\"mce_SELRES_start\">\ufeff<\/span><\/iframe><\/p>\n","protected":false},"featured_media":15296,"template":"","tags":[],"newscategory":[149],"acf":[],"yoast_head":"<!-- This site is optimized with the Yoast SEO plugin v21.5 - https:\/\/yoast.com\/wordpress\/plugins\/seo\/ -->\n<title>FRV Ermenistan&#039;da 55 MW&#039;l\u0131k Proje \u0130\u00e7in \u0130mza Att\u0131 | Abdul Latif Jameel\u00ae<\/title>\n<meta name=\"description\" content=\"Abdul Latif Jameel Energy&#039;nin bir par\u00e7as\u0131 olan Fotowatio Yenilenebilir Giri\u015fimler (FRV), Ermenistan&#039;da 21.400&#039;den fazla eve g\u00fc\u00e7 sa\u011flayacak 55 MWac g\u00fcne\u015f enerjisi projesine lay\u0131k g\u00f6r\u00fcld\u00fc.\" \/>\n<meta name=\"robots\" content=\"index, follow, max-snippet:-1, max-image-preview:large, max-video-preview:-1\" \/>\n<link rel=\"canonical\" href=\"https:\/\/alj.com\/tr\/news\/abdul-latif-jameel-energy-awarded-55-mw-project-armenia-power-21400-homes\/\" \/>\n<meta property=\"og:locale\" content=\"tr_TR\" \/>\n<meta property=\"og:type\" content=\"article\" \/>\n<meta property=\"og:title\" content=\"FRV Ermenistan&#039;da 55 MW&#039;l\u0131k Proje \u0130\u00e7in \u0130mza Att\u0131 | Abdul Latif Jameel\u00ae\" \/>\n<meta property=\"og:description\" content=\"Abdul Latif Jameel Energy&#039;nin bir par\u00e7as\u0131 olan Fotowatio Yenilenebilir Giri\u015fimler (FRV), Ermenistan&#039;da 21.400&#039;den fazla eve g\u00fc\u00e7 sa\u011flayacak 55 MWac g\u00fcne\u015f enerjisi projesine lay\u0131k g\u00f6r\u00fcld\u00fc.\" \/>\n<meta property=\"og:url\" content=\"https:\/\/alj.com\/tr\/news\/abdul-latif-jameel-energy-awarded-55-mw-project-armenia-power-21400-homes\/\" \/>\n<meta property=\"og:site_name\" content=\"Abdul Latif Jameel\" \/>\n<meta property=\"article:publisher\" content=\"https:\/\/www.facebook.com\/Abdul.Latif.Jameel.Official\" \/>\n<meta property=\"article:modified_time\" content=\"2019-07-18T13:29:58+00:00\" \/>\n<meta property=\"og:image\" content=\"https:\/\/media.alj.com\/app\/uploads\/2018\/07\/Abdul-Latif-Jameel-Energy-awarded-55-MWac-solar-project-in-Armenia.jpg\" \/>\n\t<meta property=\"og:image:width\" content=\"1670\" \/>\n\t<meta property=\"og:image:height\" content=\"1113\" \/>\n\t<meta property=\"og:image:type\" content=\"image\/jpeg\" \/>\n<meta name=\"twitter:card\" content=\"summary_large_image\" \/>\n<meta name=\"twitter:label1\" content=\"Est. reading time\" \/>\n\t<meta name=\"twitter:data1\" content=\"2 minutes\" \/>\n<script type=\"application\/ld+json\" class=\"yoast-schema-graph\">{\"@context\":\"https:\/\/schema.org\",\"@graph\":[{\"@type\":\"WebPage\",\"@id\":\"https:\/\/alj.com\/tr\/news\/abdul-latif-jameel-energy-awarded-55-mw-project-armenia-power-21400-homes\/\",\"url\":\"https:\/\/alj.com\/tr\/news\/abdul-latif-jameel-energy-awarded-55-mw-project-armenia-power-21400-homes\/\",\"name\":\"FRV Ermenistan'da 55 MW'l\u0131k Proje \u0130\u00e7in \u0130mza Att\u0131 | Abdul Latif Jameel\u00ae\",\"isPartOf\":{\"@id\":\"https:\/\/alj.com\/en\/#website\"},\"datePublished\":\"2018-07-02T08:00:42+00:00\",\"dateModified\":\"2019-07-18T13:29:58+00:00\",\"description\":\"Abdul Latif Jameel Energy'nin bir par\u00e7as\u0131 olan Fotowatio Yenilenebilir Giri\u015fimler (FRV), Ermenistan'da 21.400'den fazla eve g\u00fc\u00e7 sa\u011flayacak 55 MWac g\u00fcne\u015f enerjisi projesine lay\u0131k g\u00f6r\u00fcld\u00fc.\",\"breadcrumb\":{\"@id\":\"https:\/\/alj.com\/tr\/news\/abdul-latif-jameel-energy-awarded-55-mw-project-armenia-power-21400-homes\/#breadcrumb\"},\"inLanguage\":\"tr\",\"potentialAction\":[{\"@type\":\"ReadAction\",\"target\":[\"https:\/\/alj.com\/tr\/news\/abdul-latif-jameel-energy-awarded-55-mw-project-armenia-power-21400-homes\/\"]}]},{\"@type\":\"BreadcrumbList\",\"@id\":\"https:\/\/alj.com\/tr\/news\/abdul-latif-jameel-energy-awarded-55-mw-project-armenia-power-21400-homes\/#breadcrumb\",\"itemListElement\":[{\"@type\":\"ListItem\",\"position\":1,\"name\":\"Home\",\"item\":\"https:\/\/alj.com\/tr\/\"},{\"@type\":\"ListItem\",\"position\":2,\"name\":\"News\",\"item\":\"https:\/\/alj.com\/en\/news\/\"},{\"@type\":\"ListItem\",\"position\":3,\"name\":\"Abdul Latif Jameel Energy, Ermenistan&#8217;da 21.400&#8217;den fazla eve g\u00fc\u00e7 sa\u011flamak i\u00e7in 55 MW&#8217;l\u0131k bir proje kazand\u0131\"}]},{\"@type\":\"WebSite\",\"@id\":\"https:\/\/alj.com\/en\/#website\",\"url\":\"https:\/\/alj.com\/en\/\",\"name\":\"Abdul Latif Jameel\",\"description\":\"Abdul Latif Jameel\",\"potentialAction\":[{\"@type\":\"SearchAction\",\"target\":{\"@type\":\"EntryPoint\",\"urlTemplate\":\"https:\/\/alj.com\/en\/?s={search_term_string}\"},\"query-input\":\"required name=search_term_string\"}],\"inLanguage\":\"tr\"}]}<\/script>\n<!-- \/ Yoast SEO plugin. -->","yoast_head_json":{"title":"FRV Ermenistan'da 55 MW'l\u0131k Proje \u0130\u00e7in \u0130mza Att\u0131 | Abdul Latif Jameel\u00ae","description":"Abdul Latif Jameel Energy'nin bir par\u00e7as\u0131 olan Fotowatio Yenilenebilir Giri\u015fimler (FRV), Ermenistan'da 21.400'den fazla eve g\u00fc\u00e7 sa\u011flayacak 55 MWac g\u00fcne\u015f enerjisi projesine lay\u0131k g\u00f6r\u00fcld\u00fc.","robots":{"index":"index","follow":"follow","max-snippet":"max-snippet:-1","max-image-preview":"max-image-preview:large","max-video-preview":"max-video-preview:-1"},"canonical":"https:\/\/alj.com\/tr\/news\/abdul-latif-jameel-energy-awarded-55-mw-project-armenia-power-21400-homes\/","og_locale":"tr_TR","og_type":"article","og_title":"FRV Ermenistan'da 55 MW'l\u0131k Proje \u0130\u00e7in \u0130mza Att\u0131 | Abdul Latif Jameel\u00ae","og_description":"Abdul Latif Jameel Energy'nin bir par\u00e7as\u0131 olan Fotowatio Yenilenebilir Giri\u015fimler (FRV), Ermenistan'da 21.400'den fazla eve g\u00fc\u00e7 sa\u011flayacak 55 MWac g\u00fcne\u015f enerjisi projesine lay\u0131k g\u00f6r\u00fcld\u00fc.","og_url":"https:\/\/alj.com\/tr\/news\/abdul-latif-jameel-energy-awarded-55-mw-project-armenia-power-21400-homes\/","og_site_name":"Abdul Latif Jameel","article_publisher":"https:\/\/www.facebook.com\/Abdul.Latif.Jameel.Official","article_modified_time":"2019-07-18T13:29:58+00:00","og_image":[{"width":1670,"height":1113,"url":"https:\/\/media.alj.com\/app\/uploads\/2018\/07\/Abdul-Latif-Jameel-Energy-awarded-55-MWac-solar-project-in-Armenia.jpg","type":"image\/jpeg"}],"twitter_card":"summary_large_image","twitter_misc":{"Est. reading time":"2 minutes"},"schema":{"@context":"https:\/\/schema.org","@graph":[{"@type":"WebPage","@id":"https:\/\/alj.com\/tr\/news\/abdul-latif-jameel-energy-awarded-55-mw-project-armenia-power-21400-homes\/","url":"https:\/\/alj.com\/tr\/news\/abdul-latif-jameel-energy-awarded-55-mw-project-armenia-power-21400-homes\/","name":"FRV Ermenistan'da 55 MW'l\u0131k Proje \u0130\u00e7in \u0130mza Att\u0131 | Abdul Latif Jameel\u00ae","isPartOf":{"@id":"https:\/\/alj.com\/en\/#website"},"datePublished":"2018-07-02T08:00:42+00:00","dateModified":"2019-07-18T13:29:58+00:00","description":"Abdul Latif Jameel Energy'nin bir par\u00e7as\u0131 olan Fotowatio Yenilenebilir Giri\u015fimler (FRV), Ermenistan'da 21.400'den fazla eve g\u00fc\u00e7 sa\u011flayacak 55 MWac g\u00fcne\u015f enerjisi projesine lay\u0131k g\u00f6r\u00fcld\u00fc.","breadcrumb":{"@id":"https:\/\/alj.com\/tr\/news\/abdul-latif-jameel-energy-awarded-55-mw-project-armenia-power-21400-homes\/#breadcrumb"},"inLanguage":"tr","potentialAction":[{"@type":"ReadAction","target":["https:\/\/alj.com\/tr\/news\/abdul-latif-jameel-energy-awarded-55-mw-project-armenia-power-21400-homes\/"]}]},{"@type":"BreadcrumbList","@id":"https:\/\/alj.com\/tr\/news\/abdul-latif-jameel-energy-awarded-55-mw-project-armenia-power-21400-homes\/#breadcrumb","itemListElement":[{"@type":"ListItem","position":1,"name":"Home","item":"https:\/\/alj.com\/tr\/"},{"@type":"ListItem","position":2,"name":"News","item":"https:\/\/alj.com\/en\/news\/"},{"@type":"ListItem","position":3,"name":"Abdul Latif Jameel Energy, Ermenistan&#8217;da 21.400&#8217;den fazla eve g\u00fc\u00e7 sa\u011flamak i\u00e7in 55 MW&#8217;l\u0131k bir proje kazand\u0131"}]},{"@type":"WebSite","@id":"https:\/\/alj.com\/en\/#website","url":"https:\/\/alj.com\/en\/","name":"Abdul Latif Jameel","description":"Abdul Latif Jameel","potentialAction":[{"@type":"SearchAction","target":{"@type":"EntryPoint","urlTemplate":"https:\/\/alj.com\/en\/?s={search_term_string}"},"query-input":"required name=search_term_string"}],"inLanguage":"tr"}]}},"post-meta-fields":{"_alp_processed":["1536229928"],"news_slider_short_title":["Abdul Latif Jameel Energy Ermenistan'da proje kazand\u0131"],"news_summary":["<p>Abdul Latif Jameel Energy'nin bir par\u00e7as\u0131 olan Fotowatio Renewable Ventures (FRV), Ermenistan'da temiz enerji ile 21.400'den fazla eve elektrik sa\u011flayacak olan 55 MWac g\u00fcne\u015f enerjisi projesi ald\u0131.<\/p>\n"],"news-location":["Dubai, Birle\u015fik Arap Emirlikleri"],"wpcf-featured-news":["0"],"_yoast_wpseo_content_score":["30"],"_thumbnail_id":["15296"],"_yoast_wpseo_title":["FRV Ermenistan'da 55 MW'l\u0131k Proje \u0130\u00e7in \u0130mza Att\u0131 | Abdul Latif Jameel\u00ae"],"_yoast_wpseo_metadesc":["Abdul Latif Jameel Energy'nin bir par\u00e7as\u0131 olan Fotowatio Yenilenebilir Giri\u015fimler (FRV), Ermenistan'da 21.400'den fazla eve g\u00fc\u00e7 sa\u011flayacak 55 MWac g\u00fcne\u015f enerjisi projesine lay\u0131k g\u00f6r\u00fcld\u00fc."],"_wpml_media_duplicate":["1"],"_wp_attachment_metadata":[""],"news_business_sector":["Enerji ve \u00c7evre Hizmetleri"],"push_notification":[""],"_push_notification":["field_5c3b1fb67034d"],"publish_mobile":[""],"_publish_mobile":["field_5bfa8eb2e65cf"],"mobile_featured_image":["https:\/\/alj.com\/app\/themes\/alj\/assets\/images\/defaultmobilethumb.jpg"],"_mobile_featured_image":["field_5c3b204983dea"],"wpcf-show-at-homepage-first-sec-secondary-slider":["1"],"wpcf-card-image":[""],"_wpcf-card-image-sort-order":["a:1:{i:0;i:509571;}"],"wpcf-news-publish_date":["1530489600"],"_last_translation_edit_mode":["native-editor"],"post_views_count_2019Sep":["39"],"post_views_count_2019Oct":["37"],"post_views_count_2019Nov":["16"],"post_views_count_2019Dec":["25"],"post_views_count_2020Jan":["21"],"post_views_count_2020Feb":["16"],"post_views_count_2020Mar":["20"],"post_views_count_2020Apr":["30"],"post_views_count_2020May":["23"],"post_views_count_2020Jun":["29"],"post_views_count_2020Jul":["24"],"post_views_count_2020Aug":["12"],"post_views_count_2020Sep":["14"],"post_views_count_2020Oct":["20"],"post_views_count_2020Nov":["19"],"post_views_count_2020Dec":["14"],"post_views_count_2021Jan":["17"],"post_views_count_2021Feb":["17"],"post_views_count_2021Mar":["21"],"post_views_count_2021Apr":["18"],"post_views_count_2021May":["14"],"post_views_count_2021Jun":["4"],"post_views_count_2021Jul":["11"],"post_views_total_count":["11"]},"_links":{"self":[{"href":"https:\/\/alj.com\/tr\/wp-json\/wp\/v2\/news\/15814"}],"collection":[{"href":"https:\/\/alj.com\/tr\/wp-json\/wp\/v2\/news"}],"about":[{"href":"https:\/\/alj.com\/tr\/wp-json\/wp\/v2\/types\/news"}],"wp:featuredmedia":[{"embeddable":true,"href":"https:\/\/alj.com\/tr\/wp-json\/wp\/v2\/media\/15296"}],"wp:attachment":[{"href":"https:\/\/alj.com\/tr\/wp-json\/wp\/v2\/media?parent=15814"}],"wp:term":[{"taxonomy":"post_tag","embeddable":true,"href":"https:\/\/alj.com\/tr\/wp-json\/wp\/v2\/tags?post=15814"},{"taxonomy":"newscategory","embeddable":true,"href":"https:\/\/alj.com\/tr\/wp-json\/wp\/v2\/newscategory?post=15814"}],"curies":[{"name":"wp","href":"https:\/\/api.w.org\/{rel}","templated":true}]}}