{"id":18330,"date":"2018-10-01T08:48:21","date_gmt":"2018-10-01T08:48:21","guid":{"rendered":"https:\/\/www.alj.com\/tr\/news\/abdul-latif-jameel-world-education-lab-mit-save-children-come-together-tackle-refugee-education-crisis-middle-east\/"},"modified":"2020-10-20T05:58:54","modified_gmt":"2020-10-20T05:58:54","slug":"abdul-latif-jameel-world-education-lab-mit-save-children-come-together-tackle-refugee-education-crisis-middle-east","status":"publish","type":"news","link":"https:\/\/alj.com\/tr\/news\/abdul-latif-jameel-world-education-lab-mit-save-children-come-together-tackle-refugee-education-crisis-middle-east\/","title":{"rendered":"MIT\u2019teki Abdul Latif Jameel D\u00fcnya E\u011fitim Laboratuvar\u0131 ve \u00c7ocuklar\u0131 Kurtar\u0131n Vakf\u0131 Orta Do\u011fu&#8217;da m\u00fclteci e\u011fitim krizi ile m\u00fccadele etmek i\u00e7in bir araya geliyor"},"content":{"rendered":"<p>J-WEL ve \u00c7ocuklar\u0131 Kurtar\u0131n Vakf\u0131, pilot program\u0131 \u00dcrd\u00fcn\u2019de uygulamak \u00fczere, kriz ortamlar\u0131nda sosyal ve duygusal refah\u0131 \u00f6\u011fretmenlerin profesyonel geli\u015fim programlar\u0131na entegre etmek i\u00e7in birlikte \u00e7al\u0131\u015facaklar.\u00a0<\/p>\n<p>2017 y\u0131l\u0131nda Jameel Toplulu\u011fu taraf\u0131ndan ortak olarak kurulmu\u015f bir sosyal giri\u015fim program\u0131 olan Abdul Latif Jameel D\u00fcnya E\u011fitim Laboratuvar\u0131 (J-WEL) ve Massachusetts Institute of Technology (MIT) bug\u00fcn Orta Do\u011fu\u2019da Suriye\u2019deki sava\u015f nedeniyle bozulan e\u011fitim sistemlerini d\u00fczeltmeye \u00e7al\u0131\u015fan b\u00fcy\u00fck bir inisiyatifi duyurdu. MIT\u2019te yer alan J-WEL \u00f6\u011fretmenlerin kapasitelerini g\u00fc\u00e7lendirmek i\u00e7in \u00c7ocuklar\u0131 Kurtar\u0131n Vakf\u0131\u2019n\u0131n k\u00fcresel e\u011fitim ekibiyle birlikte \u00e7al\u0131\u015f\u0131yor.<\/p>\n<p>MIT ve Jameel Toplumu\u2019ndan ve \u00c7ocuklar\u0131 Kurtar\u0131n Vakf\u0131 uzmanlar\u0131ndan destek alan J-WEL, ilave deste\u011fe ihtiyac\u0131 olanlar i\u00e7in hem \u00f6\u011fretmenlerin refah\u0131 hem de \u00f6\u011fretme kalitesi \u00fczerine e\u011filen kaliteli, koordineli profesyonel geli\u015fim program\u0131 geli\u015ftirmek i\u00e7in bir y\u0131ldan uzun zaman harcad\u0131. \u00c7ocuklar\u0131 Kurtar\u0131n Vakf\u0131 ile J-WEL aras\u0131ndaki i\u015fbirli\u011finin arzusu; farkl\u0131 acil durum \u015fartlar\u0131na adapte edilebilecek ve bunlarla \u00f6l\u00e7eklenebilecek bir pilot program olu\u015fturmak.<\/p>\n<p>2011 y\u0131l\u0131nda kriz ba\u015flad\u0131\u011f\u0131ndan beri neredeyse alt\u0131 milyon ki\u015fi Suriye\u2019den ka\u00e7t\u0131 ve bunlar\u0131n \u00e7o\u011fu Orta Do\u011fu\u2019da kald\u0131. Resmi rakamlara g\u00f6re bir milyondan fazla ki\u015fi \u015fimdi \u00dcrd\u00fcn\u2019de yerle\u015fik; bu da \u00fclke \u00fczerinde, \u00f6zellikle de e\u011fitim sekt\u00f6r\u00fcnde, hat\u0131r\u0131 say\u0131l\u0131r \u00f6l\u00e7\u00fcde bask\u0131 yarat\u0131yor. \u00dcrd\u00fcn\u2019de \u00f6\u011fretmenler a\u015f\u0131r\u0131 zorlay\u0131c\u0131 ortamlarda uluslararas\u0131 \u00f6l\u00e7ekte kabul g\u00f6ren bir e\u011fitim sistemini s\u00fcrd\u00fcrmek i\u00e7in ola\u011fan\u00fcst\u00fc s\u0131k\u0131 \u00e7al\u0131\u015ft\u0131. Suriyeli m\u00fclteciler de dahil olmak \u00fczere, artan okul ya\u015f\u0131na gelmi\u015f n\u00fcfusu kar\u015f\u0131lamak i\u00e7in h\u0131zl\u0131 bir \u015fekilde \u00e7ok say\u0131da \u00f6\u011fretmen i\u015fe al\u0131nd\u0131.<\/p>\n<p>Yeni inisiyatif hakk\u0131nda yap\u0131lan bir toplant\u0131da, \u00c7ocuklar\u0131 Kurtar\u0131n Vakf\u0131 Uluslararas\u0131 \u0130cra Kurulu Ba\u015fkan\u0131 Helle Thorning-Schmidt ve Jameel Toplulu\u011fu Suudi Arabistan Ba\u015fkan\u0131 Hassan Jameel Orta Do\u011fu\u2019da \u00f6\u011frenmeyi d\u00f6n\u00fc\u015ft\u00fcrmeye olan ba\u011fl\u0131l\u0131klar\u0131n\u0131 do\u011frulad\u0131.<\/p>\n<p>Toplant\u0131da konu\u015fan Say\u0131n Jameel \u015fu yorumu yapt\u0131:<\/p>\n<blockquote>\n<p>\u201cJameel Toplumu e\u011fitimi insanlar\u0131n kendi ya\u015famlar\u0131n\u0131 ve \u00e7evrelerindeki ki\u015filerin ya\u015famlar\u0131n\u0131 iyile\u015ftirmeleri i\u00e7in bir ara\u00e7 olarak g\u00f6r\u00fcyor. Bug\u00fcn lansman\u0131 yap\u0131lan projede Jameel Toplumu, J-WEL ve \u00c7ocuklar\u0131 Kurtar\u0131n Vakf\u0131\u2019n\u0131n \u00e7al\u0131\u015fmalar\u0131n\u0131 kusursuz bir \u015fekilde birle\u015ftiren de bu. \u00c7ocuklar\u0131n duygusal geli\u015fimini desteklemek i\u00e7in \u00f6\u011fretmenlerin \u015fefkat g\u00f6stermeleri ve empati kurmalar\u0131 gerekti\u011fini biliyoruz; \u00f6zellikle de kriz ortamlar\u0131nda. Benzer \u015fekilde, kaliteli \u00f6\u011fretim uygulamalar\u0131n\u0131 ve \u00f6\u011frencilerin \u00f6\u011frenme becerilerini \u00f6\u011fretmenlerin profesyonel geli\u015fimine harmanlanm\u0131\u015f bir yakla\u015f\u0131mla geli\u015ftirmek birinci derecede \u00f6nemlidir.\u201d<\/p>\n<\/blockquote>\n<p>\u00c7ocuklar\u0131 Kurtar\u0131n Vakf\u0131 Uluslararas\u0131 \u0130cra Kurulu Ba\u015fkan\u0131 ve Danimarka Eski Ba\u015fbakan\u0131 Helle Thorning-Schmidt \u015funlar\u0131 s\u00f6yledi: \u201c\u00dcrd\u00fcn, Suriye\u2019deki ac\u0131mas\u0131z sava\u015ftan ka\u00e7an y\u00fczbinlerce \u00e7ocu\u011fa s\u0131\u011f\u0131nma sa\u011flayarak b\u00fcy\u00fck \u015fefkat g\u00f6sterdi. Bu \u00e7ocuklar\u0131n \u00e7o\u011fu, hi\u00e7bir \u00e7ocu\u011fun tan\u0131k olmamas\u0131 gereken \u015feyler g\u00f6rd\u00fc ve deneyimledi.<\/p>\n<blockquote>\n<p>\u201cOnlar\u0131n en \u00e7ok ihtiya\u00e7 duyduklar\u0131 \u015fey e\u011fitimin ve iyi bir \u00f6\u011fretmenin sunabilece\u011fi normal hayata d\u00f6nmek.\u00a0 Program\u0131m\u0131z \u00f6\u011fretmenlere bu \u00e7ocuklara sava\u015f\u0131n g\u00f6r\u00fcnmez yaralar\u0131n\u0131 sarmalar\u0131 ve her \u00e7ocu\u011fun almas\u0131 gereken kaliteli e\u011fitimi almalar\u0131 i\u00e7in destek olarak yard\u0131mc\u0131 olmay\u0131 hedefleyecek.\u201d<\/p>\n<\/blockquote>\n<p>\u00c7ocuklar\u0131 Kurtar\u0131n Vakf\u0131\u2019n\u0131n <em>G\u00f6r\u00fcnmez Yaralar<\/em> raporu \u2013 Suriye\u2019deki sivil sava\u015f s\u0131ras\u0131nda y\u00fcr\u00fct\u00fclen benzeri ara\u015ft\u0131rmalar\u0131n en b\u00fcy\u00fc\u011f\u00fc \u2013 Suriyeli \u00e7ocuklar aras\u0131nda deh\u015fet verici ak\u0131l sa\u011fl\u0131\u011f\u0131 krizi g\u00f6r\u00fcld\u00fc\u011f\u00fcn\u00fc ortaya koydu. Konu\u015ftuklar\u0131 \u00e7ocuklar kendi kendine zarar verme, intihar giri\u015fimi, alt\u0131n\u0131 \u0131slatma, konu\u015fma problemleri ve agresif ya da i\u00e7ine kapan\u0131k davran\u0131\u015f oranlar\u0131nda art\u0131\u015f oldu\u011funu a\u00e7\u0131klad\u0131. Ak\u0131l sa\u011fl\u0131\u011f\u0131 uzmanlar\u0131 Suriyeli \u00e7ocuklar\u0131n geli\u015fim sorunlar\u0131na yol a\u00e7abilecek \u2018toksik stres\u2019 belirtileri g\u00f6sterdi\u011fi konusunda da uyard\u0131.\u00a0<\/p>\n<p>Duyuru, Birle\u015fmi\u015f Milletler Genel Kurul Toplant\u0131s\u0131 s\u0131ras\u0131nda ger\u00e7ekle\u015ftirilen, m\u00fcltecilere e\u011fitim sa\u011flamak i\u00e7in uzun s\u00fcreli mutabakatlar\u0131 h\u0131zland\u0131rmak ve geli\u015ftirmek i\u00e7in d\u00fcnya liderlerine \u00e7a\u011fr\u0131da bulunan \u00fcst d\u00fczey bir toplant\u0131 s\u0131ras\u0131nda yap\u0131ld\u0131. BM M\u00fclteciler Y\u00fcksek Komiseri Filippo Grandi ile \u0130nsani Yard\u0131m ve Kriz Y\u00f6netiminden Sorumlu Komisyon \u00dcyesi Christos Stylianides\u2019in de kat\u0131l\u0131mc\u0131lar\u0131 aras\u0131nda bulundu\u011fu toplant\u0131da m\u00fclteci n\u00fcfusu ulusal e\u011fitim sistemlerine dahil etmek ve finansman da dahil olmak \u00fczere daha fazla sorumluluk payla\u015f\u0131m\u0131n\u0131 desteklemek i\u00e7in \u00e7aba harcand\u0131.<\/p>\n<p><strong>Edit\u00f6rler i\u00e7in Notlar<\/strong><\/p>\n<p>120 \u00fclkede \u00e7al\u0131\u015fmalar\u0131n\u0131 y\u00fcr\u00fcten \u00c7ocuklar\u0131 Kurtar\u0131n Vakf\u0131 ge\u00e7en y\u0131l 56 milyon \u00e7ocu\u011fa ula\u015ft\u0131. Vak\u0131f, Orta Do\u011fu\u2019da \u00e7ocuk m\u00fclteciler i\u00e7in acil durum yard\u0131m\u0131, malzeme ve e\u011fitim sa\u011flamak i\u00e7in \u00e7al\u0131\u015f\u0131yor. (M\u00fclteci e\u011fitimi \u00fczerine yapt\u0131\u011f\u0131m\u0131z mevcut e\u011fitim program\u0131 \u00e7al\u0131\u015fmalar\u0131 hakk\u0131nda daha ayr\u0131nt\u0131l\u0131 bilgi girin).<\/p>\n<p>Bu programda ara\u015ft\u0131r\u0131labilecek \u00e7\u00f6z\u00fcm t\u00fcrleri:<\/p>\n<ul>\n<li>\u00dcrd\u00fcn\u2019de \u00e7ocuklar beklenenden daha d\u00fc\u015f\u00fck ba\u015far\u0131 sergiliyor ve s\u0131n\u0131f ortam\u0131n\u0131 stresli buluyor. Bir milyondan fazla Suriyeli \u00dcrd\u00fcn\u2019e ka\u00e7t\u0131; bunlar\u0131n 660.000\u2019i kay\u0131tl\u0131 m\u00fclteci. Sonu\u00e7 olarak, hem \u00dcrd\u00fcnl\u00fc hem de Suriyeli \u00e7ocuklar s\u0131n\u0131fta geli\u015fimi engelleyen \u00e7ok say\u0131da engelle kar\u015f\u0131la\u015f\u0131yor.<\/li>\n<li>Uluslararas\u0131 \u00d6\u011frenci De\u011ferlendirme Program\u0131 (PISA)\u2019ya g\u00f6re, 15 ya\u015f\u0131ndaki \u00dcrd\u00fcnl\u00fc \u00e7ocuklar\u0131n yar\u0131s\u0131ndan fazlas\u0131 2015 y\u0131l\u0131nda fen bilimleri, okuma ve matematik alanlar\u0131nda temel yeterlik seviyesine eri\u015femedi (OECD ortalamas\u0131n\u0131n iki kat\u0131) ve \u00dcrd\u00fcn PISA\u2019ya kat\u0131lan \u00fclkeler ve ekonomiler aras\u0131nda en d\u00fc\u015f\u00fck puanlardan birini ald\u0131.<\/li>\n<li>Yedi y\u0131ldan uzun zaman \u00f6nce Suriye\u2019deki sava\u015f ba\u015flad\u0131\u011f\u0131ndan beri, \u00dcrd\u00fcn E\u011fitim Bakanl\u0131\u011f\u0131 m\u00fclteci \u00e7ocuklara \u00f6zg\u00fc e\u011fitim ihtiya\u00e7lar\u0131n\u0131 kar\u015f\u0131layabilmek i\u00e7in \u00e7ok say\u0131da at\u0131m att\u0131. Bunlar aras\u0131nda yeni \u00f6\u011fretmenlerin i\u015fe al\u0131nmas\u0131, Suriyeli \u00e7ocuklar\u0131n devlet okuluna \u00fccretsiz olarak kaydedilmesine izin verilmesi ve ikili \u00f6\u011fretim yapan okullarda ikinci \u00f6\u011fretim uygulanmas\u0131 da yer al\u0131yordu.<\/li>\n<li>UNHCR\u2019ye g\u00f6re, g\u00f6zetimimiz alt\u0131ndaki 17,2 milyon m\u00fclteciden 6,4 milyonu 5 ila 17 ya\u015f aras\u0131 okul \u00e7a\u011f\u0131ndaki \u00e7ocuklar. E\u011fitime eri\u015fimleri k\u0131s\u0131tl\u0131 ve 3,5 milyonu okula gidemiyor.<\/li>\n<li>M\u00fclteci \u00e7ocuklar\u0131n sadece y\u00fczde 61\u2019i ilkokula gidebiliyor; k\u00fcresel ortalama y\u00fczde 91<strong>.<\/strong><\/li>\n<\/ul>\n<p><strong>2016 UNGA d\u00fczenlemeleri hakk\u0131nda ayr\u0131nt\u0131lar <\/strong><\/p>\n<p>Eyl\u00fcl 2016\u2019da d\u00fcnya m\u00fcltecilere verilen s\u00f6zler etraf\u0131nda birle\u015fti; y\u00fcksek seviyede iki etkinlikte iddial\u0131 taahh\u00fctler verildi. \u0130lk etkinlik M\u00fclteciler ve G\u00f6\u00e7menler Zirvesi\u2019ne ev sahipli\u011fi yapan BM Genel Kurulu (UNGA)\u2019yd\u0131. Zirvede 193 \u00fcye devlet, insan haklar\u0131 ve sorumluluk payla\u015f\u0131mlar\u0131 prensipleriyle alt\u0131 \u00e7izilen, d\u00fcnyan\u0131n genelinde say\u0131lar\u0131 artan m\u00fcltecilerin ve g\u00f6\u00e7menlerin ihtiya\u00e7lar\u0131 \u00fczerine e\u011filen k\u00fcresel bir plan olan M\u00fclteci ve G\u00f6\u00e7menler i\u00e7in New York Deklarasyonu\u2019nu imzalad\u0131. Bu iki s\u00fcreci harekete ge\u00e7irdi: ilki Kapsaml\u0131 M\u00fclteci M\u00fcdahale \u00c7er\u00e7evesi, ikincisi ise M\u00fclteciler i\u00e7in K\u00fcresel S\u00f6zle\u015fme. \u0130kinci etkinlik K\u00fcresel M\u00fclteci Krizi ile ilgili Liderler Zirvesi\u2019ydi. Bu etkinli\u011fe kat\u0131l\u0131m h\u00fck\u00fcmetlerin m\u00fcltecilere daha fazla destek taahh\u00fcd\u00fcnde bulunmalar\u0131n\u0131 gerektirdi.<\/p>\n<p><strong>Jameel Toplulu\u011fu Hakk\u0131nda<\/strong><\/p>\n<p>Jameel Toplulu\u011fu, toplumlar\u0131n geni\u015f bir \u00e7e\u015fitlilikteki giri\u015fimler yoluyla kendilerini d\u00f6n\u00fc\u015ft\u00fcrmelerine yard\u0131mc\u0131 olan bir sosyal giri\u015fim program\u0131d\u0131r. Ortado\u011fu&#8217;da ve d\u00fcnyan\u0131n di\u011fer b\u00f6lgelerinde i\u015f f\u0131rsatlar\u0131 yaratmak, i\u015fsizli\u011fe \u00e7\u00f6z\u00fcm bulmak, sanat ve k\u00fclt\u00fcr\u00fc te\u015fvik etmek, yolsuzlu\u011fu azaltmak ve g\u0131da ve su g\u00fcvenli\u011fine y\u00f6nelik ara\u015ft\u0131rmalar\u0131 m\u00fcmk\u00fcn k\u0131lmak ve e\u011fitim ve staj f\u0131rsatlar\u0131 sunmak i\u00e7in faaliyet g\u00f6stermektedir.<\/p>\n<p>Jameel Toplulu\u011fu, hayat\u0131 boyunca on binlerce dezavantajl\u0131 insan\u0131n ya\u015famlar\u0131n\u0131 iyile\u015ftirmesine yard\u0131m etmi\u015f olan, Abdul Latif Jameel i\u015fletmesinin kurucusu merhum Abdul Latif Jameel taraf\u0131ndan 1940&#8217;l\u0131 y\u0131llarda ba\u015flat\u0131lan bir gelenek olarak Jameel ailesinin toplulu\u011fu destekleme giri\u015fimini s\u00fcrd\u00fcrmek amac\u0131yla 2003 y\u0131l\u0131nda resmen kurulmu\u015ftur.<\/p>\n<p>Daha fazla bilgi i\u00e7in; www.communityjameel.org adresini ziyaret edin<\/p>\n<p><strong>J-WEL Hakk\u0131nda<\/strong><\/p>\n<p>Bu y\u0131l\u0131n ba\u015f\u0131nda lansman\u0131 yap\u0131lan Abdul Latif Jameel D\u00fcnya E\u011fitim Laboratuvar\u0131 (J-WEL), MIT ve Jameel Toplumu aras\u0131ndaki bir i\u015fbirli\u011fidir. K\u00fcresel \u00f6l\u00e7ekte i\u015fbirli\u011fine dayanan bu giri\u015fim e\u011fitimin etki d\u00fczeyinde ve eri\u015fim alan\u0131nda devrim yarat\u0131lmas\u0131 i\u00e7in e\u011fitimcilere, \u00fcniversitelere, h\u00fck\u00fcmetlere ve \u015firketlere yard\u0131mc\u0131 olacakt\u0131r ve t\u00fcm d\u00fcnyada teknolojik geli\u015fme, k\u00fcreselle\u015fme ve daha iyi hayat standartlar\u0131 ara\u015ft\u0131rma nedeni ile k\u00f6kten de\u011fi\u015fikli\u011fe u\u011fram\u0131\u015f bir i\u015fg\u00fcc\u00fc pazar\u0131 i\u00e7in her yerdeki insanlar\u0131n haz\u0131rlanmas\u0131na yard\u0131mc\u0131 olmay\u0131 ama\u00e7lamaktad\u0131r. Geli\u015fen d\u00fcnyadaki \u00f6\u011frenciler, kad\u0131nlar ve k\u0131z \u00e7ocuklar\u0131 gibi yeterince e\u011fitim hizmeti alamayan toplumsal kesimler ve g\u00f6\u00e7menler de dahil olmak \u00fczere gittik\u00e7e artan say\u0131daki yerlerinden edilmi\u015f toplumlar J-WEL\u2019in temel kayg\u0131lar\u0131 aras\u0131nda olacakt\u0131r.<\/p>\n<p><strong>\u00c7ocuklar\u0131 Kurtar\u0131n Vakf\u0131 Hakk\u0131nda <\/strong><\/p>\n<p>\u00c7ocuklar\u0131 Kurtar\u0131n Vakf\u0131 her \u00e7ocu\u011fun bir gelece\u011fi haketti\u011fine inan\u0131yor.\u00a0 Her g\u00fcn \u00e7ocuklar\u0131n ya\u015famlar\u0131na sa\u011fl\u0131kl\u0131 ba\u015flamalar\u0131n\u0131 sa\u011flamak, onlara \u00f6\u011frenme f\u0131rsat\u0131 ve tehlikeden korunma f\u0131rsat\u0131 sunmak i\u00e7in \u00e7al\u0131\u015f\u0131yoruz. \u00c7ocuklar i\u00e7in, g\u00fcnl\u00fck ya\u015famda ve kriz zamanlar\u0131nda, ne gerekiyorsa yap\u0131yoruz; ya\u015famlar\u0131n\u0131 ve ortak gelece\u011fimizi d\u00f6n\u00fc\u015ft\u00fcr\u00fcyoruz. Daha fazla bilgi i\u00e7in: <a href=\"http:\/\/www.savethechildren.org.uk\/\">www.savethechildren.org.uk<\/a> adresini ziyaret edin.<\/p>\n<p><strong> agreements<\/strong><\/p>\n<p>September 2016 saw the world unite around the plight of refugees with ambitious commitments made at two high-level events. The first event was the UN General Assembly (UNGA), which hosted the UN Summit on Refugees and Migrants. At the Summit 193 member states signed the New York Declaration for Refugees and Migrants, a global plan to address the needs of the growing number of refugees and migrants around the world, underscored by principles of human rights and responsibility sharing. This set in motion two processes: firstly the development of the Comprehensive Refugee Response Framework and secondly the Global Compact on refugees. The second event was the Leaders\u2019 Summit on the Global Refugee Crisis. Participation in this event required governments to make pledges of additional support to refugees.<\/p>\n","protected":false},"featured_media":16002,"template":"","tags":[],"newscategory":[149],"acf":[],"yoast_head":"<!-- This site is optimized with the Yoast SEO plugin v21.5 - https:\/\/yoast.com\/wordpress\/plugins\/seo\/ -->\n<title>Ortado\u011fu&#039;da M\u00fclteci E\u011fitimi Kriziyle M\u00fccadele | Abdul Latif Jameel\u00ae<\/title>\n<meta name=\"description\" content=\"MIT&#039;deki Abdul Latif Jameel D\u00fcnya E\u011fitim Laboratuvar\u0131 ve \u00c7ocuklar\u0131 Kurtar\u0131n Vakfi, Orta Do\u011fu&#039;da m\u00fclteci e\u011fitimi kriziyle m\u00fccadele etmek i\u00e7in bir araya geliyor.\" \/>\n<meta name=\"robots\" content=\"index, follow, max-snippet:-1, max-image-preview:large, max-video-preview:-1\" \/>\n<link rel=\"canonical\" href=\"https:\/\/alj.com\/tr\/news\/abdul-latif-jameel-world-education-lab-mit-save-children-come-together-tackle-refugee-education-crisis-middle-east\/\" \/>\n<meta property=\"og:locale\" content=\"tr_TR\" \/>\n<meta property=\"og:type\" content=\"article\" \/>\n<meta property=\"og:title\" content=\"Ortado\u011fu&#039;da M\u00fclteci E\u011fitimi Kriziyle M\u00fccadele | Abdul Latif Jameel\u00ae\" \/>\n<meta property=\"og:description\" content=\"MIT&#039;deki Abdul Latif Jameel D\u00fcnya E\u011fitim Laboratuvar\u0131 ve \u00c7ocuklar\u0131 Kurtar\u0131n Vakfi, Orta Do\u011fu&#039;da m\u00fclteci e\u011fitimi kriziyle m\u00fccadele etmek i\u00e7in bir araya geliyor.\" \/>\n<meta property=\"og:url\" content=\"https:\/\/alj.com\/tr\/news\/abdul-latif-jameel-world-education-lab-mit-save-children-come-together-tackle-refugee-education-crisis-middle-east\/\" \/>\n<meta property=\"og:site_name\" content=\"Abdul Latif Jameel\" \/>\n<meta property=\"article:publisher\" content=\"https:\/\/www.facebook.com\/Abdul.Latif.Jameel.Official\" \/>\n<meta property=\"article:modified_time\" content=\"2020-10-20T05:58:54+00:00\" \/>\n<meta property=\"og:image\" content=\"https:\/\/media.alj.com\/app\/uploads\/2018\/10\/Save-the-children.jpg\" \/>\n\t<meta property=\"og:image:width\" content=\"775\" \/>\n\t<meta property=\"og:image:height\" content=\"775\" \/>\n\t<meta property=\"og:image:type\" content=\"image\/jpeg\" \/>\n<meta name=\"twitter:card\" content=\"summary_large_image\" \/>\n<meta name=\"twitter:label1\" content=\"Est. reading time\" \/>\n\t<meta name=\"twitter:data1\" content=\"9 minutes\" \/>\n<script type=\"application\/ld+json\" class=\"yoast-schema-graph\">{\"@context\":\"https:\/\/schema.org\",\"@graph\":[{\"@type\":\"WebPage\",\"@id\":\"https:\/\/alj.com\/tr\/news\/abdul-latif-jameel-world-education-lab-mit-save-children-come-together-tackle-refugee-education-crisis-middle-east\/\",\"url\":\"https:\/\/alj.com\/tr\/news\/abdul-latif-jameel-world-education-lab-mit-save-children-come-together-tackle-refugee-education-crisis-middle-east\/\",\"name\":\"Ortado\u011fu'da M\u00fclteci E\u011fitimi Kriziyle M\u00fccadele | Abdul Latif Jameel\u00ae\",\"isPartOf\":{\"@id\":\"https:\/\/alj.com\/en\/#website\"},\"datePublished\":\"2018-10-01T08:48:21+00:00\",\"dateModified\":\"2020-10-20T05:58:54+00:00\",\"description\":\"MIT'deki Abdul Latif Jameel D\u00fcnya E\u011fitim Laboratuvar\u0131 ve \u00c7ocuklar\u0131 Kurtar\u0131n Vakfi, Orta Do\u011fu'da m\u00fclteci e\u011fitimi kriziyle m\u00fccadele etmek i\u00e7in bir araya geliyor.\",\"breadcrumb\":{\"@id\":\"https:\/\/alj.com\/tr\/news\/abdul-latif-jameel-world-education-lab-mit-save-children-come-together-tackle-refugee-education-crisis-middle-east\/#breadcrumb\"},\"inLanguage\":\"tr\",\"potentialAction\":[{\"@type\":\"ReadAction\",\"target\":[\"https:\/\/alj.com\/tr\/news\/abdul-latif-jameel-world-education-lab-mit-save-children-come-together-tackle-refugee-education-crisis-middle-east\/\"]}]},{\"@type\":\"BreadcrumbList\",\"@id\":\"https:\/\/alj.com\/tr\/news\/abdul-latif-jameel-world-education-lab-mit-save-children-come-together-tackle-refugee-education-crisis-middle-east\/#breadcrumb\",\"itemListElement\":[{\"@type\":\"ListItem\",\"position\":1,\"name\":\"Home\",\"item\":\"https:\/\/alj.com\/tr\/\"},{\"@type\":\"ListItem\",\"position\":2,\"name\":\"News\",\"item\":\"https:\/\/alj.com\/en\/news\/\"},{\"@type\":\"ListItem\",\"position\":3,\"name\":\"MIT\u2019teki Abdul Latif Jameel D\u00fcnya E\u011fitim Laboratuvar\u0131 ve \u00c7ocuklar\u0131 Kurtar\u0131n Vakf\u0131 Orta Do\u011fu&#8217;da m\u00fclteci e\u011fitim krizi ile m\u00fccadele etmek i\u00e7in bir araya geliyor\"}]},{\"@type\":\"WebSite\",\"@id\":\"https:\/\/alj.com\/en\/#website\",\"url\":\"https:\/\/alj.com\/en\/\",\"name\":\"Abdul Latif Jameel\",\"description\":\"Abdul Latif Jameel\",\"potentialAction\":[{\"@type\":\"SearchAction\",\"target\":{\"@type\":\"EntryPoint\",\"urlTemplate\":\"https:\/\/alj.com\/en\/?s={search_term_string}\"},\"query-input\":\"required name=search_term_string\"}],\"inLanguage\":\"tr\"}]}<\/script>\n<!-- \/ Yoast SEO plugin. -->","yoast_head_json":{"title":"Ortado\u011fu'da M\u00fclteci E\u011fitimi Kriziyle M\u00fccadele | Abdul Latif Jameel\u00ae","description":"MIT'deki Abdul Latif Jameel D\u00fcnya E\u011fitim Laboratuvar\u0131 ve \u00c7ocuklar\u0131 Kurtar\u0131n Vakfi, Orta Do\u011fu'da m\u00fclteci e\u011fitimi kriziyle m\u00fccadele etmek i\u00e7in bir araya geliyor.","robots":{"index":"index","follow":"follow","max-snippet":"max-snippet:-1","max-image-preview":"max-image-preview:large","max-video-preview":"max-video-preview:-1"},"canonical":"https:\/\/alj.com\/tr\/news\/abdul-latif-jameel-world-education-lab-mit-save-children-come-together-tackle-refugee-education-crisis-middle-east\/","og_locale":"tr_TR","og_type":"article","og_title":"Ortado\u011fu'da M\u00fclteci E\u011fitimi Kriziyle M\u00fccadele | Abdul Latif Jameel\u00ae","og_description":"MIT'deki Abdul Latif Jameel D\u00fcnya E\u011fitim Laboratuvar\u0131 ve \u00c7ocuklar\u0131 Kurtar\u0131n Vakfi, Orta Do\u011fu'da m\u00fclteci e\u011fitimi kriziyle m\u00fccadele etmek i\u00e7in bir araya geliyor.","og_url":"https:\/\/alj.com\/tr\/news\/abdul-latif-jameel-world-education-lab-mit-save-children-come-together-tackle-refugee-education-crisis-middle-east\/","og_site_name":"Abdul Latif Jameel","article_publisher":"https:\/\/www.facebook.com\/Abdul.Latif.Jameel.Official","article_modified_time":"2020-10-20T05:58:54+00:00","og_image":[{"width":775,"height":775,"url":"https:\/\/media.alj.com\/app\/uploads\/2018\/10\/Save-the-children.jpg","type":"image\/jpeg"}],"twitter_card":"summary_large_image","twitter_misc":{"Est. reading time":"9 minutes"},"schema":{"@context":"https:\/\/schema.org","@graph":[{"@type":"WebPage","@id":"https:\/\/alj.com\/tr\/news\/abdul-latif-jameel-world-education-lab-mit-save-children-come-together-tackle-refugee-education-crisis-middle-east\/","url":"https:\/\/alj.com\/tr\/news\/abdul-latif-jameel-world-education-lab-mit-save-children-come-together-tackle-refugee-education-crisis-middle-east\/","name":"Ortado\u011fu'da M\u00fclteci E\u011fitimi Kriziyle M\u00fccadele | Abdul Latif Jameel\u00ae","isPartOf":{"@id":"https:\/\/alj.com\/en\/#website"},"datePublished":"2018-10-01T08:48:21+00:00","dateModified":"2020-10-20T05:58:54+00:00","description":"MIT'deki Abdul Latif Jameel D\u00fcnya E\u011fitim Laboratuvar\u0131 ve \u00c7ocuklar\u0131 Kurtar\u0131n Vakfi, Orta Do\u011fu'da m\u00fclteci e\u011fitimi kriziyle m\u00fccadele etmek i\u00e7in bir araya geliyor.","breadcrumb":{"@id":"https:\/\/alj.com\/tr\/news\/abdul-latif-jameel-world-education-lab-mit-save-children-come-together-tackle-refugee-education-crisis-middle-east\/#breadcrumb"},"inLanguage":"tr","potentialAction":[{"@type":"ReadAction","target":["https:\/\/alj.com\/tr\/news\/abdul-latif-jameel-world-education-lab-mit-save-children-come-together-tackle-refugee-education-crisis-middle-east\/"]}]},{"@type":"BreadcrumbList","@id":"https:\/\/alj.com\/tr\/news\/abdul-latif-jameel-world-education-lab-mit-save-children-come-together-tackle-refugee-education-crisis-middle-east\/#breadcrumb","itemListElement":[{"@type":"ListItem","position":1,"name":"Home","item":"https:\/\/alj.com\/tr\/"},{"@type":"ListItem","position":2,"name":"News","item":"https:\/\/alj.com\/en\/news\/"},{"@type":"ListItem","position":3,"name":"MIT\u2019teki Abdul Latif Jameel D\u00fcnya E\u011fitim Laboratuvar\u0131 ve \u00c7ocuklar\u0131 Kurtar\u0131n Vakf\u0131 Orta Do\u011fu&#8217;da m\u00fclteci e\u011fitim krizi ile m\u00fccadele etmek i\u00e7in bir araya geliyor"}]},{"@type":"WebSite","@id":"https:\/\/alj.com\/en\/#website","url":"https:\/\/alj.com\/en\/","name":"Abdul Latif Jameel","description":"Abdul Latif Jameel","potentialAction":[{"@type":"SearchAction","target":{"@type":"EntryPoint","urlTemplate":"https:\/\/alj.com\/en\/?s={search_term_string}"},"query-input":"required name=search_term_string"}],"inLanguage":"tr"}]}},"post-meta-fields":{"_alp_processed":["1547035517"],"news_slider_short_title":["J-WEL ve \u00c7ocuklar\u0131 Birlikte \u00c7al\u0131\u015fmak \u0130\u00e7in Kurtar\u0131n"],"news_summary":["<p>J-WEL ve \u00c7ocuklar\u0131 Kurtar\u0131n Vakf\u0131, pilot program\u0131 \u00dcrd\u00fcn\u2019de uygulamak \u00fczere, kriz ortamlar\u0131nda sosyal ve duygusal refah\u0131 \u00f6\u011fretmenlerin profesyonel geli\u015fim programlar\u0131na entegre etmek i\u00e7in birlikte \u00e7al\u0131\u015facaklar.\u00a0<\/p>\n"],"news-location":["New York, ABD"],"wpcf-featured-news":["1"],"_yoast_wpseo_content_score":["30"],"_yoast_wpseo_focuskw_text_input":["education crisis"],"_yoast_wpseo_focuskw":["education crisis"],"_yoast_wpseo_linkdex":["56"],"publish_mobile":["a:1:{i:0;s:3:\"yes\";}"],"_publish_mobile":["field_5bfa8eb2e65cf"],"_thumbnail_id":["16002"],"_wpml_media_duplicate":["1"],"_wp_attachment_metadata":[""],"push_notification":["no"],"_push_notification":["field_5c3b1fb67034d"],"mobile_featured_image":["https:\/\/alj.com\/app\/themes\/alj\/assets\/images\/defaultmobilethumb.jpg"],"_mobile_featured_image":["field_5c3b204983dea"],"_wpcf-card-image-sort-order":["a:1:{i:0;i:853529;}"],"_last_translation_edit_mode":["native-editor"],"_yoast_wpseo_title":["Ortado\u011fu'da M\u00fclteci E\u011fitimi Kriziyle M\u00fccadele | Abdul Latif Jameel\u00ae"],"_yoast_wpseo_metadesc":["MIT'deki Abdul Latif Jameel D\u00fcnya E\u011fitim Laboratuvar\u0131 ve \u00c7ocuklar\u0131 Kurtar\u0131n Vakfi, Orta Do\u011fu'da m\u00fclteci e\u011fitimi kriziyle m\u00fccadele etmek i\u00e7in bir araya geliyor."],"post_views_count_2019Sep":["39"],"post_views_count_2019Oct":["34"],"post_views_count_2019Nov":["21"],"post_views_count_2019Dec":["26"],"post_views_count_2020Jan":["26"],"post_views_count_2020Feb":["19"],"post_views_count_2020Mar":["26"],"post_views_count_2020Apr":["35"],"post_views_count_2020May":["20"],"post_views_count_2020Jun":["25"],"post_views_count_2020Jul":["21"],"post_views_count_2020Aug":["16"],"post_views_count_2020Sep":["12"],"post_views_count_2020Oct":["26"],"news_business_sector":["\u015eirket"],"_yoast_wpseo_primary_newscategory":[""],"wpcf-show-at-homepage-first-sec-secondary-slider":["1"],"wpcf-card-image":[""],"wpcf-news-publish_date":["1537920000"],"_bsf_post_type":["0"],"_bsf_item_review_type":["none"],"post_views_count_2020Nov":["17"],"post_views_count_2020Dec":["13"],"post_views_count_2021Jan":["20"],"post_views_count_2021Feb":["16"],"post_views_count_2021Mar":["24"],"post_views_count_2021Apr":["19"],"post_views_count_2021May":["15"],"post_views_count_2021Jun":["4"],"post_views_count_2021Jul":["15"],"post_views_total_count":["15"]},"_links":{"self":[{"href":"https:\/\/alj.com\/tr\/wp-json\/wp\/v2\/news\/18330"}],"collection":[{"href":"https:\/\/alj.com\/tr\/wp-json\/wp\/v2\/news"}],"about":[{"href":"https:\/\/alj.com\/tr\/wp-json\/wp\/v2\/types\/news"}],"wp:featuredmedia":[{"embeddable":true,"href":"https:\/\/alj.com\/tr\/wp-json\/wp\/v2\/media\/16002"}],"wp:attachment":[{"href":"https:\/\/alj.com\/tr\/wp-json\/wp\/v2\/media?parent=18330"}],"wp:term":[{"taxonomy":"post_tag","embeddable":true,"href":"https:\/\/alj.com\/tr\/wp-json\/wp\/v2\/tags?post=18330"},{"taxonomy":"newscategory","embeddable":true,"href":"https:\/\/alj.com\/tr\/wp-json\/wp\/v2\/newscategory?post=18330"}],"curies":[{"name":"wp","href":"https:\/\/api.w.org\/{rel}","templated":true}]}}