{"id":53065,"date":"2019-10-10T07:34:25","date_gmt":"2019-10-10T07:34:25","guid":{"rendered":"http:\/\/www.alj.com\/news\/save-the-children-jordan-launches-tree-program-transforming-refugee-education-towards-excellence-to-support-the-educational-process-in-jordan\/"},"modified":"2019-12-19T04:41:57","modified_gmt":"2019-12-19T04:41:57","slug":"save-the-children-jordan-launches-tree-program-transforming-refugee-education-towards-excellence-to-support-the-educational-process-in-jordan","status":"publish","type":"news","link":"https:\/\/alj.com\/tr\/news\/save-the-children-jordan-launches-tree-program-transforming-refugee-education-towards-excellence-to-support-the-educational-process-in-jordan\/","title":{"rendered":"Save the Children \u00dcrd\u00fcn, \u00dcrd\u00fcn&#8217;deki e\u011fitim s\u00fcrecini desteklemek i\u00e7in \u201cM\u00fclteci E\u011fitimini M\u00fckemmelli\u011fe D\u00f6n\u00fc\u015ft\u00fcrmek\u201d yani TREE program\u0131n\u0131 (Transforming Refugee Education towards Excellence) ba\u015flatt\u0131"},"content":{"rendered":"<p><a href=\"https:\/\/jordan.savethechildren.net\/\">Save the Children \u00dcrd\u00fcn<\/a> ve <a href=\"https:\/\/jwel.mit.edu\/\">Abdul Latif Jameel D\u00fcnya E\u011fitim Laboratuvar\u0131<\/a> (J-WEL), <a href=\"https:\/\/www.mit.edu\/\">Massachusetts Teknoloji Enstit\u00fcs\u00fc<\/a>\u2018nde (MIT) <a href=\"http:\/\/www.moe.gov.jo\/en\/\">\u00dcrd\u00fcn E\u011fitim Bakanl\u0131\u011f\u0131<\/a>, <a href=\"http:\/\/www.communityjameel.org\">Community Jameel<\/a> ve <a href=\"http:\/\/www.dubaicares.ae\/en\">Dubai Cares<\/a> ile birlikte \u00dcrd\u00fcn&#8217;de ilk ve orta \u00f6\u011fretimde kar\u015f\u0131la\u015f\u0131lan zorluklar\u0131n \u00fcstesinden gelmeyi ama\u00e7layan, M\u00fclteci E\u011fitimini M\u00fckemmellik Alan\u0131na D\u00f6n\u00fc\u015ft\u00fcrme (TREE) program\u0131n\u0131 ba\u015flatt\u0131.<\/p>\n<p>Program, Save the Children kurumunun, yenilik\u00e7i metodolojiler ve ara\u00e7lar kullanarak \u00f6\u011fretmenlere ki\u015fisel ve profesyonel d\u00fczeyde fayda sa\u011flayan pek \u00e7ok e\u011fitim program\u0131ndan biridir. \u00d6\u011fretmenler, e\u011fitimi tamamlad\u0131ktan sonra, bu ara\u00e7lar\u0131 s\u0131n\u0131flar\u0131nda uygulayabilir ve b\u00f6ylece \u00f6\u011frenciler akademik ba\u015far\u0131lar\u0131n\u0131 geli\u015ftirebilirler.<\/p>\n<p>Bu pilot program, Birle\u015fik Krall\u0131k genelindeki devlet okullar\u0131nda 745.000 \u00f6\u011frenciye yarar sa\u011flama ama\u00e7l\u0131d\u0131r. \u00d6\u011fretmenler, ortaklar\u0131n di\u011fer alanlara ula\u015fmak i\u00e7in kendilerini alabilecekleri e\u015fsiz bir modelin tamamlanmas\u0131na dolayl\u0131 olarak katk\u0131da bulunacakt\u0131r.<\/p>\n<p><iframe loading=\"lazy\" width=\"560\" height=\"315\" src=\"https:\/\/www.youtube.com\/embed\/dV5sp6D7tYc\" frameborder=\"0\" allow=\"accelerometer; autoplay; encrypted-media; gyroscope; picture-in-picture\" allowfullscreen><\/iframe><\/p>\n<p>Save the Children \u00dcrd\u00fcn Genel M\u00fcd\u00fcr\u00fc Diala Al Khamra:<\/p>\n<blockquote>\n<p>\u201cBu i\u015fbirli\u011fi, \u00f6\u011fretmenlerin kapasitesini art\u0131rarak ve devlet okullar\u0131nda (TREE) e\u011fitim s\u00fcrecini geli\u015ftirerek ve okul ortam\u0131n\u0131 arkada\u015f\u00e7a bir \u00f6\u011frenme ortam\u0131na d\u00f6n\u00fc\u015ft\u00fcrecek \u00f6\u011fretmenlerin sosyal ve duygusal y\u00f6nlerine odaklanarak \u00e7ocuklar\u0131 ve e\u011fitimlerini korumay\u0131 ama\u00e7l\u0131yor.&#8221; diye konu\u015ftu.<\/p>\n<\/blockquote>\n<p>J-WEL \u0130cra Direkt\u00f6r\u00fc <a href=\"http:\/\/web.mit.edu\/vkumar\/www\/\">Dr. M.S. Vijay Kumar<\/a>:<\/p>\n<blockquote>\n<p>\u201cBu i\u015f\u00a0birli\u011fine dayanan giri\u015fimin, e\u011fitimcileri, \u00e7ocuklar i\u00e7in olumlu \u00f6\u011frenme f\u0131rsatlar\u0131na yol a\u00e7an refah d\u00fczeyleri ve yeteneklerini g\u00fc\u00e7lendirmek i\u00e7in onlar\u0131 gerekli ara\u00e7 ve tekniklerle donatmas\u0131n\u0131 umuyoruz. Bu \u00e7al\u0131\u015fman\u0131n b\u00f6lge ve ba\u015fka yerler i\u00e7in bir model olmas\u0131n\u0131 bekliyoruz,\u201d diye konu\u015ftu.<\/p>\n<\/blockquote>\n<p>TREE program\u0131, Save the Children \u00dcrd\u00fcn\u2019\u00fcn t\u00fcm \u00e7ocuklar\u0131n kaliteli e\u011fitime eri\u015febilmelerini sa\u011flamak i\u00e7in edindi\u011fi g\u00f6revin di\u011fer giri\u015fimler aras\u0131nda Pearson ile ortakla\u015fa ger\u00e7ekle\u015ftirilen \u201cEvery Child Learning (ECL)\u201d program\u0131, dijital \u00f6\u011frenmeye eri\u015fim, iyile\u015ftirici derslerin yan\u0131 s\u0131ra \u00f6\u011fretmenlere s\u00fcrekli e\u011fitim ve destek de dahildir. Program, sonu\u00e7 olarak, ba\u015far\u0131l\u0131 bir \u015fekilde s\u0131n\u0131f seviyesindeki yetkinlikleri geli\u015ftirmekte ve Suriyeliler ile \u00dcrd\u00fcnl\u00fc \u00f6\u011frenciler i\u00e7in 4-6 s\u0131n\u0131f\u0131ndaki psikososyal refah\u0131 g\u00fc\u00e7lendirmektedir.<\/p>\n<p>Di\u011fer bir e\u011fitim program\u0131, \u00dcrd\u00fcn genelinde savunmas\u0131z, ula\u015f\u0131lmas\u0131 zor, okula gitmeyen \u00e7ocuklar\u0131 desteklemek amac\u0131yla Avrupa Komisyonu ile ortakla\u015fa ger\u00e7ekle\u015ftirilen \u201cE\u011fitim Yollar\u0131na ve Daha G\u00fcvenli \u00d6\u011frenme Ortamlar\u0131na Eri\u015fimi Sa\u011flama\u201d projesidir.<\/p>\n<p>TREE hakk\u0131nda devam\u0131n\u0131 <a href=\"https:\/\/www.communityjameel.org\/en\/initiatives\/education\/transforming-refugee-education-towards-excellence\">burada<\/a> okuyun.<\/p>\n","protected":false},"featured_media":52944,"template":"","tags":[],"newscategory":[149],"acf":[],"yoast_head":"<!-- This site is optimized with the Yoast SEO plugin v21.5 - https:\/\/yoast.com\/wordpress\/plugins\/seo\/ -->\n<title>\u00c7ocuklar\u0131 Koruyun \u00dcrd\u00fcn, TREE Program\u0131n\u0131 Ba\u015flatt\u0131 | Abdul Latif Jameel\u00ae<\/title>\n<meta name=\"description\" content=\"\u00c7ocuklar\u0131 Koruyun \u00dcrd\u00fcn ve J-WEL, MIT&#039;de \u00dcrd\u00fcn&#039;deki e\u011fitim s\u00fcrecini desteklemek i\u00e7in TREE \u201cM\u00fclteci E\u011fitimini M\u00fckemmelli\u011fe D\u00f6n\u00fc\u015ft\u00fcrme\u201d program\u0131n\u0131 ba\u015flatt\u0131.\" \/>\n<meta name=\"robots\" content=\"index, follow, max-snippet:-1, max-image-preview:large, max-video-preview:-1\" \/>\n<link rel=\"canonical\" href=\"https:\/\/alj.com\/tr\/news\/save-the-children-jordan-launches-tree-program-transforming-refugee-education-towards-excellence-to-support-the-educational-process-in-jordan\/\" \/>\n<meta property=\"og:locale\" content=\"tr_TR\" \/>\n<meta property=\"og:type\" content=\"article\" \/>\n<meta property=\"og:title\" content=\"\u00c7ocuklar\u0131 Koruyun \u00dcrd\u00fcn, TREE Program\u0131n\u0131 Ba\u015flatt\u0131 | Abdul Latif Jameel\u00ae\" \/>\n<meta property=\"og:description\" content=\"\u00c7ocuklar\u0131 Koruyun \u00dcrd\u00fcn ve J-WEL, MIT&#039;de \u00dcrd\u00fcn&#039;deki e\u011fitim s\u00fcrecini desteklemek i\u00e7in TREE \u201cM\u00fclteci E\u011fitimini M\u00fckemmelli\u011fe D\u00f6n\u00fc\u015ft\u00fcrme\u201d program\u0131n\u0131 ba\u015flatt\u0131.\" \/>\n<meta property=\"og:url\" content=\"https:\/\/alj.com\/tr\/news\/save-the-children-jordan-launches-tree-program-transforming-refugee-education-towards-excellence-to-support-the-educational-process-in-jordan\/\" \/>\n<meta property=\"og:site_name\" content=\"Abdul Latif Jameel\" \/>\n<meta property=\"article:publisher\" content=\"https:\/\/www.facebook.com\/Abdul.Latif.Jameel.Official\" \/>\n<meta property=\"article:modified_time\" content=\"2019-12-19T04:41:57+00:00\" \/>\n<meta property=\"og:image\" content=\"https:\/\/media.alj.com\/app\/uploads\/2019\/10\/Save-the-children-October-2019.jpg\" \/>\n\t<meta property=\"og:image:width\" content=\"5266\" \/>\n\t<meta property=\"og:image:height\" content=\"3511\" \/>\n\t<meta property=\"og:image:type\" content=\"image\/jpeg\" \/>\n<meta name=\"twitter:card\" content=\"summary_large_image\" \/>\n<meta name=\"twitter:label1\" content=\"Est. reading time\" \/>\n\t<meta name=\"twitter:data1\" content=\"2 minutes\" \/>\n<script type=\"application\/ld+json\" class=\"yoast-schema-graph\">{\"@context\":\"https:\/\/schema.org\",\"@graph\":[{\"@type\":\"WebPage\",\"@id\":\"https:\/\/alj.com\/tr\/news\/save-the-children-jordan-launches-tree-program-transforming-refugee-education-towards-excellence-to-support-the-educational-process-in-jordan\/\",\"url\":\"https:\/\/alj.com\/tr\/news\/save-the-children-jordan-launches-tree-program-transforming-refugee-education-towards-excellence-to-support-the-educational-process-in-jordan\/\",\"name\":\"\u00c7ocuklar\u0131 Koruyun \u00dcrd\u00fcn, TREE Program\u0131n\u0131 Ba\u015flatt\u0131 | Abdul Latif Jameel\u00ae\",\"isPartOf\":{\"@id\":\"https:\/\/alj.com\/en\/#website\"},\"datePublished\":\"2019-10-10T07:34:25+00:00\",\"dateModified\":\"2019-12-19T04:41:57+00:00\",\"description\":\"\u00c7ocuklar\u0131 Koruyun \u00dcrd\u00fcn ve J-WEL, MIT'de \u00dcrd\u00fcn'deki e\u011fitim s\u00fcrecini desteklemek i\u00e7in TREE \u201cM\u00fclteci E\u011fitimini M\u00fckemmelli\u011fe D\u00f6n\u00fc\u015ft\u00fcrme\u201d program\u0131n\u0131 ba\u015flatt\u0131.\",\"breadcrumb\":{\"@id\":\"https:\/\/alj.com\/tr\/news\/save-the-children-jordan-launches-tree-program-transforming-refugee-education-towards-excellence-to-support-the-educational-process-in-jordan\/#breadcrumb\"},\"inLanguage\":\"tr\",\"potentialAction\":[{\"@type\":\"ReadAction\",\"target\":[\"https:\/\/alj.com\/tr\/news\/save-the-children-jordan-launches-tree-program-transforming-refugee-education-towards-excellence-to-support-the-educational-process-in-jordan\/\"]}]},{\"@type\":\"BreadcrumbList\",\"@id\":\"https:\/\/alj.com\/tr\/news\/save-the-children-jordan-launches-tree-program-transforming-refugee-education-towards-excellence-to-support-the-educational-process-in-jordan\/#breadcrumb\",\"itemListElement\":[{\"@type\":\"ListItem\",\"position\":1,\"name\":\"Home\",\"item\":\"https:\/\/alj.com\/tr\/\"},{\"@type\":\"ListItem\",\"position\":2,\"name\":\"News\",\"item\":\"https:\/\/alj.com\/en\/news\/\"},{\"@type\":\"ListItem\",\"position\":3,\"name\":\"Save the Children \u00dcrd\u00fcn, \u00dcrd\u00fcn&#8217;deki e\u011fitim s\u00fcrecini desteklemek i\u00e7in \u201cM\u00fclteci E\u011fitimini M\u00fckemmelli\u011fe D\u00f6n\u00fc\u015ft\u00fcrmek\u201d yani TREE program\u0131n\u0131 (Transforming Refugee Education towards Excellence) ba\u015flatt\u0131\"}]},{\"@type\":\"WebSite\",\"@id\":\"https:\/\/alj.com\/en\/#website\",\"url\":\"https:\/\/alj.com\/en\/\",\"name\":\"Abdul Latif Jameel\",\"description\":\"Abdul Latif Jameel\",\"potentialAction\":[{\"@type\":\"SearchAction\",\"target\":{\"@type\":\"EntryPoint\",\"urlTemplate\":\"https:\/\/alj.com\/en\/?s={search_term_string}\"},\"query-input\":\"required name=search_term_string\"}],\"inLanguage\":\"tr\"}]}<\/script>\n<!-- \/ Yoast SEO plugin. -->","yoast_head_json":{"title":"\u00c7ocuklar\u0131 Koruyun \u00dcrd\u00fcn, TREE Program\u0131n\u0131 Ba\u015flatt\u0131 | Abdul Latif Jameel\u00ae","description":"\u00c7ocuklar\u0131 Koruyun \u00dcrd\u00fcn ve J-WEL, MIT'de \u00dcrd\u00fcn'deki e\u011fitim s\u00fcrecini desteklemek i\u00e7in TREE \u201cM\u00fclteci E\u011fitimini M\u00fckemmelli\u011fe D\u00f6n\u00fc\u015ft\u00fcrme\u201d program\u0131n\u0131 ba\u015flatt\u0131.","robots":{"index":"index","follow":"follow","max-snippet":"max-snippet:-1","max-image-preview":"max-image-preview:large","max-video-preview":"max-video-preview:-1"},"canonical":"https:\/\/alj.com\/tr\/news\/save-the-children-jordan-launches-tree-program-transforming-refugee-education-towards-excellence-to-support-the-educational-process-in-jordan\/","og_locale":"tr_TR","og_type":"article","og_title":"\u00c7ocuklar\u0131 Koruyun \u00dcrd\u00fcn, TREE Program\u0131n\u0131 Ba\u015flatt\u0131 | Abdul Latif Jameel\u00ae","og_description":"\u00c7ocuklar\u0131 Koruyun \u00dcrd\u00fcn ve J-WEL, MIT'de \u00dcrd\u00fcn'deki e\u011fitim s\u00fcrecini desteklemek i\u00e7in TREE \u201cM\u00fclteci E\u011fitimini M\u00fckemmelli\u011fe D\u00f6n\u00fc\u015ft\u00fcrme\u201d program\u0131n\u0131 ba\u015flatt\u0131.","og_url":"https:\/\/alj.com\/tr\/news\/save-the-children-jordan-launches-tree-program-transforming-refugee-education-towards-excellence-to-support-the-educational-process-in-jordan\/","og_site_name":"Abdul Latif Jameel","article_publisher":"https:\/\/www.facebook.com\/Abdul.Latif.Jameel.Official","article_modified_time":"2019-12-19T04:41:57+00:00","og_image":[{"width":5266,"height":3511,"url":"https:\/\/media.alj.com\/app\/uploads\/2019\/10\/Save-the-children-October-2019.jpg","type":"image\/jpeg"}],"twitter_card":"summary_large_image","twitter_misc":{"Est. reading time":"2 minutes"},"schema":{"@context":"https:\/\/schema.org","@graph":[{"@type":"WebPage","@id":"https:\/\/alj.com\/tr\/news\/save-the-children-jordan-launches-tree-program-transforming-refugee-education-towards-excellence-to-support-the-educational-process-in-jordan\/","url":"https:\/\/alj.com\/tr\/news\/save-the-children-jordan-launches-tree-program-transforming-refugee-education-towards-excellence-to-support-the-educational-process-in-jordan\/","name":"\u00c7ocuklar\u0131 Koruyun \u00dcrd\u00fcn, TREE Program\u0131n\u0131 Ba\u015flatt\u0131 | Abdul Latif Jameel\u00ae","isPartOf":{"@id":"https:\/\/alj.com\/en\/#website"},"datePublished":"2019-10-10T07:34:25+00:00","dateModified":"2019-12-19T04:41:57+00:00","description":"\u00c7ocuklar\u0131 Koruyun \u00dcrd\u00fcn ve J-WEL, MIT'de \u00dcrd\u00fcn'deki e\u011fitim s\u00fcrecini desteklemek i\u00e7in TREE \u201cM\u00fclteci E\u011fitimini M\u00fckemmelli\u011fe D\u00f6n\u00fc\u015ft\u00fcrme\u201d program\u0131n\u0131 ba\u015flatt\u0131.","breadcrumb":{"@id":"https:\/\/alj.com\/tr\/news\/save-the-children-jordan-launches-tree-program-transforming-refugee-education-towards-excellence-to-support-the-educational-process-in-jordan\/#breadcrumb"},"inLanguage":"tr","potentialAction":[{"@type":"ReadAction","target":["https:\/\/alj.com\/tr\/news\/save-the-children-jordan-launches-tree-program-transforming-refugee-education-towards-excellence-to-support-the-educational-process-in-jordan\/"]}]},{"@type":"BreadcrumbList","@id":"https:\/\/alj.com\/tr\/news\/save-the-children-jordan-launches-tree-program-transforming-refugee-education-towards-excellence-to-support-the-educational-process-in-jordan\/#breadcrumb","itemListElement":[{"@type":"ListItem","position":1,"name":"Home","item":"https:\/\/alj.com\/tr\/"},{"@type":"ListItem","position":2,"name":"News","item":"https:\/\/alj.com\/en\/news\/"},{"@type":"ListItem","position":3,"name":"Save the Children \u00dcrd\u00fcn, \u00dcrd\u00fcn&#8217;deki e\u011fitim s\u00fcrecini desteklemek i\u00e7in \u201cM\u00fclteci E\u011fitimini M\u00fckemmelli\u011fe D\u00f6n\u00fc\u015ft\u00fcrmek\u201d yani TREE program\u0131n\u0131 (Transforming Refugee Education towards Excellence) ba\u015flatt\u0131"}]},{"@type":"WebSite","@id":"https:\/\/alj.com\/en\/#website","url":"https:\/\/alj.com\/en\/","name":"Abdul Latif Jameel","description":"Abdul Latif Jameel","potentialAction":[{"@type":"SearchAction","target":{"@type":"EntryPoint","urlTemplate":"https:\/\/alj.com\/en\/?s={search_term_string}"},"query-input":"required name=search_term_string"}],"inLanguage":"tr"}]}},"post-meta-fields":{"_alp_processed":["1571749005"],"_wpml_word_count":["{\"total\":418,\"to_translate\":{\"ar\":418,\"zh-hans\":418,\"fr\":418,\"ja\":418,\"es\":418,\"tr\":418}}"],"push_notification":["no"],"_push_notification":["field_5c3b1fb67034d"],"_wpml_media_featured":["1"],"_wpml_media_duplicate":["1"],"_oembed_f08520cbf78de14ed606d155589bdc9a":["<iframe title=\"Transforming Refugee Education towards Excellence\" width=\"640\" height=\"360\" src=\"https:\/\/www.youtube.com\/embed\/dV5sp6D7tYc?feature=oembed\" frameborder=\"0\" allow=\"accelerometer; autoplay; encrypted-media; gyroscope; picture-in-picture\" allowfullscreen><\/iframe>"],"_oembed_time_f08520cbf78de14ed606d155589bdc9a":["1571749222"],"news_slider_short_title":["\u00c7ocuklar\u0131 Kurtar \u00dcrd\u00fcn m\u00fclteci destek program\u0131n\u0131 ba\u015flatt\u0131"],"news_summary":["<p>Save the Children \u00dcrd\u00fcn, \u00dcrd\u00fcn'deki e\u011fitim s\u00fcrecini desteklemek i\u00e7in \u201cM\u00fclteci E\u011fitimini M\u00fckemmelli\u011fe D\u00f6n\u00fc\u015ft\u00fcrmek\u201d yani TREE program\u0131n\u0131 (Transforming Refugee Education towards Excellence) ba\u015flatt\u0131<\/p>\n"],"news-location":["Amman, \u00dcrd\u00fcn"],"wpcf-featured-news":["0"],"publish_mobile":["a:1:{i:0;s:3:\"yes\";}"],"_publish_mobile":["field_5bfa8eb2e65cf"],"mobile_featured_image":["https:\/\/media.alj.com\/app\/uploads\/2019\/10\/Save-the-children-October-2019.jpg"],"_mobile_featured_image":["field_5c3b204983dea"],"_yoast_wpseo_primary_newscategory":["149"],"_wpcf-card-image-sort-order":["a:1:{i:0;i:625908;}"],"_yoast_wpseo_content_score":["30"],"post_views_count_2019Oct":["39"],"_thumbnail_id":["52944"],"_last_translation_edit_mode":["native-editor"],"post_views_count_2019Nov":["20"],"post_views_count_2019Dec":["28"],"news_business_sector":["Jameel Toplulu\u011fu"],"wpcf-show-at-homepage-first-sec-secondary-slider":["1"],"wpcf-card-image":[""],"wpcf-news-publish_date":["1570665600"],"_yoast_wpseo_title":["\u00c7ocuklar\u0131 Koruyun \u00dcrd\u00fcn, TREE Program\u0131n\u0131 Ba\u015flatt\u0131 | Abdul Latif Jameel\u00ae"],"_yoast_wpseo_metadesc":["\u00c7ocuklar\u0131 Koruyun \u00dcrd\u00fcn ve J-WEL, MIT'de \u00dcrd\u00fcn'deki e\u011fitim s\u00fcrecini desteklemek i\u00e7in TREE \u201cM\u00fclteci E\u011fitimini M\u00fckemmelli\u011fe D\u00f6n\u00fc\u015ft\u00fcrme\u201d program\u0131n\u0131 ba\u015flatt\u0131."],"post_views_count_2020Jan":["21"],"post_views_count_2020Feb":["16"],"post_views_count_2020Mar":["22"],"post_views_count_2020Apr":["26"],"post_views_count_2020May":["23"],"post_views_count_2020Jun":["28"],"post_views_count_2020Jul":["24"],"post_views_count_2020Aug":["14"],"post_views_count_2020Sep":["19"],"post_views_count_2020Oct":["26"],"post_views_count_2020Nov":["17"],"post_views_count_2020Dec":["14"],"post_views_count_2021Jan":["23"],"post_views_count_2021Feb":["22"],"post_views_count_2021Mar":["25"],"post_views_count_2021Apr":["17"],"post_views_count_2021May":["14"],"post_views_count_2021Jun":["3"],"post_views_count_2021Jul":["4"],"post_views_total_count":["4"]},"_links":{"self":[{"href":"https:\/\/alj.com\/tr\/wp-json\/wp\/v2\/news\/53065"}],"collection":[{"href":"https:\/\/alj.com\/tr\/wp-json\/wp\/v2\/news"}],"about":[{"href":"https:\/\/alj.com\/tr\/wp-json\/wp\/v2\/types\/news"}],"wp:featuredmedia":[{"embeddable":true,"href":"https:\/\/alj.com\/tr\/wp-json\/wp\/v2\/media\/52944"}],"wp:attachment":[{"href":"https:\/\/alj.com\/tr\/wp-json\/wp\/v2\/media?parent=53065"}],"wp:term":[{"taxonomy":"post_tag","embeddable":true,"href":"https:\/\/alj.com\/tr\/wp-json\/wp\/v2\/tags?post=53065"},{"taxonomy":"newscategory","embeddable":true,"href":"https:\/\/alj.com\/tr\/wp-json\/wp\/v2\/newscategory?post=53065"}],"curies":[{"name":"wp","href":"https:\/\/api.w.org\/{rel}","templated":true}]}}