{"id":87066,"date":"2020-06-04T11:08:03","date_gmt":"2020-06-04T11:08:03","guid":{"rendered":"https:\/\/www.alj.com\/news\/abdul-latif-jameel-energys-frv-harmony-energy-commission-first-megapack-uk-energy-storage-project\/"},"modified":"2021-03-30T11:03:22","modified_gmt":"2021-03-30T11:03:22","slug":"abdul-latif-jameel-energys-frv-harmony-energy-commission-first-megapack-uk-energy-storage-project","status":"publish","type":"news","link":"https:\/\/alj.com\/tr\/news\/abdul-latif-jameel-energys-frv-harmony-energy-commission-first-megapack-uk-energy-storage-project\/","title":{"rendered":"Abdul Latif Jameel Energy, Tesla Megapack ile \u00e7al\u0131\u015fan Birle\u015fik Krall\u0131k enerji depolama projesini duyurdu"},"content":{"rendered":"<p><a href=\"https:\/\/www.alj.com\/en\/energy-and-environmental-services\/energy-overview\/\">Abdul Latif Jameel Energy<\/a>\u2019ye ba\u011fl\u0131 bir \u015firket olan ve \u015febeke \u00f6l\u00e7e\u011findeki yenilenebilir projelerin \u00f6nde gelen k\u00fcresel geli\u015ftiricilerinden biri olan Fotowatio Renewable Ventures (<a href=\"https:\/\/frv.com\/en\/\">FRV<\/a>), \u0130ngiliz yenilenebilir enerji geli\u015ftirici <a href=\"https:\/\/www.harmonyenergy.co.uk\/\">Harmony Energy<\/a> ile bug\u00fcn Birle\u015fik Krall\u0131k\u2019taki Holes Bay, Poole, Dorset\u2019te ilk \u015febeke \u00f6l\u00e7e\u011findeki enerji depolama projelerinin hizmet vermeye ba\u015flad\u0131\u011f\u0131n\u0131 duyurdu. Bu proje, FRV\u2019nin k\u00fcresel olarak enerji depolama projeleri geli\u015ftirmek i\u00e7in s\u00fcrd\u00fcrd\u00fc\u011f\u00fc uzun vadeli yat\u0131r\u0131m plan\u0131n\u0131 yans\u0131tmaktad\u0131r.<\/p>\n<p>Projede, \u015febeke \u00f6l\u00e7e\u011finde enerji depolayabilen alt\u0131 adet Tesla Megapack, Lityum-iyon pil kullan\u0131lmaktad\u0131r. Megapack ak\u00fcler 15 MWsa kapasiteye sahiptir ve <a href=\"https:\/\/www.ssen.co.uk\/Home\/\">Southern Electric Power<\/a> da\u011f\u0131t\u0131m a\u011f\u0131na ba\u011fl\u0131d\u0131r, bu da Birle\u015fik Krall\u0131k\u2019\u0131n fosil yak\u0131tlar\u0131 geride b\u0131rakmaya y\u00f6nelik devam eden ge\u00e7i\u015f s\u00fcreci kapsam\u0131nda Birle\u015fik Krall\u0131k\u2019\u0131n <a href=\"https:\/\/www.nationalgrideso.com\/\">Ulusal \u015eebekesine<\/a>, yenilenebilir kaynaklardan elde edilen enerjiyi depolama becerisi ve enerji talebi zirve yapt\u0131\u011f\u0131 zamanlarda bu talebi kar\u015f\u0131layabilme esnekli\u011fi sa\u011flamaktad\u0131r.\u00a0<\/p>\n<p>\u015eebeke \u00f6l\u00e7e\u011finde hizmet veren bu enerji depolama tesisi, Tesla\u2019n\u0131n son teknoloji \u2018Autobidder\u2019 Yapay Zeka yaz\u0131l\u0131m\u0131n\u0131 kullanarak \u00e7al\u0131\u015fmaktad\u0131r.<\/p>\n<p>Abdul Latif Jameel Ba\u015fkan Vekili ve Y\u00f6netim Kurulu Ba\u015fkan Yard\u0131mc\u0131s\u0131 <a href=\"https:\/\/www.alj.com\/en\/our-people\/fady-jameel\/\">Fady Jameel<\/a> \u015f\u00f6yle dedi:<\/p>\n<p>\u201cTesla Megapack pil teknolojisinin kullan\u0131ld\u0131\u011f\u0131 Holes Bay enerji depolama projesi, Abdul Latif Jameel Energy ve FRV\u2019nin ge\u00e7mi\u015ften gelen ba\u015far\u0131l\u0131 yenilenebilir enerji projelerindeki deneyimine dayan\u0131yor. Birle\u015fik Krall\u0131k enerji tedarikini fosil yak\u0131tlar d\u0131\u015f\u0131nda kaynaklara y\u00f6nelerek \u00e7e\u015fitlendirmek i\u00e7in \u00e7abalarken bu \u00f6nemli pazara, ye\u015fil enerji \u00e7\u00f6z\u00fcmleri sunan projemizi d\u00f6rt g\u00f6zle bekliyoruz.\u201d<\/p>\n<p>Harmony Energy \u0130cra Kurulu Ba\u015fkan\u0131 <a href=\"https:\/\/www.harmonyenergy.co.uk\/meet-the-harmony-team\/\">Peter Kavanagh<\/a> \u015funlar\u0131 s\u00f6yledi:<\/p>\n<p>\u201c\u015eebeke \u00f6l\u00e7ekli pil ile enerji depolama, Birle\u015fik Krall\u0131k\u2019\u0131n enerji arz\u0131n\u0131n gelece\u011fi i\u00e7in kritik \u00f6neme sahiptir ve genellikle hem \u015febeke frekans\u0131n\u0131n kontrol edilmesi hem de yo\u011fun talep ve arz d\u00f6nemlerinde yedek kaynak sa\u011flanmas\u0131 bak\u0131m\u0131ndan Birle\u015fik Krall\u0131k\u2019\u0131n yenilenebilir enerji stratejisinde tamamlanmas\u0131 gereken bir ba\u011flant\u0131 olarak g\u00f6r\u00fcl\u00fcyor. Ba\u011flant\u0131 hatt\u0131m\u0131zda bir ilk olan, \u0130ngiltere\u2019de in\u015fa edilecek pil ile enerji depolama tesis projemizi tamamlamak i\u00e7in FRV ve Tesla ile yak\u0131n bir \u015fekilde \u00e7al\u0131\u015fmaktan mutluluk duyuyoruz.\u201d<\/p>\n<p>FRV, M\u00fchendislik ve Varl\u0131k Y\u00f6netimi Genel M\u00fcd\u00fcr\u00fc <a href=\"https:\/\/www.linkedin.com\/in\/felipe-hernandez-fernandez-3212612b\/\">Felipe Hern\u00e1ndez<\/a> \u015fu ifadelerde bulundu:<\/p>\n<p>\u201cHoles Bay, k\u00fcresel olarak lansman\u0131 yap\u0131lacak olan ve [FRV i\u00e7in] stratejik bir \u00f6neme sahip ilk enerji depolama hatt\u0131 projesi olacak. Birle\u015fik Krall\u0131k\u2019\u0131n stratejik s\u00fcrd\u00fcr\u00fclebilir enerji program\u0131n\u0131n geli\u015ftirilmesini desteklerken pil ile enerji depolama sisteminin ekonomik ve teknik olarak \u00f6ng\u00f6r\u00fclebilir bir teknoloji oldu\u011funu g\u00f6steren bu projede Harmony Energy ile bir araya gelmekten mutluluk duyuyoruz.\u201d<\/p>\n<p>FRV\u2019nin gelecek planlar\u0131 aras\u0131nda, pazarda merkezi bir rol oynayan pil ile enerjisi depolama projelerine uzun vadeli yat\u0131r\u0131mlar ve k\u00fcresel enerji kar\u0131\u015f\u0131m\u0131nda yenilenebilir enerjilerin pay\u0131n\u0131n artmas\u0131n\u0131n ve bu d\u00f6n\u00fc\u015f\u00fcm\u00fcn desteklenmesi bulunuyor. Hern\u00e1ndez \u015funlar\u0131 ekledi:<\/p>\n<p>\u201cFRV, yeni bir enerji modelinin temellerini atmak i\u00e7in zaten d\u00fcnyan\u0131n d\u00f6rt bir yan\u0131ndaki h\u00fck\u00fcmetler, d\u00fczenleyici kurumlar ve ortaklarla i\u015fbirli\u011fi yap\u0131yor. Enerji depolama, yenilenebilir enerjinin g\u00fcc\u00fcn\u00fc tam olarak ger\u00e7ekle\u015ftirmek i\u00e7in merkezi ve kritik bir rol oynuyor ve FRV, bu teknolojinin karbondan ar\u0131nd\u0131r\u0131lm\u0131\u015f bir topluma ula\u015fmak i\u00e7in kilit bir unsur oldu\u011funu kabul ediyor.\u201d<\/p>\n<p><a href=\"https:\/\/www.linkedin.com\/in\/ACoAAC0fpl0BGm5iKYEiAntfnuS8DBsPfxhLLaw\">Fady Jameel<\/a>\u2019in yeni Spotlight podcast serisinin a\u00e7\u0131l\u0131\u015f b\u00f6l\u00fcm\u00fcnde Fady, FRV-X\u2019den <a href=\"https:\/\/www.linkedin.com\/in\/ACoAAAZENokBAkGVSPpMNBAvA-8cOmGqh6w5YU8\">Felipe Hernandez Fernandez<\/a> ve <a href=\"https:\/\/www.linkedin.com\/in\/ACoAAATJs3ABx_q8KSiVAf09QJ7SPhvDvlItvNY\">David Menendez<\/a> ve <a href=\"https:\/\/www.linkedin.com\/in\/ACoAAAsjJt0B3VDqqevD7MdpfWCXJNVNqfjPuDY\">Harmony Energy<\/a> CEO\u2019su <a href=\"https:\/\/www.linkedin.com\/company\/harmony-energy\/\">Peter Kavanagh<\/a> ile enerji depolama \u00e7\u00f6z\u00fcmlerinin mevcut durumu ve yenilenebilir enerjiye nas\u0131l ge\u00e7i\u015f yapt\u0131klar\u0131 hakk\u0131nda konu\u015fuyorlar.<\/p>\n<p><a href=\"https:\/\/bit.ly\/31xYYTv\">Buradan<\/a> dinleyin ve abone olmay\u0131 unutmay\u0131n.<\/p>\n<p><iframe loading=\"lazy\" src=\"\/\/www.youtube.com\/embed\/xeFx0N50OLs\" width=\"560\" height=\"314\" allowfullscreen=\"allowfullscreen\"><\/iframe><\/p>\n","protected":false},"featured_media":68546,"template":"","tags":[],"newscategory":[149],"acf":[],"yoast_head":"<!-- This site is optimized with the Yoast SEO plugin v21.5 - https:\/\/yoast.com\/wordpress\/plugins\/seo\/ -->\n<title>FRV, Birle\u015fik Krall\u0131k\u2019taki ilk enerji depolama projesini duyurdu | Abdul Latif Jameel\u00ae<\/title>\n<meta name=\"description\" content=\"Bu proje, FRV\u2019nin k\u00fcresel olarak enerji depolama projeleri geli\u015ftirmek i\u00e7in s\u00fcrd\u00fcrd\u00fc\u011f\u00fc uzun vadeli yat\u0131r\u0131m plan\u0131n\u0131 yans\u0131tmaktad\u0131r.\" \/>\n<meta name=\"robots\" content=\"index, follow, max-snippet:-1, max-image-preview:large, max-video-preview:-1\" \/>\n<link rel=\"canonical\" href=\"https:\/\/alj.com\/tr\/news\/abdul-latif-jameel-energys-frv-harmony-energy-commission-first-megapack-uk-energy-storage-project\/\" \/>\n<meta property=\"og:locale\" content=\"tr_TR\" \/>\n<meta property=\"og:type\" content=\"article\" \/>\n<meta property=\"og:title\" content=\"FRV, Birle\u015fik Krall\u0131k\u2019taki ilk enerji depolama projesini duyurdu | Abdul Latif Jameel\u00ae\" \/>\n<meta property=\"og:description\" content=\"Bu proje, FRV\u2019nin k\u00fcresel olarak enerji depolama projeleri geli\u015ftirmek i\u00e7in s\u00fcrd\u00fcrd\u00fc\u011f\u00fc uzun vadeli yat\u0131r\u0131m plan\u0131n\u0131 yans\u0131tmaktad\u0131r.\" \/>\n<meta property=\"og:url\" content=\"https:\/\/alj.com\/tr\/news\/abdul-latif-jameel-energys-frv-harmony-energy-commission-first-megapack-uk-energy-storage-project\/\" \/>\n<meta property=\"og:site_name\" content=\"Abdul Latif Jameel\" \/>\n<meta property=\"article:publisher\" content=\"https:\/\/www.facebook.com\/Abdul.Latif.Jameel.Official\" \/>\n<meta property=\"article:modified_time\" content=\"2021-03-30T11:03:22+00:00\" \/>\n<meta property=\"og:image\" content=\"https:\/\/media.alj.com\/app\/uploads\/2020\/06\/HB-pr-EXAMPLE-1-01_SLS.jpeg\" \/>\n\t<meta property=\"og:image:width\" content=\"2560\" \/>\n\t<meta property=\"og:image:height\" content=\"1707\" \/>\n\t<meta property=\"og:image:type\" content=\"image\/jpeg\" \/>\n<meta name=\"twitter:card\" content=\"summary_large_image\" \/>\n<meta name=\"twitter:label1\" content=\"Est. reading time\" \/>\n\t<meta name=\"twitter:data1\" content=\"3 minutes\" \/>\n<script type=\"application\/ld+json\" class=\"yoast-schema-graph\">{\"@context\":\"https:\/\/schema.org\",\"@graph\":[{\"@type\":\"WebPage\",\"@id\":\"https:\/\/alj.com\/tr\/news\/abdul-latif-jameel-energys-frv-harmony-energy-commission-first-megapack-uk-energy-storage-project\/\",\"url\":\"https:\/\/alj.com\/tr\/news\/abdul-latif-jameel-energys-frv-harmony-energy-commission-first-megapack-uk-energy-storage-project\/\",\"name\":\"FRV, Birle\u015fik Krall\u0131k\u2019taki ilk enerji depolama projesini duyurdu | Abdul Latif Jameel\u00ae\",\"isPartOf\":{\"@id\":\"https:\/\/alj.com\/en\/#website\"},\"datePublished\":\"2020-06-04T11:08:03+00:00\",\"dateModified\":\"2021-03-30T11:03:22+00:00\",\"description\":\"Bu proje, FRV\u2019nin k\u00fcresel olarak enerji depolama projeleri geli\u015ftirmek i\u00e7in s\u00fcrd\u00fcrd\u00fc\u011f\u00fc uzun vadeli yat\u0131r\u0131m plan\u0131n\u0131 yans\u0131tmaktad\u0131r.\",\"breadcrumb\":{\"@id\":\"https:\/\/alj.com\/tr\/news\/abdul-latif-jameel-energys-frv-harmony-energy-commission-first-megapack-uk-energy-storage-project\/#breadcrumb\"},\"inLanguage\":\"tr\",\"potentialAction\":[{\"@type\":\"ReadAction\",\"target\":[\"https:\/\/alj.com\/tr\/news\/abdul-latif-jameel-energys-frv-harmony-energy-commission-first-megapack-uk-energy-storage-project\/\"]}]},{\"@type\":\"BreadcrumbList\",\"@id\":\"https:\/\/alj.com\/tr\/news\/abdul-latif-jameel-energys-frv-harmony-energy-commission-first-megapack-uk-energy-storage-project\/#breadcrumb\",\"itemListElement\":[{\"@type\":\"ListItem\",\"position\":1,\"name\":\"Home\",\"item\":\"https:\/\/alj.com\/tr\/\"},{\"@type\":\"ListItem\",\"position\":2,\"name\":\"News\",\"item\":\"https:\/\/alj.com\/en\/news\/\"},{\"@type\":\"ListItem\",\"position\":3,\"name\":\"Abdul Latif Jameel Energy, Tesla Megapack ile \u00e7al\u0131\u015fan Birle\u015fik Krall\u0131k enerji depolama projesini duyurdu\"}]},{\"@type\":\"WebSite\",\"@id\":\"https:\/\/alj.com\/en\/#website\",\"url\":\"https:\/\/alj.com\/en\/\",\"name\":\"Abdul Latif Jameel\",\"description\":\"Abdul Latif Jameel\",\"potentialAction\":[{\"@type\":\"SearchAction\",\"target\":{\"@type\":\"EntryPoint\",\"urlTemplate\":\"https:\/\/alj.com\/en\/?s={search_term_string}\"},\"query-input\":\"required name=search_term_string\"}],\"inLanguage\":\"tr\"}]}<\/script>\n<!-- \/ Yoast SEO plugin. -->","yoast_head_json":{"title":"FRV, Birle\u015fik Krall\u0131k\u2019taki ilk enerji depolama projesini duyurdu | Abdul Latif Jameel\u00ae","description":"Bu proje, FRV\u2019nin k\u00fcresel olarak enerji depolama projeleri geli\u015ftirmek i\u00e7in s\u00fcrd\u00fcrd\u00fc\u011f\u00fc uzun vadeli yat\u0131r\u0131m plan\u0131n\u0131 yans\u0131tmaktad\u0131r.","robots":{"index":"index","follow":"follow","max-snippet":"max-snippet:-1","max-image-preview":"max-image-preview:large","max-video-preview":"max-video-preview:-1"},"canonical":"https:\/\/alj.com\/tr\/news\/abdul-latif-jameel-energys-frv-harmony-energy-commission-first-megapack-uk-energy-storage-project\/","og_locale":"tr_TR","og_type":"article","og_title":"FRV, Birle\u015fik Krall\u0131k\u2019taki ilk enerji depolama projesini duyurdu | Abdul Latif Jameel\u00ae","og_description":"Bu proje, FRV\u2019nin k\u00fcresel olarak enerji depolama projeleri geli\u015ftirmek i\u00e7in s\u00fcrd\u00fcrd\u00fc\u011f\u00fc uzun vadeli yat\u0131r\u0131m plan\u0131n\u0131 yans\u0131tmaktad\u0131r.","og_url":"https:\/\/alj.com\/tr\/news\/abdul-latif-jameel-energys-frv-harmony-energy-commission-first-megapack-uk-energy-storage-project\/","og_site_name":"Abdul Latif Jameel","article_publisher":"https:\/\/www.facebook.com\/Abdul.Latif.Jameel.Official","article_modified_time":"2021-03-30T11:03:22+00:00","og_image":[{"width":2560,"height":1707,"url":"https:\/\/media.alj.com\/app\/uploads\/2020\/06\/HB-pr-EXAMPLE-1-01_SLS.jpeg","type":"image\/jpeg"}],"twitter_card":"summary_large_image","twitter_misc":{"Est. reading time":"3 minutes"},"schema":{"@context":"https:\/\/schema.org","@graph":[{"@type":"WebPage","@id":"https:\/\/alj.com\/tr\/news\/abdul-latif-jameel-energys-frv-harmony-energy-commission-first-megapack-uk-energy-storage-project\/","url":"https:\/\/alj.com\/tr\/news\/abdul-latif-jameel-energys-frv-harmony-energy-commission-first-megapack-uk-energy-storage-project\/","name":"FRV, Birle\u015fik Krall\u0131k\u2019taki ilk enerji depolama projesini duyurdu | Abdul Latif Jameel\u00ae","isPartOf":{"@id":"https:\/\/alj.com\/en\/#website"},"datePublished":"2020-06-04T11:08:03+00:00","dateModified":"2021-03-30T11:03:22+00:00","description":"Bu proje, FRV\u2019nin k\u00fcresel olarak enerji depolama projeleri geli\u015ftirmek i\u00e7in s\u00fcrd\u00fcrd\u00fc\u011f\u00fc uzun vadeli yat\u0131r\u0131m plan\u0131n\u0131 yans\u0131tmaktad\u0131r.","breadcrumb":{"@id":"https:\/\/alj.com\/tr\/news\/abdul-latif-jameel-energys-frv-harmony-energy-commission-first-megapack-uk-energy-storage-project\/#breadcrumb"},"inLanguage":"tr","potentialAction":[{"@type":"ReadAction","target":["https:\/\/alj.com\/tr\/news\/abdul-latif-jameel-energys-frv-harmony-energy-commission-first-megapack-uk-energy-storage-project\/"]}]},{"@type":"BreadcrumbList","@id":"https:\/\/alj.com\/tr\/news\/abdul-latif-jameel-energys-frv-harmony-energy-commission-first-megapack-uk-energy-storage-project\/#breadcrumb","itemListElement":[{"@type":"ListItem","position":1,"name":"Home","item":"https:\/\/alj.com\/tr\/"},{"@type":"ListItem","position":2,"name":"News","item":"https:\/\/alj.com\/en\/news\/"},{"@type":"ListItem","position":3,"name":"Abdul Latif Jameel Energy, Tesla Megapack ile \u00e7al\u0131\u015fan Birle\u015fik Krall\u0131k enerji depolama projesini duyurdu"}]},{"@type":"WebSite","@id":"https:\/\/alj.com\/en\/#website","url":"https:\/\/alj.com\/en\/","name":"Abdul Latif Jameel","description":"Abdul Latif Jameel","potentialAction":[{"@type":"SearchAction","target":{"@type":"EntryPoint","urlTemplate":"https:\/\/alj.com\/en\/?s={search_term_string}"},"query-input":"required name=search_term_string"}],"inLanguage":"tr"}]}},"post-meta-fields":{"_alp_processed":["1617101613"],"_wpml_word_count":["{\"total\":590,\"to_translate\":{\"ar\":590,\"zh-hans\":590,\"fr\":590,\"ja\":590,\"es\":590,\"tr\":590}}"],"push_notification":["no"],"_push_notification":["field_5c3b1fb67034d"],"_wpml_media_featured":["1"],"_wpml_media_duplicate":["1"],"news_slider_short_title":["FRV, Birle\u015fik Krall\u0131k\u2019taki ilk enerji depolama projesini duyurdu"],"news_summary":["<p>Bu proje, FRV\u2019nin k\u00fcresel olarak enerji depolama projeleri geli\u015ftirmek i\u00e7in s\u00fcrd\u00fcrd\u00fc\u011f\u00fc uzun vadeli yat\u0131r\u0131m plan\u0131n\u0131 yans\u0131tmaktad\u0131r.<\/p>\n"],"news-location":["Dorset, Birle\u015fik Krall\u0131k"],"wpcf-featured-news":["0"],"publish_mobile":[""],"_publish_mobile":["field_5bfa8eb2e65cf"],"mobile_featured_image":["https:\/\/media.alj.com\/app\/uploads\/2020\/06\/HB-pr-EXAMPLE-1-01_SLS-scaled.jpeg"],"_mobile_featured_image":["field_5c3b204983dea"],"_yoast_wpseo_primary_newscategory":["149"],"_wpcf-card-image-sort-order":["a:1:{i:0;i:954133;}"],"_bsf_post_type":["0"],"_bsf_item_review_type":["none"],"_yoast_wpseo_content_score":["30"],"post_views_count_2020Jun":["1"],"post_views_count_2020Jul":["64"],"_yoast_wpseo_title":["FRV, Birle\u015fik Krall\u0131k\u2019taki ilk enerji depolama projesini duyurdu | Abdul Latif Jameel\u00ae"],"_yoast_wpseo_metadesc":["Bu proje, FRV\u2019nin k\u00fcresel olarak enerji depolama projeleri geli\u015ftirmek i\u00e7in s\u00fcrd\u00fcrd\u00fc\u011f\u00fc uzun vadeli yat\u0131r\u0131m plan\u0131n\u0131 yans\u0131tmaktad\u0131r."],"post_views_count_2020Aug":["37"],"post_views_count_2020Sep":["44"],"post_views_count_2020Oct":["50"],"post_views_count_2020Nov":["49"],"post_views_count_2020Dec":["39"],"post_views_count_2021Jan":["36"],"post_views_count_2021Feb":["50"],"post_views_count_2021Mar":["70"],"_thumbnail_id":["68546"],"_last_translation_edit_mode":["native-editor"],"news_business_sector":["Enerji ve \u00c7evre Hizmetleri"],"wpcf-show-at-homepage-first-sec-secondary-slider":["1"],"wpcf-card-image":[""],"wpcf-news-publish_date":["1593993600"],"post_views_count_2021Apr":["16"],"post_views_count_2021May":["15"],"post_views_count_2021Jun":["4"],"post_views_count_2021Jul":["13"],"post_views_total_count":["13"]},"_links":{"self":[{"href":"https:\/\/alj.com\/tr\/wp-json\/wp\/v2\/news\/87066"}],"collection":[{"href":"https:\/\/alj.com\/tr\/wp-json\/wp\/v2\/news"}],"about":[{"href":"https:\/\/alj.com\/tr\/wp-json\/wp\/v2\/types\/news"}],"wp:featuredmedia":[{"embeddable":true,"href":"https:\/\/alj.com\/tr\/wp-json\/wp\/v2\/media\/68546"}],"wp:attachment":[{"href":"https:\/\/alj.com\/tr\/wp-json\/wp\/v2\/media?parent=87066"}],"wp:term":[{"taxonomy":"post_tag","embeddable":true,"href":"https:\/\/alj.com\/tr\/wp-json\/wp\/v2\/tags?post=87066"},{"taxonomy":"newscategory","embeddable":true,"href":"https:\/\/alj.com\/tr\/wp-json\/wp\/v2\/newscategory?post=87066"}],"curies":[{"name":"wp","href":"https:\/\/api.w.org\/{rel}","templated":true}]}}