{"id":89288,"date":"2021-06-03T10:44:54","date_gmt":"2021-06-03T10:44:54","guid":{"rendered":"https:\/\/www.alj.com\/news\/abdul-latif-jameel-energys-frv-contributes-to-decarbonizing-public-mobility-with-green-hydrogen\/"},"modified":"2021-06-06T06:27:41","modified_gmt":"2021-06-06T06:27:41","slug":"abdul-latif-jameel-energys-frv-contributes-to-decarbonizing-public-mobility-with-green-hydrogen","status":"publish","type":"news","link":"https:\/\/alj.com\/tr\/news\/abdul-latif-jameel-energys-frv-contributes-to-decarbonizing-public-mobility-with-green-hydrogen\/","title":{"rendered":"Abdul Latif Jameel Energy\u2019ye ait FRV \u015firketi ye\u015fil hidrojen ile toplu mobilitenin karbondan ar\u0131nd\u0131r\u0131lmas\u0131na katk\u0131da bulunuyor"},"content":{"rendered":"<ul>\n<li>FRV, Madrid Profesyonel Taksi Federasyonu taraf\u0131ndan desteklenen ve \u0130spanya\u2019n\u0131n ba\u015fkentinde gelecek birka\u00e7 y\u0131l boyunca 1.000\u2019den fazla taksi i\u00e7in yak\u0131t olarak kullan\u0131lacak ye\u015fil hidrojen \u00fcretimine y\u00f6nelik \u00e7\u0131\u011f\u0131r a\u00e7an bir projenin bir par\u00e7as\u0131d\u0131r.<\/li>\n<li>Bu giri\u015fim, 100 milyon \u20ac\u2019dan fazla bir yat\u0131r\u0131mla taksi sekt\u00f6r\u00fcnde <em>\u2018\u00dcyelik Hizmeti\u2019<\/em> i\u015f modelini uygulayacak ve taksi s\u00fcr\u00fcc\u00fclerinin geleneksel ara\u00e7lar\u0131nkine benzer bir menzile ve ikmal s\u00fcresine sahip hidrojen ara\u00e7lar\u0131 kullanmalar\u0131na ve yak\u0131t ikmali yapmalar\u0131na olanak tan\u0131yacak.<\/li>\n<li>FRV, bu yeni projeyle Madrid\u2019in s\u00fcrd\u00fcr\u00fclebilir bir toplu mobilite sistemine sahip olmas\u0131 amac\u0131yla Avrupa&#8217;da bir \u2018referans \u015fehir\u2019 olarak konumland\u0131r\u0131lmas\u0131na katk\u0131da bulunan ye\u015fil hidrojen ile ilgili yenilenebilir enerji kabiliyetlerinin geni\u015fli\u011fini ve derinli\u011fini artt\u0131rmaya devam ediyor<\/li>\n<\/ul>\n<p><a href=\"http:\/\/www.frv.com\/\">Abdul Latif Jameel Energy<\/a>\u2019nin bir par\u00e7as\u0131 olan ve be\u015f k\u0131tada deneyime sahip d\u00fcnyan\u0131n \u00f6nde gelen yenilenebilir enerji \u015firketlerinden biri olan <a href=\"https:\/\/www.alj.com\/en\/energy-and-environmental-services\/energy-overview\/\">Fotowatio Renewable Ventures<\/a> (FRV), 2026 y\u0131l\u0131na kadar en az 1.000 adet geleneksel taksinin hidrojenle \u00e7al\u0131\u015fan ye\u015fil ara\u00e7larla a\u015famal\u0131 olarak de\u011fi\u015ftirilece\u011fi <a href=\"https:\/\/fptaximadrid.es\/\">Madrid Profesyonel Taksi Federasyonu<\/a> taraf\u0131ndan ba\u015flat\u0131lan bir projeye kat\u0131lacak.<\/p>\n<p>Kentsel toplu mobiliteyi kademeli olarak karbondan ar\u0131nd\u0131rmay\u0131 ama\u00e7layan bu giri\u015fim, 100 milyon \u20ac&#8217;dan fazla bir yat\u0131r\u0131m\u0131 i\u00e7eriyor ve 2022 y\u0131l\u0131na kadar ilk hidrojen ara\u00e7lar\u0131n\u0131n faaliyete ge\u00e7irilmesini sa\u011flayacak.<\/p>\n<p>Bu giri\u015fim, \u2018Taksi \u00dcyelik Hizmeti\u2019 (TaaS) i\u015f modeli ile s\u00fcr\u00fcc\u00fclerin \u00f6nceden \u00f6demeye ihtiya\u00e7 duymadan hidrojen elektrikli ara\u00e7lar\u0131 geleneksel teknolojilere k\u0131yasla rekabet\u00e7i bir maliyetle kullanmalar\u0131n\u0131 sa\u011flayacak.<\/p>\n<p>FRV, projenin genelinde hidrojen \u00fcretiminin tamam\u0131, ara\u00e7 yak\u0131t ikmali ve yak\u0131t tedariki altyap\u0131s\u0131n\u0131n geli\u015ftirilmesine <a href=\"https:\/\/madrilena.es\/\">Madrile\u00f1a Red de Gas <\/a>ile birlikte liderlik edecektir. Bu, daha fazla ara\u00e7 i\u00e7in hidrojen talebi artt\u0131k\u00e7a \u00fcretim kapasitesi art\u0131r\u0131labilecek olan ve 20 MW\u2019l\u0131k bir g\u00fcne\u015f fotovoltaik tesisinden g\u00fc\u00e7 alan en az 10 MW\u2019l\u0131k bir elektroliz\u00f6r olu\u015fturulmas\u0131n\u0131 gerektirecektir.<\/p>\n<p><a href=\"https:\/\/www.madrid.org\/cs\/\">Madrid Toplulu\u011fu<\/a>\u2019nu s\u00fcrd\u00fcr\u00fclebilir toplu mobilite ta\u015f\u0131mac\u0131l\u0131\u011f\u0131nda Avrupa\u2019da bir k\u0131stas olarak konumland\u0131rmay\u0131 vaat eden giri\u015fim, hidrojen de\u011fer zincirine say\u0131s\u0131z \u015firketin kat\u0131l\u0131m\u0131n\u0131 i\u00e7eriyor. FRV ve Madrile\u00f1a Red de Gas\u2019a ek olarak <a href=\"https:\/\/www.toyota.es\/\">Toyota \u0130spanya<\/a>, elektrik \u00fcretmek i\u00e7in hidrojen kullanan ve \u00e7evresel etki olmadan 600 km menzile kadar seyahat imkan\u0131 sunan hidrojen yak\u0131t h\u00fccresiyle<a href=\"https:\/\/www.toyota.com\/mirai\/\">rekor k\u0131ran<\/a> <a href=\"https:\/\/newsroom.toyota.eu\/toyota-mirai-breaks-world-record-for-distance-driven-with-one-fill-of-hydrogen\/#:~:text=Summary,distance%20driving%20with%20zero%20emissions\">Toyota Mirai<\/a> ile bu giri\u015fimin resmi ara\u00e7 tedarik\u00e7isi olacak. <a href=\"https:\/\/gruporuiz.com\/\">Grupo Ruiz<\/a>, talebi toplayarak ve projeyi daha rekabet\u00e7i hale getirerek kentsel mobilite alan\u0131ndaki uzmanl\u0131\u011f\u0131n\u0131 sunacak.<\/p>\n<p>Abdul Latif Jameel Ba\u015fkan Vekili ve Y\u00f6netim Kurulu Ba\u015fkan Yard\u0131mc\u0131s\u0131 <a href=\"https:\/\/www.alj.com\/en\/our-people\/fady-jameel\/\">Fady Jameel<\/a> \u015funlar\u0131 s\u00f6yledi:<\/p>\n<blockquote>\n<p><em>\u201cAbdul Latif Jameel Energy olarak amiral gemisi niteli\u011findeki yenilenebilir enerji i\u015fletmemiz FRV\u2019nin yeteneklerinin kapsam\u0131n\u0131 geni\u015fletmek i\u00e7in yat\u0131r\u0131m yapmaya devam ederken \u015fehirlerimizi ve \u00e7evremizi iyile\u015ftirmek amac\u0131yla s\u00fcrd\u00fcr\u00fclebilir toplu ta\u015f\u0131maya ge\u00e7i\u015fi h\u0131zland\u0131rma s\u00fcrecine verdi\u011fimiz destekle Madrid Profesyonel Taksi Federasyonun takdirlerini alm\u0131\u015f olmaktan duyuyoruz.\u201d<\/em><\/p>\n<\/blockquote>\n<p>Madrid Profesyonel Taksi Federasyonu, di\u011fer \u015firketlerin aras\u0131nda bulunan FRV ile yapt\u0131\u011f\u0131 i\u015fbirli\u011fi ile kentsel toplu ta\u015f\u0131ma sistemlerinin karbondan ar\u0131nd\u0131rma ihtiya\u00e7lar\u0131n\u0131 ele almak i\u00e7in yenilik\u00e7i bir alternatif olarak ye\u015fil hidrojene kendini adam\u0131\u015ft\u0131r ve bu yak\u0131t i\u00e7in bir de\u011fer zincirinin olgunla\u015fma s\u00fcrecindeki geli\u015fimine katk\u0131da bulunmakta ve Madrid gibi b\u00fcy\u00fck \u015fehirlerde kirlilik yaratmayan arabalar\u0131n da\u011f\u0131t\u0131m\u0131n\u0131 h\u0131zland\u0131rmaktad\u0131r. Kentsel ve yar\u0131 kentsel mobilite alan\u0131ndaki en iddial\u0131 projelerden biri olan bu proje <a href=\"https:\/\/www.fch.europa.eu\/news\/hydrogen-roadmap-europe-sustainable-pathway-european-energy-transition\">Hidrojen Yol Haritas\u0131<\/a> ve <a href=\"https:\/\/ec.europa.eu\/info\/strategy\/recovery-plan-europe_en\">Yeni Nesil AB program\u0131n\u0131n <\/a>kurtarma plan\u0131 taraf\u0131ndan belirlenen hedeflerle uyumludur.<\/p>\n","protected":false},"featured_media":89259,"template":"","tags":[],"newscategory":[149],"acf":[],"yoast_head":"<!-- This site is optimized with the Yoast SEO plugin v21.5 - https:\/\/yoast.com\/wordpress\/plugins\/seo\/ -->\n<title>FRV \u015firketi ye\u015fil hidrojen ile toplu mobilitenin karbondan | Abdul Latif Jameel\u00ae<\/title>\n<meta name=\"description\" content=\"Abdul Latif Jameel Energy\u2019ye ait FRV, Madrid Profesyonel Taksi Federasyonu taraf\u0131ndan desteklenen ve \u0130spanya\u2019n\u0131n ba\u015fkentinde gelecek birka\u00e7 y\u0131l boyunca 1.000\u2019den fazla taksi i\u00e7in yak\u0131t olarak kullan\u0131lacak ye\u015fil hidrojen \u00fcretimine y\u00f6nelik \u00e7\u0131\u011f\u0131r a\u00e7an bir projenin bir par\u00e7as\u0131d\u0131r.\" \/>\n<meta name=\"robots\" content=\"index, follow, max-snippet:-1, max-image-preview:large, max-video-preview:-1\" \/>\n<link rel=\"canonical\" href=\"https:\/\/alj.com\/tr\/news\/abdul-latif-jameel-energys-frv-contributes-to-decarbonizing-public-mobility-with-green-hydrogen\/\" \/>\n<meta property=\"og:locale\" content=\"tr_TR\" \/>\n<meta property=\"og:type\" content=\"article\" \/>\n<meta property=\"og:title\" content=\"FRV \u015firketi ye\u015fil hidrojen ile toplu mobilitenin karbondan | Abdul Latif Jameel\u00ae\" \/>\n<meta property=\"og:description\" content=\"Abdul Latif Jameel Energy\u2019ye ait FRV, Madrid Profesyonel Taksi Federasyonu taraf\u0131ndan desteklenen ve \u0130spanya\u2019n\u0131n ba\u015fkentinde gelecek birka\u00e7 y\u0131l boyunca 1.000\u2019den fazla taksi i\u00e7in yak\u0131t olarak kullan\u0131lacak ye\u015fil hidrojen \u00fcretimine y\u00f6nelik \u00e7\u0131\u011f\u0131r a\u00e7an bir projenin bir par\u00e7as\u0131d\u0131r.\" \/>\n<meta property=\"og:url\" content=\"https:\/\/alj.com\/tr\/news\/abdul-latif-jameel-energys-frv-contributes-to-decarbonizing-public-mobility-with-green-hydrogen\/\" \/>\n<meta property=\"og:site_name\" content=\"Abdul Latif Jameel\" \/>\n<meta property=\"article:publisher\" content=\"https:\/\/www.facebook.com\/Abdul.Latif.Jameel.Official\" \/>\n<meta property=\"article:modified_time\" content=\"2021-06-06T06:27:41+00:00\" \/>\n<meta property=\"og:image\" content=\"https:\/\/media.alj.com\/app\/uploads\/2021\/06\/Madrid-Taxi.jpg\" \/>\n\t<meta property=\"og:image:width\" content=\"1650\" \/>\n\t<meta property=\"og:image:height\" content=\"715\" \/>\n\t<meta property=\"og:image:type\" content=\"image\/jpeg\" \/>\n<meta name=\"twitter:card\" content=\"summary_large_image\" \/>\n<meta name=\"twitter:label1\" content=\"Est. reading time\" \/>\n\t<meta name=\"twitter:data1\" content=\"3 minutes\" \/>\n<script type=\"application\/ld+json\" class=\"yoast-schema-graph\">{\"@context\":\"https:\/\/schema.org\",\"@graph\":[{\"@type\":\"WebPage\",\"@id\":\"https:\/\/alj.com\/tr\/news\/abdul-latif-jameel-energys-frv-contributes-to-decarbonizing-public-mobility-with-green-hydrogen\/\",\"url\":\"https:\/\/alj.com\/tr\/news\/abdul-latif-jameel-energys-frv-contributes-to-decarbonizing-public-mobility-with-green-hydrogen\/\",\"name\":\"FRV \u015firketi ye\u015fil hidrojen ile toplu mobilitenin karbondan | Abdul Latif Jameel\u00ae\",\"isPartOf\":{\"@id\":\"https:\/\/alj.com\/en\/#website\"},\"datePublished\":\"2021-06-03T10:44:54+00:00\",\"dateModified\":\"2021-06-06T06:27:41+00:00\",\"description\":\"Abdul Latif Jameel Energy\u2019ye ait FRV, Madrid Profesyonel Taksi Federasyonu taraf\u0131ndan desteklenen ve \u0130spanya\u2019n\u0131n ba\u015fkentinde gelecek birka\u00e7 y\u0131l boyunca 1.000\u2019den fazla taksi i\u00e7in yak\u0131t olarak kullan\u0131lacak ye\u015fil hidrojen \u00fcretimine y\u00f6nelik \u00e7\u0131\u011f\u0131r a\u00e7an bir projenin bir par\u00e7as\u0131d\u0131r.\",\"breadcrumb\":{\"@id\":\"https:\/\/alj.com\/tr\/news\/abdul-latif-jameel-energys-frv-contributes-to-decarbonizing-public-mobility-with-green-hydrogen\/#breadcrumb\"},\"inLanguage\":\"tr\",\"potentialAction\":[{\"@type\":\"ReadAction\",\"target\":[\"https:\/\/alj.com\/tr\/news\/abdul-latif-jameel-energys-frv-contributes-to-decarbonizing-public-mobility-with-green-hydrogen\/\"]}]},{\"@type\":\"BreadcrumbList\",\"@id\":\"https:\/\/alj.com\/tr\/news\/abdul-latif-jameel-energys-frv-contributes-to-decarbonizing-public-mobility-with-green-hydrogen\/#breadcrumb\",\"itemListElement\":[{\"@type\":\"ListItem\",\"position\":1,\"name\":\"Home\",\"item\":\"https:\/\/alj.com\/tr\/\"},{\"@type\":\"ListItem\",\"position\":2,\"name\":\"News\",\"item\":\"https:\/\/alj.com\/en\/news\/\"},{\"@type\":\"ListItem\",\"position\":3,\"name\":\"Abdul Latif Jameel Energy\u2019ye ait FRV \u015firketi ye\u015fil hidrojen ile toplu mobilitenin karbondan ar\u0131nd\u0131r\u0131lmas\u0131na katk\u0131da bulunuyor\"}]},{\"@type\":\"WebSite\",\"@id\":\"https:\/\/alj.com\/en\/#website\",\"url\":\"https:\/\/alj.com\/en\/\",\"name\":\"Abdul Latif Jameel\",\"description\":\"Abdul Latif Jameel\",\"potentialAction\":[{\"@type\":\"SearchAction\",\"target\":{\"@type\":\"EntryPoint\",\"urlTemplate\":\"https:\/\/alj.com\/en\/?s={search_term_string}\"},\"query-input\":\"required name=search_term_string\"}],\"inLanguage\":\"tr\"}]}<\/script>\n<!-- \/ Yoast SEO plugin. -->","yoast_head_json":{"title":"FRV \u015firketi ye\u015fil hidrojen ile toplu mobilitenin karbondan | Abdul Latif Jameel\u00ae","description":"Abdul Latif Jameel Energy\u2019ye ait FRV, Madrid Profesyonel Taksi Federasyonu taraf\u0131ndan desteklenen ve \u0130spanya\u2019n\u0131n ba\u015fkentinde gelecek birka\u00e7 y\u0131l boyunca 1.000\u2019den fazla taksi i\u00e7in yak\u0131t olarak kullan\u0131lacak ye\u015fil hidrojen \u00fcretimine y\u00f6nelik \u00e7\u0131\u011f\u0131r a\u00e7an bir projenin bir par\u00e7as\u0131d\u0131r.","robots":{"index":"index","follow":"follow","max-snippet":"max-snippet:-1","max-image-preview":"max-image-preview:large","max-video-preview":"max-video-preview:-1"},"canonical":"https:\/\/alj.com\/tr\/news\/abdul-latif-jameel-energys-frv-contributes-to-decarbonizing-public-mobility-with-green-hydrogen\/","og_locale":"tr_TR","og_type":"article","og_title":"FRV \u015firketi ye\u015fil hidrojen ile toplu mobilitenin karbondan | Abdul Latif Jameel\u00ae","og_description":"Abdul Latif Jameel Energy\u2019ye ait FRV, Madrid Profesyonel Taksi Federasyonu taraf\u0131ndan desteklenen ve \u0130spanya\u2019n\u0131n ba\u015fkentinde gelecek birka\u00e7 y\u0131l boyunca 1.000\u2019den fazla taksi i\u00e7in yak\u0131t olarak kullan\u0131lacak ye\u015fil hidrojen \u00fcretimine y\u00f6nelik \u00e7\u0131\u011f\u0131r a\u00e7an bir projenin bir par\u00e7as\u0131d\u0131r.","og_url":"https:\/\/alj.com\/tr\/news\/abdul-latif-jameel-energys-frv-contributes-to-decarbonizing-public-mobility-with-green-hydrogen\/","og_site_name":"Abdul Latif Jameel","article_publisher":"https:\/\/www.facebook.com\/Abdul.Latif.Jameel.Official","article_modified_time":"2021-06-06T06:27:41+00:00","og_image":[{"width":1650,"height":715,"url":"https:\/\/media.alj.com\/app\/uploads\/2021\/06\/Madrid-Taxi.jpg","type":"image\/jpeg"}],"twitter_card":"summary_large_image","twitter_misc":{"Est. reading time":"3 minutes"},"schema":{"@context":"https:\/\/schema.org","@graph":[{"@type":"WebPage","@id":"https:\/\/alj.com\/tr\/news\/abdul-latif-jameel-energys-frv-contributes-to-decarbonizing-public-mobility-with-green-hydrogen\/","url":"https:\/\/alj.com\/tr\/news\/abdul-latif-jameel-energys-frv-contributes-to-decarbonizing-public-mobility-with-green-hydrogen\/","name":"FRV \u015firketi ye\u015fil hidrojen ile toplu mobilitenin karbondan | Abdul Latif Jameel\u00ae","isPartOf":{"@id":"https:\/\/alj.com\/en\/#website"},"datePublished":"2021-06-03T10:44:54+00:00","dateModified":"2021-06-06T06:27:41+00:00","description":"Abdul Latif Jameel Energy\u2019ye ait FRV, Madrid Profesyonel Taksi Federasyonu taraf\u0131ndan desteklenen ve \u0130spanya\u2019n\u0131n ba\u015fkentinde gelecek birka\u00e7 y\u0131l boyunca 1.000\u2019den fazla taksi i\u00e7in yak\u0131t olarak kullan\u0131lacak ye\u015fil hidrojen \u00fcretimine y\u00f6nelik \u00e7\u0131\u011f\u0131r a\u00e7an bir projenin bir par\u00e7as\u0131d\u0131r.","breadcrumb":{"@id":"https:\/\/alj.com\/tr\/news\/abdul-latif-jameel-energys-frv-contributes-to-decarbonizing-public-mobility-with-green-hydrogen\/#breadcrumb"},"inLanguage":"tr","potentialAction":[{"@type":"ReadAction","target":["https:\/\/alj.com\/tr\/news\/abdul-latif-jameel-energys-frv-contributes-to-decarbonizing-public-mobility-with-green-hydrogen\/"]}]},{"@type":"BreadcrumbList","@id":"https:\/\/alj.com\/tr\/news\/abdul-latif-jameel-energys-frv-contributes-to-decarbonizing-public-mobility-with-green-hydrogen\/#breadcrumb","itemListElement":[{"@type":"ListItem","position":1,"name":"Home","item":"https:\/\/alj.com\/tr\/"},{"@type":"ListItem","position":2,"name":"News","item":"https:\/\/alj.com\/en\/news\/"},{"@type":"ListItem","position":3,"name":"Abdul Latif Jameel Energy\u2019ye ait FRV \u015firketi ye\u015fil hidrojen ile toplu mobilitenin karbondan ar\u0131nd\u0131r\u0131lmas\u0131na katk\u0131da bulunuyor"}]},{"@type":"WebSite","@id":"https:\/\/alj.com\/en\/#website","url":"https:\/\/alj.com\/en\/","name":"Abdul Latif Jameel","description":"Abdul Latif Jameel","potentialAction":[{"@type":"SearchAction","target":{"@type":"EntryPoint","urlTemplate":"https:\/\/alj.com\/en\/?s={search_term_string}"},"query-input":"required name=search_term_string"}],"inLanguage":"tr"}]}},"post-meta-fields":{"_alp_processed":["1622959770"],"_wpml_word_count":["{\"total\":671,\"to_translate\":{\"ar\":671,\"zh-hans\":671,\"fr\":671,\"ja\":671,\"es\":671,\"tr\":671}}"],"push_notification":["no"],"_push_notification":["field_5c3b1fb67034d"],"_wpml_media_featured":["1"],"_wpml_media_duplicate":["1"],"news_slider_short_title":["FRV \u015firketi ye\u015fil hidrojen ile toplu mobilitenin karbondan"],"news_summary":["<p>Abdul Latif Jameel Energy\u2019ye ait FRV, Madrid Profesyonel Taksi Federasyonu taraf\u0131ndan desteklenen ve \u0130spanya\u2019n\u0131n ba\u015fkentinde gelecek birka\u00e7 y\u0131l boyunca 1.000\u2019den fazla taksi i\u00e7in yak\u0131t olarak kullan\u0131lacak ye\u015fil hidrojen \u00fcretimine y\u00f6nelik \u00e7\u0131\u011f\u0131r a\u00e7an bir projenin bir par\u00e7as\u0131d\u0131r.<\/p>\n"],"news-location":["Madrid, \u0130spanya"],"wpcf-featured-news":["0"],"publish_mobile":["a:1:{i:0;s:3:\"yes\";}"],"_publish_mobile":["field_5bfa8eb2e65cf"],"mobile_featured_image":["https:\/\/media.alj.com\/app\/uploads\/2021\/06\/Madrid-Taxi.jpg"],"_mobile_featured_image":["field_5c3b204983dea"],"_yoast_wpseo_primary_newscategory":["149"],"_wpcf-card-image-sort-order":["a:1:{i:0;i:989870;}"],"_bsf_post_type":["0"],"_bsf_item_review_type":["none"],"_yoast_wpseo_title":["FRV \u015firketi ye\u015fil hidrojen ile toplu mobilitenin karbondan | Abdul Latif Jameel\u00ae"],"_yoast_wpseo_metadesc":["Abdul Latif Jameel Energy\u2019ye ait FRV, Madrid Profesyonel Taksi Federasyonu taraf\u0131ndan desteklenen ve \u0130spanya\u2019n\u0131n ba\u015fkentinde gelecek birka\u00e7 y\u0131l boyunca 1.000\u2019den fazla taksi i\u00e7in yak\u0131t olarak kullan\u0131lacak ye\u015fil hidrojen \u00fcretimine y\u00f6nelik \u00e7\u0131\u011f\u0131r a\u00e7an bir projenin bir par\u00e7as\u0131d\u0131r."],"_yoast_wpseo_content_score":["30"],"post_views_count_2021Jun":["5"],"_thumbnail_id":["89259"],"_last_translation_edit_mode":["native-editor"],"news_business_sector":["Enerji ve \u00c7evre Hizmetleri"],"wpcf-show-at-homepage-first-sec-secondary-slider":["1"],"wpcf-card-image":[""],"wpcf-news-publish_date":["1622678400"],"post_views_count_2021Jul":["19"],"post_views_total_count":["19"]},"_links":{"self":[{"href":"https:\/\/alj.com\/tr\/wp-json\/wp\/v2\/news\/89288"}],"collection":[{"href":"https:\/\/alj.com\/tr\/wp-json\/wp\/v2\/news"}],"about":[{"href":"https:\/\/alj.com\/tr\/wp-json\/wp\/v2\/types\/news"}],"wp:featuredmedia":[{"embeddable":true,"href":"https:\/\/alj.com\/tr\/wp-json\/wp\/v2\/media\/89259"}],"wp:attachment":[{"href":"https:\/\/alj.com\/tr\/wp-json\/wp\/v2\/media?parent=89288"}],"wp:term":[{"taxonomy":"post_tag","embeddable":true,"href":"https:\/\/alj.com\/tr\/wp-json\/wp\/v2\/tags?post=89288"},{"taxonomy":"newscategory","embeddable":true,"href":"https:\/\/alj.com\/tr\/wp-json\/wp\/v2\/newscategory?post=89288"}],"curies":[{"name":"wp","href":"https:\/\/api.w.org\/{rel}","templated":true}]}}